

{"id":69759,"date":"2018-12-04T10:10:38","date_gmt":"2018-12-04T12:10:38","guid":{"rendered":" https:\/\/goias.gov.br\/policiacivil\/?p=69759"},"modified":"2018-12-04T10:12:04","modified_gmt":"2018-12-04T12:12:04","slug":"delegadas-da-mulher-de-goias-participam-de-seminario-internacional-sobre-violencia-domestica","status":"publish","type":"post","link":"https:\/\/goias.gov.br\/policiacivil\/delegadas-da-mulher-de-goias-participam-de-seminario-internacional-sobre-violencia-domestica\/","title":{"rendered":"Delegadas da Mulher de Goi\u00e1s participam de semin\u00e1rio internacional sobre viol\u00eancia dom\u00e9stica"},"content":{"rendered":"<p style=\"text-align: justify;\"><a href=\" https:\/\/goias.gov.br\/policiacivil\/wp-content\/uploads\/sites\/71\/2018\/12\/seminario-1.jpg\"><img fetchpriority=\"high\" decoding=\"async\" class=\"alignleft wp-image-69764\" src=\" https:\/\/goias.gov.br\/policiacivil\/wp-content\/uploads\/sites\/71\/2018\/12\/seminario-1.jpg\" alt=\"\" width=\"316\" height=\"258\" \/><\/a>As delegadas titulares das Delegacias Especializadas no Atendimento \u00e0 Mulher de Goi\u00e2nia e Formosa, Ana Elisa Gomes Martins e Fernanda Lima, participar\u00e3o, no dia 5 de dezembro, do II Semin\u00e1rio Internacional Brasil-Uni\u00e3o Europeia &#8211; Caminhos para a Preven\u00e7\u00e3o da Viol\u00eancia Dom\u00e9stica Contra a Mulher, que ocorrer\u00e1 na sede do Conselho Nacional do Minist\u00e9rio P\u00fablico, em Bras\u00edlia. O evento busca identificar as possibilidades de atua\u00e7\u00e3o do Minist\u00e9rio P\u00fablico brasileiro no combate \u00e0 viol\u00eancia dom\u00e9stica, considerando a experi\u00eancia dos pa\u00edses da Uni\u00e3o Europeia.<\/p>\n<p style=\"text-align: justify;\">A Presidente do CNMP e Procuradora Geral da Rep\u00fablica, Raquel Dodge; o Presidente do STF e do CNJ, Dias Toffoli; o Ministro das Rela\u00e7\u00f5es Exteriores, Aloysio Nunes; o Ministro de Direitos Humanos, Gustavo Rocha; entre outra autoridades, participar\u00e3o da abertura do evento. Entre palestras e pain\u00e9is, a programa\u00e7\u00e3o inclui ainda a assinatura do acordo de coopera\u00e7\u00e3o entre CNMP, CNJ e MDH para a implementa\u00e7\u00e3o do Formul\u00e1rio Nacional de Risco e Prote\u00e7\u00e3o \u00e0 Vida (Frida), importante instrumento para o melhor atendimento de mulheres em situa\u00e7\u00e3o de viol\u00eancia dom\u00e9stica e\/ou familiar.<\/p>\n","protected":false},"excerpt":{"rendered":"<p>As delegadas titulares das Delegacias Especializadas no Atendimento \u00e0 Mulher de Goi\u00e2nia e Formosa, Ana Elisa Gomes Martins e Fernanda Lima, participar\u00e3o, no dia 5 de dezembro, do II Semin\u00e1rio Internacional Brasil-Uni\u00e3o Europeia &#8211; Caminhos para a Preven\u00e7\u00e3o da Viol\u00eancia Dom\u00e9stica Contra a Mulher, que ocorrer\u00e1 na sede do Conselho Nacional do Minist\u00e9rio P\u00fablico, em [&hellip;]<\/p>\n","protected":false},"author":23,"featured_media":69764,"comment_status":"closed","ping_status":"closed","sticky":false,"template":"","format":"standard","meta":{"footnotes":""},"categories":[92,537],"tags":[3408,848,3222,2646,255,183],"class_list":["post-69759","post","type-post","status-publish","format-standard","has-post-thumbnail","hentry","category-especializadas","category-ultimo-segundo","tag-ana-elisa","tag-deam","tag-fernanda","tag-lima","tag-mulher","tag-violencia"],"rttpg_featured_image_url":{"full":["https:\/\/goias.gov.br\/policiacivil\/wp-content\/uploads\/sites\/71\/2018\/12\/seminario-1.jpg",424,346,false],"landscape":["https:\/\/goias.gov.br\/policiacivil\/wp-content\/uploads\/sites\/71\/2018\/12\/seminario-1.jpg",424,346,false],"portraits":["https:\/\/goias.gov.br\/policiacivil\/wp-content\/uploads\/sites\/71\/2018\/12\/seminario-1.jpg",424,346,false],"thumbnail":["https:\/\/goias.gov.br\/policiacivil\/wp-content\/uploads\/sites\/71\/2018\/12\/seminario-1-300x300.jpg",150,150,true],"medium":["https:\/\/goias.gov.br\/policiacivil\/wp-content\/uploads\/sites\/71\/2018\/12\/seminario-1.jpg",300,245,false],"large":["https:\/\/goias.gov.br\/policiacivil\/wp-content\/uploads\/sites\/71\/2018\/12\/seminario-1.jpg",424,346,false],"1536x1536":["https:\/\/goias.gov.br\/policiacivil\/wp-content\/uploads\/sites\/71\/2018\/12\/seminario-1.jpg",424,346,false],"2048x2048":["https:\/\/goias.gov.br\/policiacivil\/wp-content\/uploads\/sites\/71\/2018\/12\/seminario-1.jpg",424,346,false]},"rttpg_author":{"display_name":"claudiacury","author_link":"https:\/\/goias.gov.br\/policiacivil\/author\/claudiacury\/"},"rttpg_comment":0,"rttpg_category":"<a href=\"https:\/\/goias.gov.br\/policiacivil\/categoria\/delegacias\/especializadas\/\" rel=\"category tag\">Especializadas<\/a> <a href=\"https:\/\/goias.gov.br\/policiacivil\/categoria\/ultimo-segundo\/\" rel=\"category tag\">\u00daltimo Segundo<\/a>","rttpg_excerpt":"As delegadas titulares das Delegacias Especializadas no Atendimento \u00e0 Mulher de Goi\u00e2nia e Formosa, Ana Elisa Gomes Martins e Fernanda Lima, participar\u00e3o, no dia 5 de dezembro, do II Semin\u00e1rio Internacional Brasil-Uni\u00e3o Europeia &#8211; Caminhos para a Preven\u00e7\u00e3o da Viol\u00eancia Dom\u00e9stica Contra a Mulher, que ocorrer\u00e1 na sede do Conselho Nacional do Minist\u00e9rio P\u00fablico, em&hellip;","_links":{"self":[{"href":"https:\/\/goias.gov.br\/policiacivil\/wp-json\/wp\/v2\/posts\/69759","targetHints":{"allow":["GET"]}}],"collection":[{"href":"https:\/\/goias.gov.br\/policiacivil\/wp-json\/wp\/v2\/posts"}],"about":[{"href":"https:\/\/goias.gov.br\/policiacivil\/wp-json\/wp\/v2\/types\/post"}],"author":[{"embeddable":true,"href":"https:\/\/goias.gov.br\/policiacivil\/wp-json\/wp\/v2\/users\/23"}],"replies":[{"embeddable":true,"href":"https:\/\/goias.gov.br\/policiacivil\/wp-json\/wp\/v2\/comments?post=69759"}],"version-history":[{"count":0,"href":"https:\/\/goias.gov.br\/policiacivil\/wp-json\/wp\/v2\/posts\/69759\/revisions"}],"wp:featuredmedia":[{"embeddable":true,"href":"https:\/\/goias.gov.br\/policiacivil\/wp-json\/wp\/v2\/media\/69764"}],"wp:attachment":[{"href":"https:\/\/goias.gov.br\/policiacivil\/wp-json\/wp\/v2\/media?parent=69759"}],"wp:term":[{"taxonomy":"category","embeddable":true,"href":"https:\/\/goias.gov.br\/policiacivil\/wp-json\/wp\/v2\/categories?post=69759"},{"taxonomy":"post_tag","embeddable":true,"href":"https:\/\/goias.gov.br\/policiacivil\/wp-json\/wp\/v2\/tags?post=69759"}],"curies":[{"name":"wp","href":"https:\/\/api.w.org\/{rel}","templated":true}]}}