

{"id":69639,"date":"2018-11-26T11:14:10","date_gmt":"2018-11-26T13:14:10","guid":{"rendered":" https:\/\/goias.gov.br\/policiacivil\/?p=69639"},"modified":"2018-11-26T11:14:10","modified_gmt":"2018-11-26T13:14:10","slug":"diretoria-da-pcgo-discute-medidas-para-reducao-da-criminalidade-em-itaberai","status":"publish","type":"post","link":"https:\/\/goias.gov.br\/policiacivil\/diretoria-da-pcgo-discute-medidas-para-reducao-da-criminalidade-em-itaberai\/","title":{"rendered":"Diretoria da PCGO discute medidas para redu\u00e7\u00e3o da criminalidade em Itabera\u00ed"},"content":{"rendered":"<p style=\"text-align: justify;\"><a href=\" https:\/\/goias.gov.br\/policiacivil\/wp-content\/uploads\/sites\/71\/2018\/11\/whatsapp-image-2018-11-26-at-10.41.51-e1543237961311.jpeg\"><img fetchpriority=\"high\" decoding=\"async\" class=\"alignnone size-full wp-image-69641\" src=\" https:\/\/goias.gov.br\/policiacivil\/wp-content\/uploads\/sites\/71\/2018\/11\/whatsapp-image-2018-11-26-at-10.41.51-e1543237961311.jpeg\" alt=\"\" width=\"830\" height=\"576\" srcset=\"https:\/\/goias.gov.br\/policiacivil\/wp-content\/uploads\/sites\/71\/2018\/11\/whatsapp-image-2018-11-26-at-10.41.51-e1543237961311.jpeg 830w, https:\/\/goias.gov.br\/policiacivil\/wp-content\/uploads\/sites\/71\/2018\/11\/whatsapp-image-2018-11-26-at-10.41.51-e1543237961311-500x347.jpeg 500w, https:\/\/goias.gov.br\/policiacivil\/wp-content\/uploads\/sites\/71\/2018\/11\/whatsapp-image-2018-11-26-at-10.41.51-e1543237961311-768x533.jpeg 768w, https:\/\/goias.gov.br\/policiacivil\/wp-content\/uploads\/sites\/71\/2018\/11\/whatsapp-image-2018-11-26-at-10.41.51-e1543237961311-100x70.jpeg 100w, https:\/\/goias.gov.br\/policiacivil\/wp-content\/uploads\/sites\/71\/2018\/11\/whatsapp-image-2018-11-26-at-10.41.51-e1543237961311-200x140.jpeg 200w, https:\/\/goias.gov.br\/policiacivil\/wp-content\/uploads\/sites\/71\/2018\/11\/whatsapp-image-2018-11-26-at-10.41.51-e1543237961311-218x150.jpeg 218w, https:\/\/goias.gov.br\/policiacivil\/wp-content\/uploads\/sites\/71\/2018\/11\/whatsapp-image-2018-11-26-at-10.41.51-e1543237961311-696x483.jpeg 696w, https:\/\/goias.gov.br\/policiacivil\/wp-content\/uploads\/sites\/71\/2018\/11\/whatsapp-image-2018-11-26-at-10.41.51-e1543237961311-605x420.jpeg 605w\" sizes=\"(max-width: 830px) 100vw, 830px\" \/><\/a>O delegado-geral da Pol\u00edcia Civil de Goi\u00e1s, Andr\u00e9 Fernandes, o delegado-geral adjunto, Reinaldo Koshiyama e o superintendente de Pol\u00edcia Judici\u00e1ria, delegado Andr\u00e9 Ganga, receberam o titular da 4\u00aa Delegacia Regional de Pol\u00edcia (DRP), Manuel Leandro, a delegada titular da Delegacia de Pol\u00edcia (DP) de Itabera\u00ed, Josy Alves de Sousa Guimar\u00e3es, e o sub-comandante da Pol\u00edcia Miliar de Goi\u00e1s, tenente-coronel Ricardo Rocha, na manh\u00e3 desta segunda-feira (26). O objetivo da reuni\u00e3o foi a ado\u00e7\u00e3o de medidas para o combate \u00e0 criminalidade nesse munic\u00edpio.<\/p>\n","protected":false},"excerpt":{"rendered":"<p>O delegado-geral da Pol\u00edcia Civil de Goi\u00e1s, Andr\u00e9 Fernandes, o delegado-geral adjunto, Reinaldo Koshiyama e o superintendente de Pol\u00edcia Judici\u00e1ria, delegado Andr\u00e9 Ganga, receberam o titular da 4\u00aa Delegacia Regional de Pol\u00edcia (DRP), Manuel Leandro, a delegada titular da Delegacia de Pol\u00edcia (DP) de Itabera\u00ed, Josy Alves de Sousa Guimar\u00e3es, e o sub-comandante da Pol\u00edcia [&hellip;]<\/p>\n","protected":false},"author":23,"featured_media":69642,"comment_status":"closed","ping_status":"closed","sticky":false,"template":"","format":"standard","meta":{"footnotes":""},"categories":[3191,89,537],"tags":[179,568,251],"class_list":["post-69639","post","type-post","status-publish","format-standard","has-post-thumbnail","hentry","category-4a-regional","category-regionais","category-ultimo-segundo","tag-criminalidade","tag-itaberai","tag-reducao"],"rttpg_featured_image_url":{"full":["https:\/\/goias.gov.br\/policiacivil\/wp-content\/uploads\/sites\/71\/2018\/11\/whatsapp-image-2018-11-26-at-10.41.52.jpeg",1068,801,false],"landscape":["https:\/\/goias.gov.br\/policiacivil\/wp-content\/uploads\/sites\/71\/2018\/11\/whatsapp-image-2018-11-26-at-10.41.52.jpeg",1068,801,false],"portraits":["https:\/\/goias.gov.br\/policiacivil\/wp-content\/uploads\/sites\/71\/2018\/11\/whatsapp-image-2018-11-26-at-10.41.52.jpeg",1068,801,false],"thumbnail":["https:\/\/goias.gov.br\/policiacivil\/wp-content\/uploads\/sites\/71\/2018\/11\/whatsapp-image-2018-11-26-at-10.41.52-300x300.jpeg",150,150,true],"medium":["https:\/\/goias.gov.br\/policiacivil\/wp-content\/uploads\/sites\/71\/2018\/11\/whatsapp-image-2018-11-26-at-10.41.52-500x375.jpeg",300,225,true],"large":["https:\/\/goias.gov.br\/policiacivil\/wp-content\/uploads\/sites\/71\/2018\/11\/whatsapp-image-2018-11-26-at-10.41.52-1068x801.jpeg",1024,768,true],"1536x1536":["https:\/\/goias.gov.br\/policiacivil\/wp-content\/uploads\/sites\/71\/2018\/11\/whatsapp-image-2018-11-26-at-10.41.52.jpeg",1068,801,false],"2048x2048":["https:\/\/goias.gov.br\/policiacivil\/wp-content\/uploads\/sites\/71\/2018\/11\/whatsapp-image-2018-11-26-at-10.41.52.jpeg",1068,801,false]},"rttpg_author":{"display_name":"claudiacury","author_link":"https:\/\/goias.gov.br\/policiacivil\/author\/claudiacury\/"},"rttpg_comment":0,"rttpg_category":"<a href=\"https:\/\/goias.gov.br\/policiacivil\/categoria\/drp\/4a-regional\/\" rel=\"category tag\">4\u00aa Regional<\/a> <a href=\"https:\/\/goias.gov.br\/policiacivil\/categoria\/delegacias\/regionais\/\" rel=\"category tag\">Regionais<\/a> <a href=\"https:\/\/goias.gov.br\/policiacivil\/categoria\/ultimo-segundo\/\" rel=\"category tag\">\u00daltimo Segundo<\/a>","rttpg_excerpt":"O delegado-geral da Pol\u00edcia Civil de Goi\u00e1s, Andr\u00e9 Fernandes, o delegado-geral adjunto, Reinaldo Koshiyama e o superintendente de Pol\u00edcia Judici\u00e1ria, delegado Andr\u00e9 Ganga, receberam o titular da 4\u00aa Delegacia Regional de Pol\u00edcia (DRP), Manuel Leandro, a delegada titular da Delegacia de Pol\u00edcia (DP) de Itabera\u00ed, Josy Alves de Sousa Guimar\u00e3es, e o sub-comandante da Pol\u00edcia&hellip;","_links":{"self":[{"href":"https:\/\/goias.gov.br\/policiacivil\/wp-json\/wp\/v2\/posts\/69639","targetHints":{"allow":["GET"]}}],"collection":[{"href":"https:\/\/goias.gov.br\/policiacivil\/wp-json\/wp\/v2\/posts"}],"about":[{"href":"https:\/\/goias.gov.br\/policiacivil\/wp-json\/wp\/v2\/types\/post"}],"author":[{"embeddable":true,"href":"https:\/\/goias.gov.br\/policiacivil\/wp-json\/wp\/v2\/users\/23"}],"replies":[{"embeddable":true,"href":"https:\/\/goias.gov.br\/policiacivil\/wp-json\/wp\/v2\/comments?post=69639"}],"version-history":[{"count":0,"href":"https:\/\/goias.gov.br\/policiacivil\/wp-json\/wp\/v2\/posts\/69639\/revisions"}],"wp:featuredmedia":[{"embeddable":true,"href":"https:\/\/goias.gov.br\/policiacivil\/wp-json\/wp\/v2\/media\/69642"}],"wp:attachment":[{"href":"https:\/\/goias.gov.br\/policiacivil\/wp-json\/wp\/v2\/media?parent=69639"}],"wp:term":[{"taxonomy":"category","embeddable":true,"href":"https:\/\/goias.gov.br\/policiacivil\/wp-json\/wp\/v2\/categories?post=69639"},{"taxonomy":"post_tag","embeddable":true,"href":"https:\/\/goias.gov.br\/policiacivil\/wp-json\/wp\/v2\/tags?post=69639"}],"curies":[{"name":"wp","href":"https:\/\/api.w.org\/{rel}","templated":true}]}}