

{"id":68311,"date":"2018-08-31T11:54:23","date_gmt":"2018-08-31T14:54:23","guid":{"rendered":" https:\/\/goias.gov.br\/policiacivil\/?p=68311"},"modified":"2018-08-31T11:54:23","modified_gmt":"2018-08-31T14:54:23","slug":"genarc-de-anapolis-recupera-carro-furtado-em-abadiania-e-encontra-drogas-e-arma-no-local-onde-veiculo-estava","status":"publish","type":"post","link":"https:\/\/goias.gov.br\/policiacivil\/genarc-de-anapolis-recupera-carro-furtado-em-abadiania-e-encontra-drogas-e-arma-no-local-onde-veiculo-estava\/","title":{"rendered":"Genarc de An\u00e1polis recupera carro furtado em Abadi\u00e2nia e encontra drogas e arma no local onde ve\u00edculo estava"},"content":{"rendered":"<p style=\"text-align: justify;\"><a href=\" https:\/\/goias.gov.br\/policiacivil\/wp-content\/uploads\/sites\/71\/2018\/08\/whatsapp-image-2018-08-31-at-07.02.45-e1535727095409.jpeg\"><img decoding=\"async\" class=\" wp-image-68312 alignleft\" src=\" https:\/\/goias.gov.br\/policiacivil\/wp-content\/uploads\/sites\/71\/2018\/08\/whatsapp-image-2018-08-31-at-07.02.45-e1535727095409.jpeg\" alt=\"\" width=\"209\" height=\"169\" srcset=\"https:\/\/goias.gov.br\/policiacivil\/wp-content\/uploads\/sites\/71\/2018\/08\/whatsapp-image-2018-08-31-at-07.02.45-e1535727095409.jpeg 872w, https:\/\/goias.gov.br\/policiacivil\/wp-content\/uploads\/sites\/71\/2018\/08\/whatsapp-image-2018-08-31-at-07.02.45-e1535727095409-500x405.jpeg 500w, https:\/\/goias.gov.br\/policiacivil\/wp-content\/uploads\/sites\/71\/2018\/08\/whatsapp-image-2018-08-31-at-07.02.45-e1535727095409-768x622.jpeg 768w, https:\/\/goias.gov.br\/policiacivil\/wp-content\/uploads\/sites\/71\/2018\/08\/whatsapp-image-2018-08-31-at-07.02.45-e1535727095409-696x564.jpeg 696w, https:\/\/goias.gov.br\/policiacivil\/wp-content\/uploads\/sites\/71\/2018\/08\/whatsapp-image-2018-08-31-at-07.02.45-e1535727095409-519x420.jpeg 519w\" sizes=\"(max-width: 209px) 100vw, 209px\" \/><\/a>O Grupo Especial de Repress\u00e3o a Narc\u00f3ticos (Genarc) de An\u00e1polis, com apoio de policiais militares do 4\u00ba Batalh\u00e3o Municipal da PM (BPM), prendeu dois traficantes surpreendidos em posse de entorpecentes e de um ve\u00edculo roubado. A a\u00e7\u00e3o se deu na noite de quinta-feira (30).<\/p>\n<p style=\"text-align: justify;\">Os investigadores do grupo especializado tomaram conhecimento de que um ve\u00edculo Hyundai Creta de cor prata roubado em Abadi\u00e2nia no dia 25 deste m\u00eas estaria em An\u00e1polis. Ao final do dia, o automotor foi visto na Avenida Pedro Ludovico ao dirigir-se a um estacionamento de um condom\u00ednio residencial.<\/p>\n<p style=\"text-align: justify;\"><a href=\" https:\/\/goias.gov.br\/policiacivil\/wp-content\/uploads\/sites\/71\/2018\/08\/whatsapp-image-2018-08-31-at-07.02.461-e1535727120971.jpeg\"><img decoding=\"async\" class=\" wp-image-68313 alignright\" src=\" https:\/\/goias.gov.br\/policiacivil\/wp-content\/uploads\/sites\/71\/2018\/08\/whatsapp-image-2018-08-31-at-07.02.461-e1535727120971.jpeg\" alt=\"\" width=\"208\" height=\"98\" srcset=\"https:\/\/goias.gov.br\/policiacivil\/wp-content\/uploads\/sites\/71\/2018\/08\/whatsapp-image-2018-08-31-at-07.02.461-e1535727120971.jpeg 975w, https:\/\/goias.gov.br\/policiacivil\/wp-content\/uploads\/sites\/71\/2018\/08\/whatsapp-image-2018-08-31-at-07.02.461-e1535727120971-500x235.jpeg 500w, https:\/\/goias.gov.br\/policiacivil\/wp-content\/uploads\/sites\/71\/2018\/08\/whatsapp-image-2018-08-31-at-07.02.461-e1535727120971-970x459.jpeg 970w, https:\/\/goias.gov.br\/policiacivil\/wp-content\/uploads\/sites\/71\/2018\/08\/whatsapp-image-2018-08-31-at-07.02.461-e1535727120971-892x420.jpeg 892w, https:\/\/goias.gov.br\/policiacivil\/wp-content\/uploads\/sites\/71\/2018\/08\/whatsapp-image-2018-08-31-at-07.02.461-e1535727120971-768x362.jpeg 768w, https:\/\/goias.gov.br\/policiacivil\/wp-content\/uploads\/sites\/71\/2018\/08\/whatsapp-image-2018-08-31-at-07.02.461-e1535727120971-696x328.jpeg 696w\" sizes=\"(max-width: 208px) 100vw, 208px\" \/><\/a>Em seguida, com o apoio de policiais grupo B do plant\u00e3o e de policiais militares do 4.\u00ba BPM, foi realizado adentramento no local, onde o ve\u00edculo foi. Tamb\u00e9m foram encontradas por\u00e7\u00f5es de droga e um rev\u00f3lver calibre 38 com 5 muni\u00e7\u00f5es. No local, foram presos Vinicius Oliveira Fernandes e Saint Clair C\u00e9sar Resende, ambos autuados pelos crimes de recepta\u00e7\u00e3o e posse de arma de fogo de uso permitido.<\/p>\n<p><a href=\" https:\/\/goias.gov.br\/policiacivil\/wp-content\/uploads\/sites\/71\/2018\/08\/whatsapp-image-2018-08-31-at-07.02.46-e1535727144957.jpeg\"><img fetchpriority=\"high\" decoding=\"async\" class=\"alignnone size-full wp-image-68314\" src=\" https:\/\/goias.gov.br\/policiacivil\/wp-content\/uploads\/sites\/71\/2018\/08\/whatsapp-image-2018-08-31-at-07.02.46-e1535727144957.jpeg\" alt=\"\" width=\"864\" height=\"626\" srcset=\"https:\/\/goias.gov.br\/policiacivil\/wp-content\/uploads\/sites\/71\/2018\/08\/whatsapp-image-2018-08-31-at-07.02.46-e1535727144957.jpeg 864w, https:\/\/goias.gov.br\/policiacivil\/wp-content\/uploads\/sites\/71\/2018\/08\/whatsapp-image-2018-08-31-at-07.02.46-e1535727144957-500x362.jpeg 500w, https:\/\/goias.gov.br\/policiacivil\/wp-content\/uploads\/sites\/71\/2018\/08\/whatsapp-image-2018-08-31-at-07.02.46-e1535727144957-768x556.jpeg 768w, https:\/\/goias.gov.br\/policiacivil\/wp-content\/uploads\/sites\/71\/2018\/08\/whatsapp-image-2018-08-31-at-07.02.46-e1535727144957-324x235.jpeg 324w, https:\/\/goias.gov.br\/policiacivil\/wp-content\/uploads\/sites\/71\/2018\/08\/whatsapp-image-2018-08-31-at-07.02.46-e1535727144957-648x470.jpeg 648w, https:\/\/goias.gov.br\/policiacivil\/wp-content\/uploads\/sites\/71\/2018\/08\/whatsapp-image-2018-08-31-at-07.02.46-e1535727144957-696x504.jpeg 696w, https:\/\/goias.gov.br\/policiacivil\/wp-content\/uploads\/sites\/71\/2018\/08\/whatsapp-image-2018-08-31-at-07.02.46-e1535727144957-580x420.jpeg 580w\" sizes=\"(max-width: 864px) 100vw, 864px\" \/><\/a><\/p>\n","protected":false},"excerpt":{"rendered":"<p>O Grupo Especial de Repress\u00e3o a Narc\u00f3ticos (Genarc) de An\u00e1polis, com apoio de policiais militares do 4\u00ba Batalh\u00e3o Municipal da PM (BPM), prendeu dois traficantes surpreendidos em posse de entorpecentes e de um ve\u00edculo roubado. A a\u00e7\u00e3o se deu na noite de quinta-feira (30). Os investigadores do grupo especializado tomaram conhecimento de que um ve\u00edculo [&hellip;]<\/p>\n","protected":false},"author":23,"featured_media":68314,"comment_status":"closed","ping_status":"closed","sticky":false,"template":"","format":"standard","meta":{"footnotes":""},"categories":[3190,6069,89],"tags":[31,3220,6265,314,30],"class_list":["post-68311","post","type-post","status-publish","format-standard","has-post-thumbnail","hentry","category-3a-regional","category-noticias-da-policia-civil","category-regionais","tag-anapolis","tag-arma","tag-carro-furtado","tag-drogas","tag-genarc"],"rttpg_featured_image_url":{"full":["https:\/\/goias.gov.br\/policiacivil\/wp-content\/uploads\/sites\/71\/2018\/08\/whatsapp-image-2018-08-31-at-07.02.46-e1535727144957.jpeg",864,626,false],"landscape":["https:\/\/goias.gov.br\/policiacivil\/wp-content\/uploads\/sites\/71\/2018\/08\/whatsapp-image-2018-08-31-at-07.02.46-e1535727144957.jpeg",864,626,false],"portraits":["https:\/\/goias.gov.br\/policiacivil\/wp-content\/uploads\/sites\/71\/2018\/08\/whatsapp-image-2018-08-31-at-07.02.46-e1535727144957.jpeg",864,626,false],"thumbnail":["https:\/\/goias.gov.br\/policiacivil\/wp-content\/uploads\/sites\/71\/2018\/08\/whatsapp-image-2018-08-31-at-07.02.46-e1535727144957-300x300.jpeg",150,150,true],"medium":["https:\/\/goias.gov.br\/policiacivil\/wp-content\/uploads\/sites\/71\/2018\/08\/whatsapp-image-2018-08-31-at-07.02.46-e1535727144957-500x362.jpeg",300,217,true],"large":["https:\/\/goias.gov.br\/policiacivil\/wp-content\/uploads\/sites\/71\/2018\/08\/whatsapp-image-2018-08-31-at-07.02.46-e1535727144957.jpeg",864,626,false],"1536x1536":["https:\/\/goias.gov.br\/policiacivil\/wp-content\/uploads\/sites\/71\/2018\/08\/whatsapp-image-2018-08-31-at-07.02.46-e1535727144957.jpeg",864,626,false],"2048x2048":["https:\/\/goias.gov.br\/policiacivil\/wp-content\/uploads\/sites\/71\/2018\/08\/whatsapp-image-2018-08-31-at-07.02.46-e1535727144957.jpeg",864,626,false]},"rttpg_author":{"display_name":"claudiacury","author_link":"https:\/\/goias.gov.br\/policiacivil\/author\/claudiacury\/"},"rttpg_comment":0,"rttpg_category":"<a href=\"https:\/\/goias.gov.br\/policiacivil\/categoria\/drp\/3a-regional\/\" rel=\"category tag\">3\u00aa Regional<\/a> <a href=\"https:\/\/goias.gov.br\/policiacivil\/categoria\/noticias\/noticias-da-policia-civil\/\" rel=\"category tag\">Not\u00edcias da Pol\u00edcia Civil<\/a> <a href=\"https:\/\/goias.gov.br\/policiacivil\/categoria\/delegacias\/regionais\/\" rel=\"category tag\">Regionais<\/a>","rttpg_excerpt":"O Grupo Especial de Repress\u00e3o a Narc\u00f3ticos (Genarc) de An\u00e1polis, com apoio de policiais militares do 4\u00ba Batalh\u00e3o Municipal da PM (BPM), prendeu dois traficantes surpreendidos em posse de entorpecentes e de um ve\u00edculo roubado. A a\u00e7\u00e3o se deu na noite de quinta-feira (30). Os investigadores do grupo especializado tomaram conhecimento de que um ve\u00edculo&hellip;","_links":{"self":[{"href":"https:\/\/goias.gov.br\/policiacivil\/wp-json\/wp\/v2\/posts\/68311","targetHints":{"allow":["GET"]}}],"collection":[{"href":"https:\/\/goias.gov.br\/policiacivil\/wp-json\/wp\/v2\/posts"}],"about":[{"href":"https:\/\/goias.gov.br\/policiacivil\/wp-json\/wp\/v2\/types\/post"}],"author":[{"embeddable":true,"href":"https:\/\/goias.gov.br\/policiacivil\/wp-json\/wp\/v2\/users\/23"}],"replies":[{"embeddable":true,"href":"https:\/\/goias.gov.br\/policiacivil\/wp-json\/wp\/v2\/comments?post=68311"}],"version-history":[{"count":0,"href":"https:\/\/goias.gov.br\/policiacivil\/wp-json\/wp\/v2\/posts\/68311\/revisions"}],"wp:featuredmedia":[{"embeddable":true,"href":"https:\/\/goias.gov.br\/policiacivil\/wp-json\/wp\/v2\/media\/68314"}],"wp:attachment":[{"href":"https:\/\/goias.gov.br\/policiacivil\/wp-json\/wp\/v2\/media?parent=68311"}],"wp:term":[{"taxonomy":"category","embeddable":true,"href":"https:\/\/goias.gov.br\/policiacivil\/wp-json\/wp\/v2\/categories?post=68311"},{"taxonomy":"post_tag","embeddable":true,"href":"https:\/\/goias.gov.br\/policiacivil\/wp-json\/wp\/v2\/tags?post=68311"}],"curies":[{"name":"wp","href":"https:\/\/api.w.org\/{rel}","templated":true}]}}