

{"id":67728,"date":"2018-08-17T17:51:34","date_gmt":"2018-08-17T20:51:34","guid":{"rendered":" https:\/\/goias.gov.br\/policiacivil\/?p=67728"},"modified":"2018-08-17T17:51:34","modified_gmt":"2018-08-17T20:51:34","slug":"goianesia-homem-descumpre-medida-protetiva-e-e-preso-novamente-um-dia-apos-ser-solto","status":"publish","type":"post","link":"https:\/\/goias.gov.br\/policiacivil\/goianesia-homem-descumpre-medida-protetiva-e-e-preso-novamente-um-dia-apos-ser-solto\/","title":{"rendered":"Goian\u00e9sia: Homem descumpre medida protetiva e \u00e9 preso novamente um dia ap\u00f3s ser solto"},"content":{"rendered":"<p style=\"text-align: justify;\">Um homem de 41 anos foi preso em flagrante nesta quinta-feira (16\/08) por policiais civis da Deam (Delegacia Especializada no Atendimento \u00e0 Mulher) de Goian\u00e9sia apenas um dia ap\u00f3s ser solto. Ele descumpriu medida protetiva ao telefonar para a ex-companheira logo ap\u00f3s deixar a pris\u00e3o.<\/p>\n<p style=\"text-align: justify;\">De acordo com a delegada Poliana Bergamo, o agressor havia sido preso inicialmente no dia 12 de agosto de 2017, ap\u00f3s amea\u00e7ar a v\u00edtima de morte com uma faca e agredi-la fisicamente. &#8220;Naquela ocasi\u00e3o, a mulher solicitou medidas protetivas de urg\u00eancia, mas o homem n\u00e3o obedeceu a ordem judicial e foi preso no dia 27 de maio deste ano, depois de fazer amea\u00e7as contra a ex&#8221;, explicou.<\/p>\n<p style=\"text-align: justify;\">O agressor ficou preso at\u00e9 a \u00faltima ter\u00e7a-feira, quando lhe foi concedida liberdade provis\u00f3ria com monitoramento eletr\u00f4nico. No entanto, um dia ap\u00f3s sair do pres\u00eddio, ele ligou para o telefone da v\u00edtima, descumprindo mais uma vez a medida protetiva de urg\u00eancia. A mulher procurou a Deam na quinta-feira e informou os fatos. &#8220;Prontamente os policiais civis Elton Alexsandre, Renata Raffs e Luciano Fonceca iniciaram dilig\u00eancias e prenderam o agressor&#8221;, afirmou a delegada.<\/p>\n<p style=\"text-align: justify;\">Poliana autuou o acusado em flagrante pelo crime previsto no Art. 24-A da Lei Maria da Penha e explicou: \u201cO descumprimento das Medidas Protetivas de Urg\u00eancia, previstas na Lei Maria da Penha, \u00e9 algo ser\u00edssimo. Desde abril deste ano passou a ser previsto como crime, como uma pena que vai de tr\u00eas meses a dois anos de pris\u00e3o, sem possibilidade de arbitramento de fian\u00e7a na delegacia&#8221;. A delegada frisou a import\u00e2ncia de que mulheres v\u00edtimas de viol\u00eancia procurem a Pol\u00edcia Civil e comuniquem qualquer descumprimento de medida protetiva.<\/p>\n<p style=\"text-align: justify;\">Goian\u00e9sia n\u00e3o registra casos de feminic\u00eddio desde novembro de 2015. &#8220;Temos uma parceria entre Pol\u00edcia Civil e Poder Judici\u00e1rio muito efetiva aqui na cidade&#8221;, destacou Poliana.<\/p>\n<p><a href=\" https:\/\/goias.gov.br\/policiacivil\/wp-content\/uploads\/sites\/71\/2018\/08\/whatsapp-image-2018-08-17-at-17.03.49.jpeg\"><img fetchpriority=\"high\" decoding=\"async\" class=\"alignleft size-large wp-image-67729\" src=\" https:\/\/goias.gov.br\/policiacivil\/wp-content\/uploads\/sites\/71\/2018\/08\/whatsapp-image-2018-08-17-at-17.03.49-1068x601.jpeg\" alt=\"\" width=\"1068\" height=\"601\" srcset=\"https:\/\/goias.gov.br\/policiacivil\/wp-content\/uploads\/sites\/71\/2018\/08\/whatsapp-image-2018-08-17-at-17.03.49.jpeg 1068w, https:\/\/goias.gov.br\/policiacivil\/wp-content\/uploads\/sites\/71\/2018\/08\/whatsapp-image-2018-08-17-at-17.03.49-390x220.jpeg 390w, https:\/\/goias.gov.br\/policiacivil\/wp-content\/uploads\/sites\/71\/2018\/08\/whatsapp-image-2018-08-17-at-17.03.49-500x281.jpeg 500w, https:\/\/goias.gov.br\/policiacivil\/wp-content\/uploads\/sites\/71\/2018\/08\/whatsapp-image-2018-08-17-at-17.03.49-768x432.jpeg 768w, https:\/\/goias.gov.br\/policiacivil\/wp-content\/uploads\/sites\/71\/2018\/08\/whatsapp-image-2018-08-17-at-17.03.49-696x392.jpeg 696w, https:\/\/goias.gov.br\/policiacivil\/wp-content\/uploads\/sites\/71\/2018\/08\/whatsapp-image-2018-08-17-at-17.03.49-746x420.jpeg 746w\" sizes=\"(max-width: 1068px) 100vw, 1068px\" \/><\/a><\/p>\n","protected":false},"excerpt":{"rendered":"<p>Um homem de 41 anos foi preso em flagrante nesta quinta-feira (16\/08) por policiais civis da Deam (Delegacia Especializada no Atendimento \u00e0 Mulher) de Goian\u00e9sia apenas um dia ap\u00f3s ser solto. Ele descumpriu medida protetiva ao telefonar para a ex-companheira logo ap\u00f3s deixar a pris\u00e3o. De acordo com a delegada Poliana Bergamo, o agressor havia [&hellip;]<\/p>\n","protected":false},"author":23,"featured_media":67729,"comment_status":"closed","ping_status":"closed","sticky":false,"template":"","format":"standard","meta":{"footnotes":""},"categories":[3202,6069,89],"tags":[848,230,4167,255,2243],"class_list":["post-67728","post","type-post","status-publish","format-standard","has-post-thumbnail","hentry","category-15a-regional","category-noticias-da-policia-civil","category-regionais","tag-deam","tag-goianesia","tag-medida-protetiva","tag-mulher","tag-poliana"],"rttpg_featured_image_url":{"full":["https:\/\/goias.gov.br\/policiacivil\/wp-content\/uploads\/sites\/71\/2018\/08\/whatsapp-image-2018-08-17-at-17.03.49.jpeg",1068,601,false],"landscape":["https:\/\/goias.gov.br\/policiacivil\/wp-content\/uploads\/sites\/71\/2018\/08\/whatsapp-image-2018-08-17-at-17.03.49.jpeg",1068,601,false],"portraits":["https:\/\/goias.gov.br\/policiacivil\/wp-content\/uploads\/sites\/71\/2018\/08\/whatsapp-image-2018-08-17-at-17.03.49.jpeg",1068,601,false],"thumbnail":["https:\/\/goias.gov.br\/policiacivil\/wp-content\/uploads\/sites\/71\/2018\/08\/whatsapp-image-2018-08-17-at-17.03.49-300x300.jpeg",150,150,true],"medium":["https:\/\/goias.gov.br\/policiacivil\/wp-content\/uploads\/sites\/71\/2018\/08\/whatsapp-image-2018-08-17-at-17.03.49-500x281.jpeg",300,169,true],"large":["https:\/\/goias.gov.br\/policiacivil\/wp-content\/uploads\/sites\/71\/2018\/08\/whatsapp-image-2018-08-17-at-17.03.49-1068x601.jpeg",1024,576,true],"1536x1536":["https:\/\/goias.gov.br\/policiacivil\/wp-content\/uploads\/sites\/71\/2018\/08\/whatsapp-image-2018-08-17-at-17.03.49.jpeg",1068,601,false],"2048x2048":["https:\/\/goias.gov.br\/policiacivil\/wp-content\/uploads\/sites\/71\/2018\/08\/whatsapp-image-2018-08-17-at-17.03.49.jpeg",1068,601,false]},"rttpg_author":{"display_name":"claudiacury","author_link":"https:\/\/goias.gov.br\/policiacivil\/author\/claudiacury\/"},"rttpg_comment":0,"rttpg_category":"<a href=\"https:\/\/goias.gov.br\/policiacivil\/categoria\/drp\/15a-regional\/\" rel=\"category tag\">15\u00aa Regional<\/a> <a href=\"https:\/\/goias.gov.br\/policiacivil\/categoria\/noticias\/noticias-da-policia-civil\/\" rel=\"category tag\">Not\u00edcias da Pol\u00edcia Civil<\/a> <a href=\"https:\/\/goias.gov.br\/policiacivil\/categoria\/delegacias\/regionais\/\" rel=\"category tag\">Regionais<\/a>","rttpg_excerpt":"Um homem de 41 anos foi preso em flagrante nesta quinta-feira (16\/08) por policiais civis da Deam (Delegacia Especializada no Atendimento \u00e0 Mulher) de Goian\u00e9sia apenas um dia ap\u00f3s ser solto. Ele descumpriu medida protetiva ao telefonar para a ex-companheira logo ap\u00f3s deixar a pris\u00e3o. De acordo com a delegada Poliana Bergamo, o agressor havia&hellip;","_links":{"self":[{"href":"https:\/\/goias.gov.br\/policiacivil\/wp-json\/wp\/v2\/posts\/67728","targetHints":{"allow":["GET"]}}],"collection":[{"href":"https:\/\/goias.gov.br\/policiacivil\/wp-json\/wp\/v2\/posts"}],"about":[{"href":"https:\/\/goias.gov.br\/policiacivil\/wp-json\/wp\/v2\/types\/post"}],"author":[{"embeddable":true,"href":"https:\/\/goias.gov.br\/policiacivil\/wp-json\/wp\/v2\/users\/23"}],"replies":[{"embeddable":true,"href":"https:\/\/goias.gov.br\/policiacivil\/wp-json\/wp\/v2\/comments?post=67728"}],"version-history":[{"count":0,"href":"https:\/\/goias.gov.br\/policiacivil\/wp-json\/wp\/v2\/posts\/67728\/revisions"}],"wp:featuredmedia":[{"embeddable":true,"href":"https:\/\/goias.gov.br\/policiacivil\/wp-json\/wp\/v2\/media\/67729"}],"wp:attachment":[{"href":"https:\/\/goias.gov.br\/policiacivil\/wp-json\/wp\/v2\/media?parent=67728"}],"wp:term":[{"taxonomy":"category","embeddable":true,"href":"https:\/\/goias.gov.br\/policiacivil\/wp-json\/wp\/v2\/categories?post=67728"},{"taxonomy":"post_tag","embeddable":true,"href":"https:\/\/goias.gov.br\/policiacivil\/wp-json\/wp\/v2\/tags?post=67728"}],"curies":[{"name":"wp","href":"https:\/\/api.w.org\/{rel}","templated":true}]}}