

{"id":6518,"date":"2012-03-17T09:18:04","date_gmt":"2012-03-17T12:18:04","guid":{"rendered":"https:\/\/goias.gov.br\/policiacivil\/?p=6518"},"modified":"2012-03-17T09:20:48","modified_gmt":"2012-03-17T12:20:48","slug":"os-crimes-que-as-drogas-provocam","status":"publish","type":"post","link":"https:\/\/goias.gov.br\/policiacivil\/os-crimes-que-as-drogas-provocam\/","title":{"rendered":"Os crimes que as drogas provocam"},"content":{"rendered":"<figure id=\"attachment_6519\" aria-describedby=\"caption-attachment-6519\" style=\"width: 170px\" class=\"wp-caption alignleft\"><a href=\" https:\/\/goias.gov.br\/policiacivil\/wp-content\/uploads\/sites\/71\/sites\/71\/sites\/71\/2012\/03\/nortinho.jpeg\"><img decoding=\"async\" class=\"size-medium wp-image-6519\" title=\"nortinho\" src=\" https:\/\/goias.gov.br\/policiacivil\/wp-content\/uploads\/sites\/71\/sites\/71\/sites\/71\/2012\/03\/nortinho-170x200.jpg\" alt=\"\" width=\"170\" height=\"200\" \/><\/a><figcaption id=\"caption-attachment-6519\" class=\"wp-caption-text\">Delegado Norton Luiz Ferreira<\/figcaption><\/figure>\n<p>Os crimes que as drogas provocam<\/p>\n<p>Norton Luiz Ferreira<\/p>\n<p style=\"text-align: justify;\">O mapa da cracol\u00e2ndia em Goi\u00e2nia foi tra\u00e7ado pela Pol\u00edcia Civil como medida perempt\u00f3ria para elabora\u00e7\u00e3o de pol\u00edticas p\u00fablicas, seja de cunho social ou de repress\u00e3o e preven\u00e7\u00e3o ao consumo dessa famigerada droga. Foram 11 pontos de maior movimenta\u00e7\u00e3o identificados nos levantamentos feitos por policiais da Delegacia Estadual de Repress\u00e3o a Narc\u00f3ticos. O resultado n\u00e3o trouxe surpresa alguma para quem lida diariamente com a quest\u00e3o por conta de tantas idas e vindas de policiais a esses locais, sem que se possa fazer nada mais do que a lavratura de um simples Termo Circunstanciado de Ocorr\u00eancia. Em seguida e incontinenti, o usu\u00e1rio deve ser colocado imediatamente em liberdade. Depois, ele volta para o mesmo ponto de drogas e segue o seu destino no consumo de mais e mais pedras de crack.<\/p>\n<p style=\"text-align: justify;\">Dia e noite eles est\u00e3o espalhados por toda a cidade, em grupos, fumando a pedra da desgra\u00e7a. O dinheiro que paga ao traficante, no m\u00ednimo 10 rais por pedra, quando n\u00e3o consegue mais tirar do seio familiar, rouba das pessoas nas ruas. A vida de quem est\u00e1 sendo roubado \u00e9 o que menos importa. O trabalho das pol\u00edcias na repress\u00e3o e preven\u00e7\u00e3o parece n\u00e3o surtir efeito de tanto que a droga est\u00e1 disseminada na sociedade. N\u00e3o bastasse isso, a droga ainda arrasta outros crimes de maior gravidade, fermentando estat\u00edsticas de n\u00fameros assustadores, principalmente com rela\u00e7\u00e3o aos crimes contra a vida. N\u00e3o h\u00e1 nada que se possa comemorar a n\u00e3o ser os avan\u00e7os policiais nas apreens\u00f5es de drogas, cada vez em maior volume. Em contrapartida, esse registro demonstra um claro sinal de que a produ\u00e7\u00e3o criminosa pode estar tamb\u00e9m sendo feita em grande escala, desafiando os aparatos de seguran\u00e7a estatal.<\/p>\n<p style=\"text-align: justify;\">Mas \u00e9 o crack que tem causando grandes estragos sociais. A droga j\u00e1 est\u00e1 assentada e \u00e9 amplamente consumida na grande maioria dos munic\u00edpios brasileiros. Transformado da pasta base, o crack ganha ingredientes qu\u00edmicos altamente mal\u00e9ficos \u00e0 sa\u00fade humana. \u00c8 muito barato e de fabrica\u00e7\u00e3o artesanal t\u00e3o simples que j\u00e1 \u00e9 produzido at\u00e9 em laborat\u00f3rios de fundo de quintal. Trata-se de uma droga de a\u00e7\u00e3o t\u00e3o violenta no organismo que pode viciar numa \u00fanica pedra fumada. Depois disso o inferno fica a um passo de dist\u00e2ncia. Nem as classes sociais mais abastadas est\u00e3o livres desse mal. Ricos e pobres est\u00e3o em p\u00e9 de igualdade quando o assunto \u00e9 droga, e principalmente o crack. N\u00fameros do Conselho Nacional de Seguran\u00e7a P\u00fablica (Conasp) apontam que Goi\u00e1s tem cerca de 300 mil usu\u00e1rios de drogas, dos quais 50 mil s\u00f3 de crack. Pode ser, mas fora do papel esse n\u00famero parece ser bem maior.<\/p>\n<p style=\"text-align: justify;\">Ningu\u00e9m mais se sente seguro. Criar um filho nos dias atuais tornou-se tarefa muito mais \u00e1rdua e preocupante. N\u00e3o basta dar-lhe apenas a melhor educa\u00e7\u00e3o, o beijo di\u00e1rio que traduz carinho e amor ou mesmo lev\u00e1-lo para uma conviv\u00eancia religiosa dentro de uma igreja, seja de qual cren\u00e7a for. O ambiente social saud\u00e1vel j\u00e1 n\u00e3o \u00e9 mais fator decisivo. \u00c9 preciso muito mais. \u00c9 preciso esperar a sorte de o filho n\u00e3o se deparar com um traficante que se faz de amigo e lhe convence ao primeiro experimento da droga. Ele surge do nada para atrair jovens em locais de grande concentra\u00e7\u00e3o, como escolas, boates, festinhas de amigos, bares, pra\u00e7as e nos mais inusitados ambientes. O tr\u00e1fico \u00e9 impiedoso com o ser humano, n\u00e3o se preocupa com a desgra\u00e7a que causa no seio familiar e n\u00e3o escolhe cara, cor, sexo, religi\u00e3o e classe social.<\/p>\n<p>Norton Luiz Ferreira \u00e9 delegado de pol\u00edcia<\/p>\n<p><span style=\"color: #ff0000;\">Artigo publicado no jornal O Popular, edi\u00e7\u00e3o de 17.03.12<\/span><\/p>\n","protected":false},"excerpt":{"rendered":"<p>Norton Luiz Ferreira \u00e9 Delegado de Pol\u00edcia<\/p>\n","protected":false},"author":4,"featured_media":6519,"comment_status":"closed","ping_status":"closed","sticky":false,"template":"","format":"standard","meta":{"footnotes":""},"categories":[29],"tags":[18,804,314,805],"class_list":["post-6518","post","type-post","status-publish","format-standard","has-post-thumbnail","hentry","category-artigos","tag-crack","tag-disseminada","tag-drogas","tag-pedra"],"rttpg_featured_image_url":{"full":["https:\/\/goias.gov.br\/policiacivil\/wp-content\/uploads\/sites\/71\/2012\/03\/nortinho.jpeg",240,282,false],"landscape":["https:\/\/goias.gov.br\/policiacivil\/wp-content\/uploads\/sites\/71\/2012\/03\/nortinho.jpeg",240,282,false],"portraits":["https:\/\/goias.gov.br\/policiacivil\/wp-content\/uploads\/sites\/71\/2012\/03\/nortinho.jpeg",240,282,false],"thumbnail":["https:\/\/goias.gov.br\/policiacivil\/wp-content\/uploads\/sites\/71\/2012\/03\/nortinho-150x150.jpeg",150,150,true],"medium":["https:\/\/goias.gov.br\/policiacivil\/wp-content\/uploads\/sites\/71\/2012\/03\/nortinho-170x200.jpeg",170,200,true],"large":["https:\/\/goias.gov.br\/policiacivil\/wp-content\/uploads\/sites\/71\/2012\/03\/nortinho.jpeg",240,282,false],"1536x1536":["https:\/\/goias.gov.br\/policiacivil\/wp-content\/uploads\/sites\/71\/2012\/03\/nortinho.jpeg",240,282,false],"2048x2048":["https:\/\/goias.gov.br\/policiacivil\/wp-content\/uploads\/sites\/71\/2012\/03\/nortinho.jpeg",240,282,false]},"rttpg_author":{"display_name":"","author_link":"https:\/\/goias.gov.br\/policiacivil\/author\/"},"rttpg_comment":0,"rttpg_category":"<a href=\"https:\/\/goias.gov.br\/policiacivil\/categoria\/artigos\/\" rel=\"category tag\">Artigos<\/a>","rttpg_excerpt":"Norton Luiz Ferreira \u00e9 Delegado de Pol\u00edcia","_links":{"self":[{"href":"https:\/\/goias.gov.br\/policiacivil\/wp-json\/wp\/v2\/posts\/6518","targetHints":{"allow":["GET"]}}],"collection":[{"href":"https:\/\/goias.gov.br\/policiacivil\/wp-json\/wp\/v2\/posts"}],"about":[{"href":"https:\/\/goias.gov.br\/policiacivil\/wp-json\/wp\/v2\/types\/post"}],"author":[{"embeddable":true,"href":"https:\/\/goias.gov.br\/policiacivil\/wp-json\/wp\/v2\/users\/4"}],"replies":[{"embeddable":true,"href":"https:\/\/goias.gov.br\/policiacivil\/wp-json\/wp\/v2\/comments?post=6518"}],"version-history":[{"count":0,"href":"https:\/\/goias.gov.br\/policiacivil\/wp-json\/wp\/v2\/posts\/6518\/revisions"}],"wp:featuredmedia":[{"embeddable":true,"href":"https:\/\/goias.gov.br\/policiacivil\/wp-json\/wp\/v2\/media\/6519"}],"wp:attachment":[{"href":"https:\/\/goias.gov.br\/policiacivil\/wp-json\/wp\/v2\/media?parent=6518"}],"wp:term":[{"taxonomy":"category","embeddable":true,"href":"https:\/\/goias.gov.br\/policiacivil\/wp-json\/wp\/v2\/categories?post=6518"},{"taxonomy":"post_tag","embeddable":true,"href":"https:\/\/goias.gov.br\/policiacivil\/wp-json\/wp\/v2\/tags?post=6518"}],"curies":[{"name":"wp","href":"https:\/\/api.w.org\/{rel}","templated":true}]}}