

{"id":64723,"date":"2018-06-07T09:01:23","date_gmt":"2018-06-07T12:01:23","guid":{"rendered":"https:\/\/goias.gov.br\/policiacivil\/?p=64723"},"modified":"2018-06-07T09:01:23","modified_gmt":"2018-06-07T12:01:23","slug":"em-rio-verde-mulher-e-presa-com-municoes-e-drogas","status":"publish","type":"post","link":"https:\/\/goias.gov.br\/policiacivil\/em-rio-verde-mulher-e-presa-com-municoes-e-drogas\/","title":{"rendered":"Em Rio Verde, mulher \u00e9 presa com muni\u00e7\u00f5es e drogas"},"content":{"rendered":"<p style=\"text-align: justify;\"><a href=\" https:\/\/goias.gov.br\/policiacivil\/wp-content\/uploads\/sites\/71\/2018\/06\/dayryne.jpg\"><img fetchpriority=\"high\" decoding=\"async\" class=\"alignleft size-large wp-image-64724\" src=\" https:\/\/goias.gov.br\/policiacivil\/wp-content\/uploads\/sites\/71\/2018\/06\/dayryne-336x300.jpg\" alt=\"\" width=\"336\" height=\"300\" srcset=\"https:\/\/goias.gov.br\/policiacivil\/wp-content\/uploads\/sites\/71\/2018\/06\/dayryne-336x300.jpg 336w, https:\/\/goias.gov.br\/policiacivil\/wp-content\/uploads\/sites\/71\/2018\/06\/dayryne-220x197.jpg 220w, https:\/\/goias.gov.br\/policiacivil\/wp-content\/uploads\/sites\/71\/2018\/06\/dayryne-470x420.jpg 470w, https:\/\/goias.gov.br\/policiacivil\/wp-content\/uploads\/sites\/71\/2018\/06\/dayryne.jpg 479w\" sizes=\"(max-width: 336px) 100vw, 336px\" \/><\/a>O Grupo Especial de Repress\u00e3o a Narc\u00f3ticos (Genarc) de Rio Verde, com apoio do Grupo Especial de Repress\u00e3o a Crimes Contra o Patrim\u00f4nio (Gepatri), prendeu, no dia 6 de junho, Dayryne Pereira Dourado Gomes da Silva,\u00a0por posse de drogas e posse irregular de arma de fogo.<\/p>\n<p style=\"text-align: justify;\">Durante dilig\u00eancia na resid\u00eancia dela, na Vila Borges, os policiais civis encontraram duas por\u00e7\u00f5es de maconha e uma por\u00e7\u00e3o de crack, al\u00e9m de oito muni\u00e7\u00f5es de arma de fogo calibre 22. No dia 14 de abril deste ano, ela j\u00e1 havia sido autuada em flagrante por tr\u00e1fico de drogas.<\/p>\n","protected":false},"excerpt":{"rendered":"<p>O Grupo Especial de Repress\u00e3o a Narc\u00f3ticos (Genarc) de Rio Verde, com apoio do Grupo Especial de Repress\u00e3o a Crimes Contra o Patrim\u00f4nio (Gepatri), prendeu, no dia 6 de junho, Dayryne Pereira Dourado Gomes da Silva,\u00a0por posse de drogas e posse irregular de arma de fogo. Durante dilig\u00eancia na resid\u00eancia dela, na Vila Borges, os [&hellip;]<\/p>\n","protected":false},"author":23,"featured_media":64724,"comment_status":"closed","ping_status":"closed","sticky":false,"template":"","format":"standard","meta":{"footnotes":""},"categories":[3195,537],"tags":[30,2853,39],"class_list":["post-64723","post","type-post","status-publish","format-standard","has-post-thumbnail","hentry","category-8a-regional","category-ultimo-segundo","tag-genarc","tag-gepatri","tag-rio-verde"],"rttpg_featured_image_url":{"full":["https:\/\/goias.gov.br\/policiacivil\/wp-content\/uploads\/sites\/71\/2018\/06\/dayryne.jpg",479,428,false],"landscape":["https:\/\/goias.gov.br\/policiacivil\/wp-content\/uploads\/sites\/71\/2018\/06\/dayryne.jpg",479,428,false],"portraits":["https:\/\/goias.gov.br\/policiacivil\/wp-content\/uploads\/sites\/71\/2018\/06\/dayryne.jpg",479,428,false],"thumbnail":["https:\/\/goias.gov.br\/policiacivil\/wp-content\/uploads\/sites\/71\/2018\/06\/dayryne-300x300.jpg",150,150,true],"medium":["https:\/\/goias.gov.br\/policiacivil\/wp-content\/uploads\/sites\/71\/2018\/06\/dayryne-220x197.jpg",220,197,true],"large":["https:\/\/goias.gov.br\/policiacivil\/wp-content\/uploads\/sites\/71\/2018\/06\/dayryne-336x300.jpg",336,300,true],"1536x1536":["https:\/\/goias.gov.br\/policiacivil\/wp-content\/uploads\/sites\/71\/2018\/06\/dayryne.jpg",479,428,false],"2048x2048":["https:\/\/goias.gov.br\/policiacivil\/wp-content\/uploads\/sites\/71\/2018\/06\/dayryne.jpg",479,428,false]},"rttpg_author":{"display_name":"claudiacury","author_link":"https:\/\/goias.gov.br\/policiacivil\/author\/claudiacury\/"},"rttpg_comment":0,"rttpg_category":"<a href=\"https:\/\/goias.gov.br\/policiacivil\/categoria\/drp\/8a-regional\/\" rel=\"category tag\">8\u00aa Regional<\/a> <a href=\"https:\/\/goias.gov.br\/policiacivil\/categoria\/ultimo-segundo\/\" rel=\"category tag\">\u00daltimo Segundo<\/a>","rttpg_excerpt":"O Grupo Especial de Repress\u00e3o a Narc\u00f3ticos (Genarc) de Rio Verde, com apoio do Grupo Especial de Repress\u00e3o a Crimes Contra o Patrim\u00f4nio (Gepatri), prendeu, no dia 6 de junho, Dayryne Pereira Dourado Gomes da Silva,\u00a0por posse de drogas e posse irregular de arma de fogo. Durante dilig\u00eancia na resid\u00eancia dela, na Vila Borges, os&hellip;","_links":{"self":[{"href":"https:\/\/goias.gov.br\/policiacivil\/wp-json\/wp\/v2\/posts\/64723","targetHints":{"allow":["GET"]}}],"collection":[{"href":"https:\/\/goias.gov.br\/policiacivil\/wp-json\/wp\/v2\/posts"}],"about":[{"href":"https:\/\/goias.gov.br\/policiacivil\/wp-json\/wp\/v2\/types\/post"}],"author":[{"embeddable":true,"href":"https:\/\/goias.gov.br\/policiacivil\/wp-json\/wp\/v2\/users\/23"}],"replies":[{"embeddable":true,"href":"https:\/\/goias.gov.br\/policiacivil\/wp-json\/wp\/v2\/comments?post=64723"}],"version-history":[{"count":0,"href":"https:\/\/goias.gov.br\/policiacivil\/wp-json\/wp\/v2\/posts\/64723\/revisions"}],"wp:featuredmedia":[{"embeddable":true,"href":"https:\/\/goias.gov.br\/policiacivil\/wp-json\/wp\/v2\/media\/64724"}],"wp:attachment":[{"href":"https:\/\/goias.gov.br\/policiacivil\/wp-json\/wp\/v2\/media?parent=64723"}],"wp:term":[{"taxonomy":"category","embeddable":true,"href":"https:\/\/goias.gov.br\/policiacivil\/wp-json\/wp\/v2\/categories?post=64723"},{"taxonomy":"post_tag","embeddable":true,"href":"https:\/\/goias.gov.br\/policiacivil\/wp-json\/wp\/v2\/tags?post=64723"}],"curies":[{"name":"wp","href":"https:\/\/api.w.org\/{rel}","templated":true}]}}