

{"id":64327,"date":"2018-05-25T14:03:27","date_gmt":"2018-05-25T17:03:27","guid":{"rendered":"https:\/\/goias.gov.br\/policiacivil\/?p=64327"},"modified":"2018-05-25T14:04:07","modified_gmt":"2018-05-25T17:04:07","slug":"gih-de-valparaiso-prende-suspeito-por-homicidio-qualificado-motivado-por-desentendimento-banal","status":"publish","type":"post","link":"https:\/\/goias.gov.br\/policiacivil\/gih-de-valparaiso-prende-suspeito-por-homicidio-qualificado-motivado-por-desentendimento-banal\/","title":{"rendered":"GIH de Valpara\u00edso prende suspeito por homic\u00eddio qualificado motivado por desentendimento banal"},"content":{"rendered":"<p style=\"text-align: justify;\"><a class=\" https:\/\/goias.gov.br\/policiacivil\/wp-content\/uploads\/sites\/71\/2018\/05\/ndice-81.jpg\" href=\" https:\/\/goias.gov.br\/policiacivil\/wp-content\/uploads\/sites\/71\/2018\/05\/ndice-81.jpg\" rel=\" https:\/\/goias.gov.br\/policiacivil\/wp-content\/uploads\/sites\/71\/2018\/05\/ndice-81.jpg\"><img decoding=\"async\" class=\" https:\/\/goias.gov.br\/policiacivil\/wp-content\/uploads\/sites\/71\/2018\/05\/ndice-81.jpg alignleft wp-image-64330 size-medium\" title=\" https:\/\/goias.gov.br\/policiacivil\/wp-content\/uploads\/sites\/71\/2018\/05\/ndice-81.jpg\" src=\" https:\/\/goias.gov.br\/policiacivil\/wp-content\/uploads\/sites\/71\/2018\/05\/ndice-81-143x200.jpg\" alt=\"\" width=\"143\" height=\"200\" srcset=\"https:\/\/goias.gov.br\/policiacivil\/wp-content\/uploads\/sites\/71\/2018\/05\/ndice-81-143x200.jpg 143w, https:\/\/goias.gov.br\/policiacivil\/wp-content\/uploads\/sites\/71\/2018\/05\/ndice-81-214x300.jpg 214w, https:\/\/goias.gov.br\/policiacivil\/wp-content\/uploads\/sites\/71\/2018\/05\/ndice-81.jpg 585w\" sizes=\"(max-width: 143px) 100vw, 143px\" \/><\/a>O Grupo de Investiga\u00e7\u00f5es de Homic\u00eddios de Valpara\u00edso realizou a pris\u00e3o de Weverson de Oliveira Leonardo, vulgo Gaspar, por participar de um homic\u00eddio motivado por desentendimento banal entre a v\u00edtima e os autores.<\/p>\n<p style=\"text-align: justify;\">Ele \u00e9 apontado como coautor do homic\u00eddio contra Weller Silva Lima, ocorrido em agosto do ano passado. Segundo as investiga\u00e7\u00f5es, Weverson e seu comparsa Matheus Peixoto de Assis, teriam se desentendido com Weller durante uma festa realizada em Valpara\u00edso.\u00a0A v\u00edtima morreu devido a um traumatismo craniano, ap\u00f3s ter recebido diversos socos e chutes da dupla criminosa.<\/p>\n<p style=\"text-align: justify;\">Matheus est\u00e1 foragido, mas a equipe PC empreende dilig\u00eancias para localiz\u00e1-lo em breve. Weverson foi conduzido \u00e0 unidade prisional local, onde ficar\u00e1 detido, \u00e0 disposi\u00e7\u00e3o da Justi\u00e7a.<\/p>\n","protected":false},"excerpt":{"rendered":"<p>O Grupo de Investiga\u00e7\u00f5es de Homic\u00eddios de Valpara\u00edso realizou a pris\u00e3o de Weverson de Oliveira Leonardo, vulgo Gaspar, por participar de um homic\u00eddio motivado por desentendimento banal entre a v\u00edtima e os autores. Ele \u00e9 apontado como coautor do homic\u00eddio contra Weller Silva Lima, ocorrido em agosto do ano passado. Segundo as investiga\u00e7\u00f5es, Weverson e [&hellip;]<\/p>\n","protected":false},"author":23,"featured_media":64334,"comment_status":"closed","ping_status":"closed","sticky":false,"template":"","format":"standard","meta":{"footnotes":""},"categories":[3192,2538,3187,3,156],"tags":[1466,5738,23],"class_list":["post-64327","post","type-post","status-publish","format-standard","has-post-thumbnail","hentry","category-5a-regional","category-delegacias","category-drp","category-noticias","category-policia-civil-no-interior","tag-5a-drp","tag-gih-valparaiso","tag-homicidio"],"rttpg_featured_image_url":{"full":["https:\/\/goias.gov.br\/policiacivil\/wp-content\/uploads\/sites\/71\/2018\/05\/ndice-82.jpg",820,510,false],"landscape":["https:\/\/goias.gov.br\/policiacivil\/wp-content\/uploads\/sites\/71\/2018\/05\/ndice-82.jpg",820,510,false],"portraits":["https:\/\/goias.gov.br\/policiacivil\/wp-content\/uploads\/sites\/71\/2018\/05\/ndice-82.jpg",820,510,false],"thumbnail":["https:\/\/goias.gov.br\/policiacivil\/wp-content\/uploads\/sites\/71\/2018\/05\/ndice-82-300x300.jpg",150,150,true],"medium":["https:\/\/goias.gov.br\/policiacivil\/wp-content\/uploads\/sites\/71\/2018\/05\/ndice-82-220x137.jpg",220,137,true],"large":["https:\/\/goias.gov.br\/policiacivil\/wp-content\/uploads\/sites\/71\/2018\/05\/ndice-82-350x218.jpg",350,218,true],"1536x1536":["https:\/\/goias.gov.br\/policiacivil\/wp-content\/uploads\/sites\/71\/2018\/05\/ndice-82.jpg",820,510,false],"2048x2048":["https:\/\/goias.gov.br\/policiacivil\/wp-content\/uploads\/sites\/71\/2018\/05\/ndice-82.jpg",820,510,false]},"rttpg_author":{"display_name":"claudiacury","author_link":"https:\/\/goias.gov.br\/policiacivil\/author\/claudiacury\/"},"rttpg_comment":0,"rttpg_category":"<a href=\"https:\/\/goias.gov.br\/policiacivil\/categoria\/drp\/5a-regional\/\" rel=\"category tag\">5\u00aa Regional<\/a> <a href=\"https:\/\/goias.gov.br\/policiacivil\/categoria\/delegacias\/\" rel=\"category tag\">Delegacias<\/a> <a href=\"https:\/\/goias.gov.br\/policiacivil\/categoria\/drp\/\" rel=\"category tag\">DRP<\/a> <a href=\"https:\/\/goias.gov.br\/policiacivil\/categoria\/noticias\/\" rel=\"category tag\">Not\u00edcias<\/a> <a href=\"https:\/\/goias.gov.br\/policiacivil\/categoria\/policia-civil-no-interior\/\" rel=\"category tag\">Pol\u00edcia Civil no Interior<\/a>","rttpg_excerpt":"O Grupo de Investiga\u00e7\u00f5es de Homic\u00eddios de Valpara\u00edso realizou a pris\u00e3o de Weverson de Oliveira Leonardo, vulgo Gaspar, por participar de um homic\u00eddio motivado por desentendimento banal entre a v\u00edtima e os autores. Ele \u00e9 apontado como coautor do homic\u00eddio contra Weller Silva Lima, ocorrido em agosto do ano passado. Segundo as investiga\u00e7\u00f5es, Weverson e&hellip;","_links":{"self":[{"href":"https:\/\/goias.gov.br\/policiacivil\/wp-json\/wp\/v2\/posts\/64327","targetHints":{"allow":["GET"]}}],"collection":[{"href":"https:\/\/goias.gov.br\/policiacivil\/wp-json\/wp\/v2\/posts"}],"about":[{"href":"https:\/\/goias.gov.br\/policiacivil\/wp-json\/wp\/v2\/types\/post"}],"author":[{"embeddable":true,"href":"https:\/\/goias.gov.br\/policiacivil\/wp-json\/wp\/v2\/users\/23"}],"replies":[{"embeddable":true,"href":"https:\/\/goias.gov.br\/policiacivil\/wp-json\/wp\/v2\/comments?post=64327"}],"version-history":[{"count":0,"href":"https:\/\/goias.gov.br\/policiacivil\/wp-json\/wp\/v2\/posts\/64327\/revisions"}],"wp:featuredmedia":[{"embeddable":true,"href":"https:\/\/goias.gov.br\/policiacivil\/wp-json\/wp\/v2\/media\/64334"}],"wp:attachment":[{"href":"https:\/\/goias.gov.br\/policiacivil\/wp-json\/wp\/v2\/media?parent=64327"}],"wp:term":[{"taxonomy":"category","embeddable":true,"href":"https:\/\/goias.gov.br\/policiacivil\/wp-json\/wp\/v2\/categories?post=64327"},{"taxonomy":"post_tag","embeddable":true,"href":"https:\/\/goias.gov.br\/policiacivil\/wp-json\/wp\/v2\/tags?post=64327"}],"curies":[{"name":"wp","href":"https:\/\/api.w.org\/{rel}","templated":true}]}}