

{"id":63966,"date":"2018-05-16T10:42:50","date_gmt":"2018-05-16T13:42:50","guid":{"rendered":"https:\/\/goias.gov.br\/policiacivil\/?p=63966"},"modified":"2018-05-16T10:42:50","modified_gmt":"2018-05-16T13:42:50","slug":"gih-anapolis-prende-acusado-de-homicidio","status":"publish","type":"post","link":"https:\/\/goias.gov.br\/policiacivil\/gih-anapolis-prende-acusado-de-homicidio\/","title":{"rendered":"GIH An\u00e1polis prende acusado de homic\u00eddio"},"content":{"rendered":"<p style=\"text-align: justify;\"><a href=\" https:\/\/goias.gov.br\/policiacivil\/wp-content\/uploads\/sites\/71\/2018\/05\/gih.jpg\"><img decoding=\"async\" class=\"alignleft size-medium wp-image-63967\" src=\" https:\/\/goias.gov.br\/policiacivil\/wp-content\/uploads\/sites\/71\/2018\/05\/gih-220x165.jpg\" alt=\"\" width=\"220\" height=\"165\" srcset=\"https:\/\/goias.gov.br\/policiacivil\/wp-content\/uploads\/sites\/71\/2018\/05\/gih-220x165.jpg 220w, https:\/\/goias.gov.br\/policiacivil\/wp-content\/uploads\/sites\/71\/2018\/05\/gih-768x576.jpg 768w, https:\/\/goias.gov.br\/policiacivil\/wp-content\/uploads\/sites\/71\/2018\/05\/gih-350x263.jpg 350w, https:\/\/goias.gov.br\/policiacivil\/wp-content\/uploads\/sites\/71\/2018\/05\/gih-80x60.jpg 80w, https:\/\/goias.gov.br\/policiacivil\/wp-content\/uploads\/sites\/71\/2018\/05\/gih-160x120.jpg 160w, https:\/\/goias.gov.br\/policiacivil\/wp-content\/uploads\/sites\/71\/2018\/05\/gih-265x198.jpg 265w, https:\/\/goias.gov.br\/policiacivil\/wp-content\/uploads\/sites\/71\/2018\/05\/gih-530x396.jpg 530w, https:\/\/goias.gov.br\/policiacivil\/wp-content\/uploads\/sites\/71\/2018\/05\/gih-696x522.jpg 696w, https:\/\/goias.gov.br\/policiacivil\/wp-content\/uploads\/sites\/71\/2018\/05\/gih-560x420.jpg 560w, https:\/\/goias.gov.br\/policiacivil\/wp-content\/uploads\/sites\/71\/2018\/05\/gih.jpg 820w\" sizes=\"(max-width: 220px) 100vw, 220px\" \/><\/a>Policiais civis do Grupo de Investiga\u00e7\u00e3o de Homic\u00eddios da 3\u00aa Delegacia Regional de An\u00e1polis prenderam, nesta segunda-feira (14), no bairro Copacabana, Leonardo do Esp\u00edrito Santo Soares, de 23 anos, acusado de ter matado Claudinei Dias Leite, de 39 anos, no dia 18 de setembro de 2017.<\/p>\n<p style=\"text-align: justify;\">Segundo a delegada Emilli Bailoni, respons\u00e1vel pelo caso, o autor desferiu quatro disparos contra a v\u00edtima. Na delegacia, Leonardo confessou o crime que, segundo ele, foi motivado porque Claudinei armou para que ele fosse preso. As investiga\u00e7\u00f5es apontaram que a v\u00edtima tinha envolvimento com drogas e o autor com tr\u00e1fico.<\/p>\n<p style=\"text-align: justify;\">Com mais essa pris\u00e3o, a Pol\u00edcia Civil esclarece mais um homic\u00eddio ocorrido em An\u00e1polis. \u201cContinuamos investigando e esperamos dar respostas a todos os casos registrados no GIH\u201d, salienta a delegada.<\/p>\n","protected":false},"excerpt":{"rendered":"<p>Policiais civis do Grupo de Investiga\u00e7\u00e3o de Homic\u00eddios da 3\u00aa Delegacia Regional de An\u00e1polis prenderam, nesta segunda-feira (14), no bairro Copacabana, Leonardo do Esp\u00edrito Santo Soares, de 23 anos, acusado de ter matado Claudinei Dias Leite, de 39 anos, no dia 18 de setembro de 2017. Segundo a delegada Emilli Bailoni, respons\u00e1vel pelo caso, o [&hellip;]<\/p>\n","protected":false},"author":23,"featured_media":63967,"comment_status":"closed","ping_status":"closed","sticky":false,"template":"","format":"standard","meta":{"footnotes":""},"categories":[3190,2538,3187,156,89,537],"tags":[5942,23],"class_list":["post-63966","post","type-post","status-publish","format-standard","has-post-thumbnail","hentry","category-3a-regional","category-delegacias","category-drp","category-policia-civil-no-interior","category-regionais","category-ultimo-segundo","tag-gih-anapolis","tag-homicidio"],"rttpg_featured_image_url":{"full":["https:\/\/goias.gov.br\/policiacivil\/wp-content\/uploads\/sites\/71\/2018\/05\/gih.jpg",820,615,false],"landscape":["https:\/\/goias.gov.br\/policiacivil\/wp-content\/uploads\/sites\/71\/2018\/05\/gih.jpg",820,615,false],"portraits":["https:\/\/goias.gov.br\/policiacivil\/wp-content\/uploads\/sites\/71\/2018\/05\/gih.jpg",820,615,false],"thumbnail":["https:\/\/goias.gov.br\/policiacivil\/wp-content\/uploads\/sites\/71\/2018\/05\/gih-300x300.jpg",150,150,true],"medium":["https:\/\/goias.gov.br\/policiacivil\/wp-content\/uploads\/sites\/71\/2018\/05\/gih-220x165.jpg",220,165,true],"large":["https:\/\/goias.gov.br\/policiacivil\/wp-content\/uploads\/sites\/71\/2018\/05\/gih-350x263.jpg",350,263,true],"1536x1536":["https:\/\/goias.gov.br\/policiacivil\/wp-content\/uploads\/sites\/71\/2018\/05\/gih.jpg",820,615,false],"2048x2048":["https:\/\/goias.gov.br\/policiacivil\/wp-content\/uploads\/sites\/71\/2018\/05\/gih.jpg",820,615,false]},"rttpg_author":{"display_name":"claudiacury","author_link":"https:\/\/goias.gov.br\/policiacivil\/author\/claudiacury\/"},"rttpg_comment":0,"rttpg_category":"<a href=\"https:\/\/goias.gov.br\/policiacivil\/categoria\/drp\/3a-regional\/\" rel=\"category tag\">3\u00aa Regional<\/a> <a href=\"https:\/\/goias.gov.br\/policiacivil\/categoria\/delegacias\/\" rel=\"category tag\">Delegacias<\/a> <a href=\"https:\/\/goias.gov.br\/policiacivil\/categoria\/drp\/\" rel=\"category tag\">DRP<\/a> <a href=\"https:\/\/goias.gov.br\/policiacivil\/categoria\/policia-civil-no-interior\/\" rel=\"category tag\">Pol\u00edcia Civil no Interior<\/a> <a href=\"https:\/\/goias.gov.br\/policiacivil\/categoria\/delegacias\/regionais\/\" rel=\"category tag\">Regionais<\/a> <a href=\"https:\/\/goias.gov.br\/policiacivil\/categoria\/ultimo-segundo\/\" rel=\"category tag\">\u00daltimo Segundo<\/a>","rttpg_excerpt":"Policiais civis do Grupo de Investiga\u00e7\u00e3o de Homic\u00eddios da 3\u00aa Delegacia Regional de An\u00e1polis prenderam, nesta segunda-feira (14), no bairro Copacabana, Leonardo do Esp\u00edrito Santo Soares, de 23 anos, acusado de ter matado Claudinei Dias Leite, de 39 anos, no dia 18 de setembro de 2017. Segundo a delegada Emilli Bailoni, respons\u00e1vel pelo caso, o&hellip;","_links":{"self":[{"href":"https:\/\/goias.gov.br\/policiacivil\/wp-json\/wp\/v2\/posts\/63966","targetHints":{"allow":["GET"]}}],"collection":[{"href":"https:\/\/goias.gov.br\/policiacivil\/wp-json\/wp\/v2\/posts"}],"about":[{"href":"https:\/\/goias.gov.br\/policiacivil\/wp-json\/wp\/v2\/types\/post"}],"author":[{"embeddable":true,"href":"https:\/\/goias.gov.br\/policiacivil\/wp-json\/wp\/v2\/users\/23"}],"replies":[{"embeddable":true,"href":"https:\/\/goias.gov.br\/policiacivil\/wp-json\/wp\/v2\/comments?post=63966"}],"version-history":[{"count":0,"href":"https:\/\/goias.gov.br\/policiacivil\/wp-json\/wp\/v2\/posts\/63966\/revisions"}],"wp:featuredmedia":[{"embeddable":true,"href":"https:\/\/goias.gov.br\/policiacivil\/wp-json\/wp\/v2\/media\/63967"}],"wp:attachment":[{"href":"https:\/\/goias.gov.br\/policiacivil\/wp-json\/wp\/v2\/media?parent=63966"}],"wp:term":[{"taxonomy":"category","embeddable":true,"href":"https:\/\/goias.gov.br\/policiacivil\/wp-json\/wp\/v2\/categories?post=63966"},{"taxonomy":"post_tag","embeddable":true,"href":"https:\/\/goias.gov.br\/policiacivil\/wp-json\/wp\/v2\/tags?post=63966"}],"curies":[{"name":"wp","href":"https:\/\/api.w.org\/{rel}","templated":true}]}}