

{"id":63472,"date":"2018-05-04T08:50:59","date_gmt":"2018-05-04T11:50:59","guid":{"rendered":"https:\/\/goias.gov.br\/policiacivil\/?p=63472"},"modified":"2018-05-04T08:50:59","modified_gmt":"2018-05-04T11:50:59","slug":"dupla-suspeita-de-matar-homem-a-machadadas-e-presa-em-planaltina","status":"publish","type":"post","link":"https:\/\/goias.gov.br\/policiacivil\/dupla-suspeita-de-matar-homem-a-machadadas-e-presa-em-planaltina\/","title":{"rendered":"Dupla suspeita de matar homem a machadadas \u00e9 presa em Planaltina"},"content":{"rendered":"<p style=\"text-align: justify;\"><a href=\" https:\/\/goias.gov.br\/policiacivil\/wp-content\/uploads\/sites\/71\/2018\/05\/ndice-6.jpg\"><img decoding=\"async\" class=\"alignleft size-medium wp-image-63473\" src=\" https:\/\/goias.gov.br\/policiacivil\/wp-content\/uploads\/sites\/71\/2018\/05\/ndice-6-112x200.jpg\" alt=\"\" width=\"112\" height=\"200\" srcset=\"https:\/\/goias.gov.br\/policiacivil\/wp-content\/uploads\/sites\/71\/2018\/05\/ndice-6-112x200.jpg 112w, https:\/\/goias.gov.br\/policiacivil\/wp-content\/uploads\/sites\/71\/2018\/05\/ndice-6-169x300.jpg 169w, https:\/\/goias.gov.br\/policiacivil\/wp-content\/uploads\/sites\/71\/2018\/05\/ndice-6-236x420.jpg 236w, https:\/\/goias.gov.br\/policiacivil\/wp-content\/uploads\/sites\/71\/2018\/05\/ndice-6.jpg 461w\" sizes=\"(max-width: 112px) 100vw, 112px\" \/><\/a>O Grupo de Investiga\u00e7\u00f5es de Homic\u00eddios de Planaltina cumpriu, nesta quinta-feira (03), dois mandados de pris\u00e3o em desfavor de Gean Alves do Nascimento e Mateus da Silva Jacinto, suspeitos do homic\u00eddio de Jo\u00e3o Batista Vieira.<\/p>\n<p style=\"text-align: justify;\">O crime aconteceu no dia 25 de mar\u00e7o e foi cometido com requintes de crueldade, ocasi\u00e3o em que os suspeitos desferiram v\u00e1rios golpes com machado na cabe\u00e7a da v\u00edtima, al\u00e9m de tentarem decapt\u00e1-la.<\/p>\n<p style=\"text-align: justify;\">Os dois foram recolhidos e se encontram \u00e0 disposi\u00e7\u00e3o do Poder Judici\u00e1rio.<\/p>\n","protected":false},"excerpt":{"rendered":"<p>O Grupo de Investiga\u00e7\u00f5es de Homic\u00eddios de Planaltina cumpriu, nesta quinta-feira (03), dois mandados de pris\u00e3o em desfavor de Gean Alves do Nascimento e Mateus da Silva Jacinto, suspeitos do homic\u00eddio de Jo\u00e3o Batista Vieira. O crime aconteceu no dia 25 de mar\u00e7o e foi cometido com requintes de crueldade, ocasi\u00e3o em que os suspeitos [&hellip;]<\/p>\n","protected":false},"author":23,"featured_media":63473,"comment_status":"closed","ping_status":"closed","sticky":false,"template":"","format":"standard","meta":{"footnotes":""},"categories":[3198,2538,3187,89,537],"tags":[2366,23,754],"class_list":["post-63472","post","type-post","status-publish","format-standard","has-post-thumbnail","hentry","category-11a-regional","category-delegacias","category-drp","category-regionais","category-ultimo-segundo","tag-11a-drp","tag-homicidio","tag-planaltina"],"rttpg_featured_image_url":{"full":["https:\/\/goias.gov.br\/policiacivil\/wp-content\/uploads\/sites\/71\/2018\/05\/ndice-6.jpg",461,820,false],"landscape":["https:\/\/goias.gov.br\/policiacivil\/wp-content\/uploads\/sites\/71\/2018\/05\/ndice-6.jpg",461,820,false],"portraits":["https:\/\/goias.gov.br\/policiacivil\/wp-content\/uploads\/sites\/71\/2018\/05\/ndice-6.jpg",461,820,false],"thumbnail":["https:\/\/goias.gov.br\/policiacivil\/wp-content\/uploads\/sites\/71\/2018\/05\/ndice-6-300x300.jpg",150,150,true],"medium":["https:\/\/goias.gov.br\/policiacivil\/wp-content\/uploads\/sites\/71\/2018\/05\/ndice-6-112x200.jpg",112,200,true],"large":["https:\/\/goias.gov.br\/policiacivil\/wp-content\/uploads\/sites\/71\/2018\/05\/ndice-6-169x300.jpg",169,300,true],"1536x1536":["https:\/\/goias.gov.br\/policiacivil\/wp-content\/uploads\/sites\/71\/2018\/05\/ndice-6.jpg",461,820,false],"2048x2048":["https:\/\/goias.gov.br\/policiacivil\/wp-content\/uploads\/sites\/71\/2018\/05\/ndice-6.jpg",461,820,false]},"rttpg_author":{"display_name":"claudiacury","author_link":"https:\/\/goias.gov.br\/policiacivil\/author\/claudiacury\/"},"rttpg_comment":0,"rttpg_category":"<a href=\"https:\/\/goias.gov.br\/policiacivil\/categoria\/drp\/11a-regional\/\" rel=\"category tag\">11\u00aa Regional<\/a> <a href=\"https:\/\/goias.gov.br\/policiacivil\/categoria\/delegacias\/\" rel=\"category tag\">Delegacias<\/a> <a href=\"https:\/\/goias.gov.br\/policiacivil\/categoria\/drp\/\" rel=\"category tag\">DRP<\/a> <a href=\"https:\/\/goias.gov.br\/policiacivil\/categoria\/delegacias\/regionais\/\" rel=\"category tag\">Regionais<\/a> <a href=\"https:\/\/goias.gov.br\/policiacivil\/categoria\/ultimo-segundo\/\" rel=\"category tag\">\u00daltimo Segundo<\/a>","rttpg_excerpt":"O Grupo de Investiga\u00e7\u00f5es de Homic\u00eddios de Planaltina cumpriu, nesta quinta-feira (03), dois mandados de pris\u00e3o em desfavor de Gean Alves do Nascimento e Mateus da Silva Jacinto, suspeitos do homic\u00eddio de Jo\u00e3o Batista Vieira. O crime aconteceu no dia 25 de mar\u00e7o e foi cometido com requintes de crueldade, ocasi\u00e3o em que os suspeitos&hellip;","_links":{"self":[{"href":"https:\/\/goias.gov.br\/policiacivil\/wp-json\/wp\/v2\/posts\/63472","targetHints":{"allow":["GET"]}}],"collection":[{"href":"https:\/\/goias.gov.br\/policiacivil\/wp-json\/wp\/v2\/posts"}],"about":[{"href":"https:\/\/goias.gov.br\/policiacivil\/wp-json\/wp\/v2\/types\/post"}],"author":[{"embeddable":true,"href":"https:\/\/goias.gov.br\/policiacivil\/wp-json\/wp\/v2\/users\/23"}],"replies":[{"embeddable":true,"href":"https:\/\/goias.gov.br\/policiacivil\/wp-json\/wp\/v2\/comments?post=63472"}],"version-history":[{"count":0,"href":"https:\/\/goias.gov.br\/policiacivil\/wp-json\/wp\/v2\/posts\/63472\/revisions"}],"wp:featuredmedia":[{"embeddable":true,"href":"https:\/\/goias.gov.br\/policiacivil\/wp-json\/wp\/v2\/media\/63473"}],"wp:attachment":[{"href":"https:\/\/goias.gov.br\/policiacivil\/wp-json\/wp\/v2\/media?parent=63472"}],"wp:term":[{"taxonomy":"category","embeddable":true,"href":"https:\/\/goias.gov.br\/policiacivil\/wp-json\/wp\/v2\/categories?post=63472"},{"taxonomy":"post_tag","embeddable":true,"href":"https:\/\/goias.gov.br\/policiacivil\/wp-json\/wp\/v2\/tags?post=63472"}],"curies":[{"name":"wp","href":"https:\/\/api.w.org\/{rel}","templated":true}]}}