

{"id":63149,"date":"2018-04-24T16:14:50","date_gmt":"2018-04-24T19:14:50","guid":{"rendered":"https:\/\/goias.gov.br\/policiacivil\/?p=63149"},"modified":"2018-04-24T16:14:50","modified_gmt":"2018-04-24T19:14:50","slug":"programa-escola-itinerante-da-pc-tem-inicio-em-rio-verde","status":"publish","type":"post","link":"https:\/\/goias.gov.br\/policiacivil\/programa-escola-itinerante-da-pc-tem-inicio-em-rio-verde\/","title":{"rendered":"Programa Escola Itinerante da PC tem in\u00edcio em Rio Verde"},"content":{"rendered":"<p style=\"text-align: justify;\"><a href=\" https:\/\/goias.gov.br\/policiacivil\/wp-content\/uploads\/sites\/71\/2018\/04\/2e6e0765-5bf4-47ac-b027-5ae036a92f6e.jpg\"><img decoding=\"async\" class=\"alignleft size-medium wp-image-63150\" src=\" https:\/\/goias.gov.br\/policiacivil\/wp-content\/uploads\/sites\/71\/2018\/04\/2e6e0765-5bf4-47ac-b027-5ae036a92f6e-220x165.jpg\" alt=\"\" width=\"220\" height=\"165\" srcset=\"https:\/\/goias.gov.br\/policiacivil\/wp-content\/uploads\/sites\/71\/2018\/04\/2e6e0765-5bf4-47ac-b027-5ae036a92f6e-220x165.jpg 220w, https:\/\/goias.gov.br\/policiacivil\/wp-content\/uploads\/sites\/71\/2018\/04\/2e6e0765-5bf4-47ac-b027-5ae036a92f6e-768x576.jpg 768w, https:\/\/goias.gov.br\/policiacivil\/wp-content\/uploads\/sites\/71\/2018\/04\/2e6e0765-5bf4-47ac-b027-5ae036a92f6e-350x263.jpg 350w, https:\/\/goias.gov.br\/policiacivil\/wp-content\/uploads\/sites\/71\/2018\/04\/2e6e0765-5bf4-47ac-b027-5ae036a92f6e-80x60.jpg 80w, https:\/\/goias.gov.br\/policiacivil\/wp-content\/uploads\/sites\/71\/2018\/04\/2e6e0765-5bf4-47ac-b027-5ae036a92f6e-160x120.jpg 160w, https:\/\/goias.gov.br\/policiacivil\/wp-content\/uploads\/sites\/71\/2018\/04\/2e6e0765-5bf4-47ac-b027-5ae036a92f6e-265x198.jpg 265w, https:\/\/goias.gov.br\/policiacivil\/wp-content\/uploads\/sites\/71\/2018\/04\/2e6e0765-5bf4-47ac-b027-5ae036a92f6e-530x396.jpg 530w, https:\/\/goias.gov.br\/policiacivil\/wp-content\/uploads\/sites\/71\/2018\/04\/2e6e0765-5bf4-47ac-b027-5ae036a92f6e-696x522.jpg 696w, https:\/\/goias.gov.br\/policiacivil\/wp-content\/uploads\/sites\/71\/2018\/04\/2e6e0765-5bf4-47ac-b027-5ae036a92f6e-560x420.jpg 560w, https:\/\/goias.gov.br\/policiacivil\/wp-content\/uploads\/sites\/71\/2018\/04\/2e6e0765-5bf4-47ac-b027-5ae036a92f6e.jpg 820w\" sizes=\"(max-width: 220px) 100vw, 220px\" \/><\/a>Teve in\u00edcio, na manh\u00e3 desta ter\u00e7a-feira (24), em Rio Verde, o Programa Escola Itinerante \u2013 2018, promovido pela Escola Superior da Pol\u00edcia Civil.\u00a0Policiais Civis de todas as cidades que comp\u00f5em a regional de Rio Verde est\u00e3o passando por um novo treinamento.<\/p>\n<p style=\"text-align: justify;\">Durante quatro dias, cerca de 90 policiais civis das delegacias e grupos especializados estar\u00e3o reunidos no audit\u00f3rio da 8\u00aa Delegacia Regional e no Clube de Tiros de Rio Verde. As palestras e cursos s\u00e3o de no\u00e7\u00f5es de Intelig\u00eancia, local de crime, relat\u00f3rio policial, atualiza\u00e7\u00e3o em pistola, abordagem, algemamento e imobiliza\u00e7\u00e3o, habilita\u00e7\u00e3o em carabina e submetralhadora.<\/p>\n<p style=\"text-align: justify;\">Os participantes est\u00e3o recebendo informa\u00e7\u00f5es sobre novas t\u00e9cnicas de trabalho, com treinamentos ministrados por instrutores de Rio Verde e Goi\u00e2nia.<\/p>\n","protected":false},"excerpt":{"rendered":"<p>Teve in\u00edcio, na manh\u00e3 desta ter\u00e7a-feira (24), em Rio Verde, o Programa Escola Itinerante \u2013 2018, promovido pela Escola Superior da Pol\u00edcia Civil.\u00a0Policiais Civis de todas as cidades que comp\u00f5em a regional de Rio Verde est\u00e3o passando por um novo treinamento. Durante quatro dias, cerca de 90 policiais civis das delegacias e grupos especializados estar\u00e3o [&hellip;]<\/p>\n","protected":false},"author":23,"featured_media":63150,"comment_status":"closed","ping_status":"closed","sticky":false,"template":"","format":"standard","meta":{"footnotes":""},"categories":[3195,2538,3187,156,89,537],"tags":[2112,5883,39],"class_list":["post-63149","post","type-post","status-publish","format-standard","has-post-thumbnail","hentry","category-8a-regional","category-delegacias","category-drp","category-policia-civil-no-interior","category-regionais","category-ultimo-segundo","tag-8a-drp","tag-escola-itinerante-da-policia-civil","tag-rio-verde"],"rttpg_featured_image_url":{"full":["https:\/\/goias.gov.br\/policiacivil\/wp-content\/uploads\/sites\/71\/2018\/04\/2e6e0765-5bf4-47ac-b027-5ae036a92f6e.jpg",820,615,false],"landscape":["https:\/\/goias.gov.br\/policiacivil\/wp-content\/uploads\/sites\/71\/2018\/04\/2e6e0765-5bf4-47ac-b027-5ae036a92f6e.jpg",820,615,false],"portraits":["https:\/\/goias.gov.br\/policiacivil\/wp-content\/uploads\/sites\/71\/2018\/04\/2e6e0765-5bf4-47ac-b027-5ae036a92f6e.jpg",820,615,false],"thumbnail":["https:\/\/goias.gov.br\/policiacivil\/wp-content\/uploads\/sites\/71\/2018\/04\/2e6e0765-5bf4-47ac-b027-5ae036a92f6e-300x300.jpg",150,150,true],"medium":["https:\/\/goias.gov.br\/policiacivil\/wp-content\/uploads\/sites\/71\/2018\/04\/2e6e0765-5bf4-47ac-b027-5ae036a92f6e-220x165.jpg",220,165,true],"large":["https:\/\/goias.gov.br\/policiacivil\/wp-content\/uploads\/sites\/71\/2018\/04\/2e6e0765-5bf4-47ac-b027-5ae036a92f6e-350x263.jpg",350,263,true],"1536x1536":["https:\/\/goias.gov.br\/policiacivil\/wp-content\/uploads\/sites\/71\/2018\/04\/2e6e0765-5bf4-47ac-b027-5ae036a92f6e.jpg",820,615,false],"2048x2048":["https:\/\/goias.gov.br\/policiacivil\/wp-content\/uploads\/sites\/71\/2018\/04\/2e6e0765-5bf4-47ac-b027-5ae036a92f6e.jpg",820,615,false]},"rttpg_author":{"display_name":"claudiacury","author_link":"https:\/\/goias.gov.br\/policiacivil\/author\/claudiacury\/"},"rttpg_comment":0,"rttpg_category":"<a href=\"https:\/\/goias.gov.br\/policiacivil\/categoria\/drp\/8a-regional\/\" rel=\"category tag\">8\u00aa Regional<\/a> <a href=\"https:\/\/goias.gov.br\/policiacivil\/categoria\/delegacias\/\" rel=\"category tag\">Delegacias<\/a> <a href=\"https:\/\/goias.gov.br\/policiacivil\/categoria\/drp\/\" rel=\"category tag\">DRP<\/a> <a href=\"https:\/\/goias.gov.br\/policiacivil\/categoria\/policia-civil-no-interior\/\" rel=\"category tag\">Pol\u00edcia Civil no Interior<\/a> <a href=\"https:\/\/goias.gov.br\/policiacivil\/categoria\/delegacias\/regionais\/\" rel=\"category tag\">Regionais<\/a> <a href=\"https:\/\/goias.gov.br\/policiacivil\/categoria\/ultimo-segundo\/\" rel=\"category tag\">\u00daltimo Segundo<\/a>","rttpg_excerpt":"Teve in\u00edcio, na manh\u00e3 desta ter\u00e7a-feira (24), em Rio Verde, o Programa Escola Itinerante \u2013 2018, promovido pela Escola Superior da Pol\u00edcia Civil.\u00a0Policiais Civis de todas as cidades que comp\u00f5em a regional de Rio Verde est\u00e3o passando por um novo treinamento. Durante quatro dias, cerca de 90 policiais civis das delegacias e grupos especializados estar\u00e3o&hellip;","_links":{"self":[{"href":"https:\/\/goias.gov.br\/policiacivil\/wp-json\/wp\/v2\/posts\/63149","targetHints":{"allow":["GET"]}}],"collection":[{"href":"https:\/\/goias.gov.br\/policiacivil\/wp-json\/wp\/v2\/posts"}],"about":[{"href":"https:\/\/goias.gov.br\/policiacivil\/wp-json\/wp\/v2\/types\/post"}],"author":[{"embeddable":true,"href":"https:\/\/goias.gov.br\/policiacivil\/wp-json\/wp\/v2\/users\/23"}],"replies":[{"embeddable":true,"href":"https:\/\/goias.gov.br\/policiacivil\/wp-json\/wp\/v2\/comments?post=63149"}],"version-history":[{"count":0,"href":"https:\/\/goias.gov.br\/policiacivil\/wp-json\/wp\/v2\/posts\/63149\/revisions"}],"wp:featuredmedia":[{"embeddable":true,"href":"https:\/\/goias.gov.br\/policiacivil\/wp-json\/wp\/v2\/media\/63150"}],"wp:attachment":[{"href":"https:\/\/goias.gov.br\/policiacivil\/wp-json\/wp\/v2\/media?parent=63149"}],"wp:term":[{"taxonomy":"category","embeddable":true,"href":"https:\/\/goias.gov.br\/policiacivil\/wp-json\/wp\/v2\/categories?post=63149"},{"taxonomy":"post_tag","embeddable":true,"href":"https:\/\/goias.gov.br\/policiacivil\/wp-json\/wp\/v2\/tags?post=63149"}],"curies":[{"name":"wp","href":"https:\/\/api.w.org\/{rel}","templated":true}]}}