

{"id":62831,"date":"2018-04-14T12:55:58","date_gmt":"2018-04-14T15:55:58","guid":{"rendered":"https:\/\/goias.gov.br\/policiacivil\/?p=62831"},"modified":"2018-04-14T12:55:58","modified_gmt":"2018-04-14T15:55:58","slug":"individuos-colocam-fogo-em-delegacia-de-israelandia-e-acabam-presos-logo-depois","status":"publish","type":"post","link":"https:\/\/goias.gov.br\/policiacivil\/individuos-colocam-fogo-em-delegacia-de-israelandia-e-acabam-presos-logo-depois\/","title":{"rendered":"Indiv\u00edduos colocam fogo em Delegacia de Israel\u00e2ndia e acabam presos logo depois"},"content":{"rendered":"<p style=\"text-align: justify;\"><a href=\" https:\/\/goias.gov.br\/policiacivil\/wp-content\/uploads\/sites\/71\/2018\/04\/632f3e6e-787e-4c6d-a9fe-c06181b4c69f.jpg\"><img decoding=\"async\" class=\"alignleft size-medium wp-image-62832\" src=\" https:\/\/goias.gov.br\/policiacivil\/wp-content\/uploads\/sites\/71\/2018\/04\/632f3e6e-787e-4c6d-a9fe-c06181b4c69f-112x200.jpg\" alt=\"\" width=\"112\" height=\"200\" srcset=\"https:\/\/goias.gov.br\/policiacivil\/wp-content\/uploads\/sites\/71\/2018\/04\/632f3e6e-787e-4c6d-a9fe-c06181b4c69f-112x200.jpg 112w, https:\/\/goias.gov.br\/policiacivil\/wp-content\/uploads\/sites\/71\/2018\/04\/632f3e6e-787e-4c6d-a9fe-c06181b4c69f-169x300.jpg 169w, https:\/\/goias.gov.br\/policiacivil\/wp-content\/uploads\/sites\/71\/2018\/04\/632f3e6e-787e-4c6d-a9fe-c06181b4c69f-236x420.jpg 236w, https:\/\/goias.gov.br\/policiacivil\/wp-content\/uploads\/sites\/71\/2018\/04\/632f3e6e-787e-4c6d-a9fe-c06181b4c69f.jpg 461w\" sizes=\"(max-width: 112px) 100vw, 112px\" \/><\/a>Na madrugada desta sexta-feira (13), a Pol\u00edcia Civil foi informada de um foco de inc\u00eandio na Delegacia de Pol\u00edcia de Israel\u00e2ndia.<\/p>\n<p style=\"text-align: justify;\">Imediatamente, o agente de pol\u00edcia Levingstone Dias Ferreira se dirigiu ao local e constatou o grave ocorrido. Contando com o apoio da equipe de investiga\u00e7\u00f5es da Delegacia de Pol\u00edcia de Ipor\u00e1, dilig\u00eancias iniciais foram realizadas, permitindo assim a pris\u00e3o em flagrante dos autores Marcelo Matias de sousa, vulgo Z\u00e9 pequeno, Marcus Pereira e o adolescente H.E.O.<\/p>\n<p style=\"text-align: justify;\">Objetos subtra\u00eddos da delegacia foram recuperados, o auto de pris\u00e3o em flagrante lavrado na delegacia de Ipor\u00e1, e os autores maiores de idade recolhidos \u00e0 cadeia p\u00fablica do munic\u00edpio. A Pol\u00edcia entrou em contato com o membro do Minist\u00e9rio P\u00fablico local para apresenta\u00e7\u00e3o do menor infrator. Determinou-se que o adolescente fosse entregue aos respons\u00e1veis, tendo sido acionado o Conselho Tutelar.<\/p>\n<p style=\"text-align: justify;\">Apesar da tristeza em ver a sede da Pol\u00edcia Civil completamente destru\u00edda e a felicidade de saber que a institui\u00e7\u00e3o \u00e9 formada por homens e mulheres que n\u00e3o medem esfor\u00e7os para o desempenho de suas fun\u00e7\u00f5es.<\/p>\n","protected":false},"excerpt":{"rendered":"<p>Na madrugada desta sexta-feira (13), a Pol\u00edcia Civil foi informada de um foco de inc\u00eandio na Delegacia de Pol\u00edcia de Israel\u00e2ndia. Imediatamente, o agente de pol\u00edcia Levingstone Dias Ferreira se dirigiu ao local e constatou o grave ocorrido. Contando com o apoio da equipe de investiga\u00e7\u00f5es da Delegacia de Pol\u00edcia de Ipor\u00e1, dilig\u00eancias iniciais foram [&hellip;]<\/p>\n","protected":false},"author":23,"featured_media":62832,"comment_status":"closed","ping_status":"closed","sticky":false,"template":"","format":"standard","meta":{"footnotes":""},"categories":[3194,2538,3187,156,89,537],"tags":[2368,857],"class_list":["post-62831","post","type-post","status-publish","format-standard","has-post-thumbnail","hentry","category-7a-regional","category-delegacias","category-drp","category-policia-civil-no-interior","category-regionais","category-ultimo-segundo","tag-7a-drp","tag-israelandia"],"rttpg_featured_image_url":{"full":["https:\/\/goias.gov.br\/policiacivil\/wp-content\/uploads\/sites\/71\/2018\/04\/632f3e6e-787e-4c6d-a9fe-c06181b4c69f.jpg",461,820,false],"landscape":["https:\/\/goias.gov.br\/policiacivil\/wp-content\/uploads\/sites\/71\/2018\/04\/632f3e6e-787e-4c6d-a9fe-c06181b4c69f.jpg",461,820,false],"portraits":["https:\/\/goias.gov.br\/policiacivil\/wp-content\/uploads\/sites\/71\/2018\/04\/632f3e6e-787e-4c6d-a9fe-c06181b4c69f.jpg",461,820,false],"thumbnail":["https:\/\/goias.gov.br\/policiacivil\/wp-content\/uploads\/sites\/71\/2018\/04\/632f3e6e-787e-4c6d-a9fe-c06181b4c69f-300x300.jpg",150,150,true],"medium":["https:\/\/goias.gov.br\/policiacivil\/wp-content\/uploads\/sites\/71\/2018\/04\/632f3e6e-787e-4c6d-a9fe-c06181b4c69f-112x200.jpg",112,200,true],"large":["https:\/\/goias.gov.br\/policiacivil\/wp-content\/uploads\/sites\/71\/2018\/04\/632f3e6e-787e-4c6d-a9fe-c06181b4c69f-169x300.jpg",169,300,true],"1536x1536":["https:\/\/goias.gov.br\/policiacivil\/wp-content\/uploads\/sites\/71\/2018\/04\/632f3e6e-787e-4c6d-a9fe-c06181b4c69f.jpg",461,820,false],"2048x2048":["https:\/\/goias.gov.br\/policiacivil\/wp-content\/uploads\/sites\/71\/2018\/04\/632f3e6e-787e-4c6d-a9fe-c06181b4c69f.jpg",461,820,false]},"rttpg_author":{"display_name":"claudiacury","author_link":"https:\/\/goias.gov.br\/policiacivil\/author\/claudiacury\/"},"rttpg_comment":0,"rttpg_category":"<a href=\"https:\/\/goias.gov.br\/policiacivil\/categoria\/drp\/7a-regional\/\" rel=\"category tag\">7\u00aa Regional<\/a> <a href=\"https:\/\/goias.gov.br\/policiacivil\/categoria\/delegacias\/\" rel=\"category tag\">Delegacias<\/a> <a href=\"https:\/\/goias.gov.br\/policiacivil\/categoria\/drp\/\" rel=\"category tag\">DRP<\/a> <a href=\"https:\/\/goias.gov.br\/policiacivil\/categoria\/policia-civil-no-interior\/\" rel=\"category tag\">Pol\u00edcia Civil no Interior<\/a> <a href=\"https:\/\/goias.gov.br\/policiacivil\/categoria\/delegacias\/regionais\/\" rel=\"category tag\">Regionais<\/a> <a href=\"https:\/\/goias.gov.br\/policiacivil\/categoria\/ultimo-segundo\/\" rel=\"category tag\">\u00daltimo Segundo<\/a>","rttpg_excerpt":"Na madrugada desta sexta-feira (13), a Pol\u00edcia Civil foi informada de um foco de inc\u00eandio na Delegacia de Pol\u00edcia de Israel\u00e2ndia. Imediatamente, o agente de pol\u00edcia Levingstone Dias Ferreira se dirigiu ao local e constatou o grave ocorrido. Contando com o apoio da equipe de investiga\u00e7\u00f5es da Delegacia de Pol\u00edcia de Ipor\u00e1, dilig\u00eancias iniciais foram&hellip;","_links":{"self":[{"href":"https:\/\/goias.gov.br\/policiacivil\/wp-json\/wp\/v2\/posts\/62831","targetHints":{"allow":["GET"]}}],"collection":[{"href":"https:\/\/goias.gov.br\/policiacivil\/wp-json\/wp\/v2\/posts"}],"about":[{"href":"https:\/\/goias.gov.br\/policiacivil\/wp-json\/wp\/v2\/types\/post"}],"author":[{"embeddable":true,"href":"https:\/\/goias.gov.br\/policiacivil\/wp-json\/wp\/v2\/users\/23"}],"replies":[{"embeddable":true,"href":"https:\/\/goias.gov.br\/policiacivil\/wp-json\/wp\/v2\/comments?post=62831"}],"version-history":[{"count":0,"href":"https:\/\/goias.gov.br\/policiacivil\/wp-json\/wp\/v2\/posts\/62831\/revisions"}],"wp:featuredmedia":[{"embeddable":true,"href":"https:\/\/goias.gov.br\/policiacivil\/wp-json\/wp\/v2\/media\/62832"}],"wp:attachment":[{"href":"https:\/\/goias.gov.br\/policiacivil\/wp-json\/wp\/v2\/media?parent=62831"}],"wp:term":[{"taxonomy":"category","embeddable":true,"href":"https:\/\/goias.gov.br\/policiacivil\/wp-json\/wp\/v2\/categories?post=62831"},{"taxonomy":"post_tag","embeddable":true,"href":"https:\/\/goias.gov.br\/policiacivil\/wp-json\/wp\/v2\/tags?post=62831"}],"curies":[{"name":"wp","href":"https:\/\/api.w.org\/{rel}","templated":true}]}}