

{"id":62311,"date":"2018-04-03T14:03:19","date_gmt":"2018-04-03T17:03:19","guid":{"rendered":"https:\/\/goias.gov.br\/policiacivil\/?p=62311"},"modified":"2018-04-03T14:03:50","modified_gmt":"2018-04-03T17:03:50","slug":"policia-civil-de-aragoiania-prende-foragida-de-roubo-ocorrido-em-aparecida-de-goiania","status":"publish","type":"post","link":"https:\/\/goias.gov.br\/policiacivil\/policia-civil-de-aragoiania-prende-foragida-de-roubo-ocorrido-em-aparecida-de-goiania\/","title":{"rendered":"Pol\u00edcia Civil de Aragoi\u00e2nia prende foragida da Justi\u00e7a"},"content":{"rendered":"<p style=\"text-align: justify;\"><a href=\" https:\/\/goias.gov.br\/policiacivil\/wp-content\/uploads\/sites\/71\/2018\/04\/ndice-2.jpg\"><img decoding=\"async\" class=\"alignleft size-medium wp-image-62312\" src=\" https:\/\/goias.gov.br\/policiacivil\/wp-content\/uploads\/sites\/71\/2018\/04\/ndice-2-112x200.jpg\" alt=\"\" width=\"112\" height=\"200\" srcset=\"https:\/\/goias.gov.br\/policiacivil\/wp-content\/uploads\/sites\/71\/2018\/04\/ndice-2-112x200.jpg 112w, https:\/\/goias.gov.br\/policiacivil\/wp-content\/uploads\/sites\/71\/2018\/04\/ndice-2-169x300.jpg 169w, https:\/\/goias.gov.br\/policiacivil\/wp-content\/uploads\/sites\/71\/2018\/04\/ndice-2-236x420.jpg 236w, https:\/\/goias.gov.br\/policiacivil\/wp-content\/uploads\/sites\/71\/2018\/04\/ndice-2.jpg 461w\" sizes=\"(max-width: 112px) 100vw, 112px\" \/><\/a>A Pol\u00edcia Civil prendeu, nesta ter\u00e7a-feira (03), em Aragoi\u00e2nia, Aline Patricia de Oliveira , foragida de Aparecida de Goi\u00e2nia.Aline responde pelo crime de roubo circunstanciado, ocorrido em 2015n e possu\u00eda mandado de pris\u00e3o em aberto desde 14 de dezembro de 2017.<\/p>\n<p style=\"text-align: justify;\">O delegado Arthur Fleury parabeniza o escriv\u00e3o Aleir Marques e agente Marques Gabriel pela opera\u00e7\u00e3o efetuada<\/p>\n","protected":false},"excerpt":{"rendered":"<p>A Pol\u00edcia Civil prendeu, nesta ter\u00e7a-feira (03), em Aragoi\u00e2nia, Aline Patricia de Oliveira , foragida de Aparecida de Goi\u00e2nia.Aline responde pelo crime de roubo circunstanciado, ocorrido em 2015n e possu\u00eda mandado de pris\u00e3o em aberto desde 14 de dezembro de 2017. O delegado Arthur Fleury parabeniza o escriv\u00e3o Aleir Marques e agente Marques Gabriel pela [&hellip;]<\/p>\n","protected":false},"author":23,"featured_media":62312,"comment_status":"closed","ping_status":"closed","sticky":false,"template":"","format":"standard","meta":{"footnotes":""},"categories":[3189,2538,3187,156,89,537],"tags":[2018,5135,524],"class_list":["post-62311","post","type-post","status-publish","format-standard","has-post-thumbnail","hentry","category-2a-regional","category-delegacias","category-drp","category-policia-civil-no-interior","category-regionais","category-ultimo-segundo","tag-2a-drp","tag-foragida","tag-roubo"],"rttpg_featured_image_url":{"full":["https:\/\/goias.gov.br\/policiacivil\/wp-content\/uploads\/sites\/71\/2018\/04\/ndice-2.jpg",461,820,false],"landscape":["https:\/\/goias.gov.br\/policiacivil\/wp-content\/uploads\/sites\/71\/2018\/04\/ndice-2.jpg",461,820,false],"portraits":["https:\/\/goias.gov.br\/policiacivil\/wp-content\/uploads\/sites\/71\/2018\/04\/ndice-2.jpg",461,820,false],"thumbnail":["https:\/\/goias.gov.br\/policiacivil\/wp-content\/uploads\/sites\/71\/2018\/04\/ndice-2-300x300.jpg",150,150,true],"medium":["https:\/\/goias.gov.br\/policiacivil\/wp-content\/uploads\/sites\/71\/2018\/04\/ndice-2-112x200.jpg",112,200,true],"large":["https:\/\/goias.gov.br\/policiacivil\/wp-content\/uploads\/sites\/71\/2018\/04\/ndice-2-169x300.jpg",169,300,true],"1536x1536":["https:\/\/goias.gov.br\/policiacivil\/wp-content\/uploads\/sites\/71\/2018\/04\/ndice-2.jpg",461,820,false],"2048x2048":["https:\/\/goias.gov.br\/policiacivil\/wp-content\/uploads\/sites\/71\/2018\/04\/ndice-2.jpg",461,820,false]},"rttpg_author":{"display_name":"claudiacury","author_link":"https:\/\/goias.gov.br\/policiacivil\/author\/claudiacury\/"},"rttpg_comment":0,"rttpg_category":"<a href=\"https:\/\/goias.gov.br\/policiacivil\/categoria\/drp\/2a-regional\/\" rel=\"category tag\">2\u00aa Regional<\/a> <a href=\"https:\/\/goias.gov.br\/policiacivil\/categoria\/delegacias\/\" rel=\"category tag\">Delegacias<\/a> <a href=\"https:\/\/goias.gov.br\/policiacivil\/categoria\/drp\/\" rel=\"category tag\">DRP<\/a> <a href=\"https:\/\/goias.gov.br\/policiacivil\/categoria\/policia-civil-no-interior\/\" rel=\"category tag\">Pol\u00edcia Civil no Interior<\/a> <a href=\"https:\/\/goias.gov.br\/policiacivil\/categoria\/delegacias\/regionais\/\" rel=\"category tag\">Regionais<\/a> <a href=\"https:\/\/goias.gov.br\/policiacivil\/categoria\/ultimo-segundo\/\" rel=\"category tag\">\u00daltimo Segundo<\/a>","rttpg_excerpt":"A Pol\u00edcia Civil prendeu, nesta ter\u00e7a-feira (03), em Aragoi\u00e2nia, Aline Patricia de Oliveira , foragida de Aparecida de Goi\u00e2nia.Aline responde pelo crime de roubo circunstanciado, ocorrido em 2015n e possu\u00eda mandado de pris\u00e3o em aberto desde 14 de dezembro de 2017. O delegado Arthur Fleury parabeniza o escriv\u00e3o Aleir Marques e agente Marques Gabriel pela&hellip;","_links":{"self":[{"href":"https:\/\/goias.gov.br\/policiacivil\/wp-json\/wp\/v2\/posts\/62311","targetHints":{"allow":["GET"]}}],"collection":[{"href":"https:\/\/goias.gov.br\/policiacivil\/wp-json\/wp\/v2\/posts"}],"about":[{"href":"https:\/\/goias.gov.br\/policiacivil\/wp-json\/wp\/v2\/types\/post"}],"author":[{"embeddable":true,"href":"https:\/\/goias.gov.br\/policiacivil\/wp-json\/wp\/v2\/users\/23"}],"replies":[{"embeddable":true,"href":"https:\/\/goias.gov.br\/policiacivil\/wp-json\/wp\/v2\/comments?post=62311"}],"version-history":[{"count":0,"href":"https:\/\/goias.gov.br\/policiacivil\/wp-json\/wp\/v2\/posts\/62311\/revisions"}],"wp:featuredmedia":[{"embeddable":true,"href":"https:\/\/goias.gov.br\/policiacivil\/wp-json\/wp\/v2\/media\/62312"}],"wp:attachment":[{"href":"https:\/\/goias.gov.br\/policiacivil\/wp-json\/wp\/v2\/media?parent=62311"}],"wp:term":[{"taxonomy":"category","embeddable":true,"href":"https:\/\/goias.gov.br\/policiacivil\/wp-json\/wp\/v2\/categories?post=62311"},{"taxonomy":"post_tag","embeddable":true,"href":"https:\/\/goias.gov.br\/policiacivil\/wp-json\/wp\/v2\/tags?post=62311"}],"curies":[{"name":"wp","href":"https:\/\/api.w.org\/{rel}","templated":true}]}}