

{"id":62179,"date":"2018-03-27T09:34:53","date_gmt":"2018-03-27T12:34:53","guid":{"rendered":"https:\/\/goias.gov.br\/policiacivil\/?p=62179"},"modified":"2018-03-27T09:34:53","modified_gmt":"2018-03-27T12:34:53","slug":"idoso-e-preso-por-estuprar-tres-irmas-que-a-epoca-do-crime-tinham-entre-seis-e-13-anos","status":"publish","type":"post","link":"https:\/\/goias.gov.br\/policiacivil\/idoso-e-preso-por-estuprar-tres-irmas-que-a-epoca-do-crime-tinham-entre-seis-e-13-anos\/","title":{"rendered":"Idoso \u00e9 preso por estuprar tr\u00eas irm\u00e3s que, \u00e0 \u00e9poca do crime, tinham entre seis e 13 anos"},"content":{"rendered":"<p style=\"text-align: justify;\"><a href=\" https:\/\/goias.gov.br\/policiacivil\/wp-content\/uploads\/sites\/71\/2018\/03\/whatsapp-image-2018-03-26-at-20.jpg\"><img decoding=\"async\" class=\"size-medium wp-image-62180 alignleft\" src=\" https:\/\/goias.gov.br\/policiacivil\/wp-content\/uploads\/sites\/71\/2018\/03\/whatsapp-image-2018-03-26-at-20-220x136.jpg\" alt=\"\" width=\"220\" height=\"136\" srcset=\"https:\/\/goias.gov.br\/policiacivil\/wp-content\/uploads\/sites\/71\/2018\/03\/whatsapp-image-2018-03-26-at-20-220x136.jpg 220w, https:\/\/goias.gov.br\/policiacivil\/wp-content\/uploads\/sites\/71\/2018\/03\/whatsapp-image-2018-03-26-at-20-768x475.jpg 768w, https:\/\/goias.gov.br\/policiacivil\/wp-content\/uploads\/sites\/71\/2018\/03\/whatsapp-image-2018-03-26-at-20-350x216.jpg 350w, https:\/\/goias.gov.br\/policiacivil\/wp-content\/uploads\/sites\/71\/2018\/03\/whatsapp-image-2018-03-26-at-20-356x220.jpg 356w, https:\/\/goias.gov.br\/policiacivil\/wp-content\/uploads\/sites\/71\/2018\/03\/whatsapp-image-2018-03-26-at-20-712x440.jpg 712w, https:\/\/goias.gov.br\/policiacivil\/wp-content\/uploads\/sites\/71\/2018\/03\/whatsapp-image-2018-03-26-at-20-696x430.jpg 696w, https:\/\/goias.gov.br\/policiacivil\/wp-content\/uploads\/sites\/71\/2018\/03\/whatsapp-image-2018-03-26-at-20-679x420.jpg 679w, https:\/\/goias.gov.br\/policiacivil\/wp-content\/uploads\/sites\/71\/2018\/03\/whatsapp-image-2018-03-26-at-20.jpg 820w\" sizes=\"(max-width: 220px) 100vw, 220px\" \/><\/a>Um homem de 70 anos foi preso na segunda-feira (26) por estuprar tr\u00eas irm\u00e3s entre seis e 13 anos de idade \u00e0 \u00e9poca dos fatos, ocorridos em Goiatuba. Ele era padrasto das v\u00edtimas. Os abusos ocorriam quando o autor ficava sozinho com as enteadas. A conjun\u00e7\u00e3o carnal com a v\u00edtima mais jovem, de seis anos, ocorreu quando ela j\u00e1 havia completado oito, e teria perdurado por cinco anos. A m\u00e3e das v\u00edtimas se separou do investigado assim que soube dos fatos.<\/p>\n<p style=\"text-align: justify;\">Com a conclus\u00e3o das investiga\u00e7\u00f5es, representou-se pela pris\u00e3o preventiva ao Judici\u00e1rio Local. Ap\u00f3s a decreta\u00e7\u00e3o da medida judicial, policiais civis conseguiram localizar o autor na tarde e deram cumprimento ao mandado de pris\u00e3o. O crime de estupro de vulner\u00e1vel tem pena de 8 a 15 de reclus\u00e3o, e est\u00e1 previsto no art. 217-A, do C\u00f3digo Penal. Ap\u00f3s procedimentos, o preso foi recolhido na Unidade Prisional de Goiatuba, onde ficara \u00e0 disposi\u00e7\u00e3o da Justi\u00e7a.<\/p>\n","protected":false},"excerpt":{"rendered":"<p>Um homem de 70 anos foi preso na segunda-feira (26) por estuprar tr\u00eas irm\u00e3s entre seis e 13 anos de idade \u00e0 \u00e9poca dos fatos, ocorridos em Goiatuba. Ele era padrasto das v\u00edtimas. Os abusos ocorriam quando o autor ficava sozinho com as enteadas. A conjun\u00e7\u00e3o carnal com a v\u00edtima mais jovem, de seis anos, [&hellip;]<\/p>\n","protected":false},"author":23,"featured_media":62180,"comment_status":"closed","ping_status":"closed","sticky":false,"template":"","format":"standard","meta":{"footnotes":""},"categories":[3193,3,89],"tags":[5793,102,3695,861,276],"class_list":["post-62179","post","type-post","status-publish","format-standard","has-post-thumbnail","hentry","category-6a-regional","category-noticias","category-regionais","tag-estyupro","tag-goiatuba","tag-irmas","tag-prisao","tag-vulneravel"],"rttpg_featured_image_url":{"full":["https:\/\/goias.gov.br\/policiacivil\/wp-content\/uploads\/sites\/71\/2018\/03\/whatsapp-image-2018-03-26-at-20.jpg",820,507,false],"landscape":["https:\/\/goias.gov.br\/policiacivil\/wp-content\/uploads\/sites\/71\/2018\/03\/whatsapp-image-2018-03-26-at-20.jpg",820,507,false],"portraits":["https:\/\/goias.gov.br\/policiacivil\/wp-content\/uploads\/sites\/71\/2018\/03\/whatsapp-image-2018-03-26-at-20.jpg",820,507,false],"thumbnail":["https:\/\/goias.gov.br\/policiacivil\/wp-content\/uploads\/sites\/71\/2018\/03\/whatsapp-image-2018-03-26-at-20-300x300.jpg",150,150,true],"medium":["https:\/\/goias.gov.br\/policiacivil\/wp-content\/uploads\/sites\/71\/2018\/03\/whatsapp-image-2018-03-26-at-20-220x136.jpg",220,136,true],"large":["https:\/\/goias.gov.br\/policiacivil\/wp-content\/uploads\/sites\/71\/2018\/03\/whatsapp-image-2018-03-26-at-20-350x216.jpg",350,216,true],"1536x1536":["https:\/\/goias.gov.br\/policiacivil\/wp-content\/uploads\/sites\/71\/2018\/03\/whatsapp-image-2018-03-26-at-20.jpg",820,507,false],"2048x2048":["https:\/\/goias.gov.br\/policiacivil\/wp-content\/uploads\/sites\/71\/2018\/03\/whatsapp-image-2018-03-26-at-20.jpg",820,507,false]},"rttpg_author":{"display_name":"claudiacury","author_link":"https:\/\/goias.gov.br\/policiacivil\/author\/claudiacury\/"},"rttpg_comment":0,"rttpg_category":"<a href=\"https:\/\/goias.gov.br\/policiacivil\/categoria\/drp\/6a-regional\/\" rel=\"category tag\">6\u00aa Regional<\/a> <a href=\"https:\/\/goias.gov.br\/policiacivil\/categoria\/noticias\/\" rel=\"category tag\">Not\u00edcias<\/a> <a href=\"https:\/\/goias.gov.br\/policiacivil\/categoria\/delegacias\/regionais\/\" rel=\"category tag\">Regionais<\/a>","rttpg_excerpt":"Um homem de 70 anos foi preso na segunda-feira (26) por estuprar tr\u00eas irm\u00e3s entre seis e 13 anos de idade \u00e0 \u00e9poca dos fatos, ocorridos em Goiatuba. Ele era padrasto das v\u00edtimas. Os abusos ocorriam quando o autor ficava sozinho com as enteadas. A conjun\u00e7\u00e3o carnal com a v\u00edtima mais jovem, de seis anos,&hellip;","_links":{"self":[{"href":"https:\/\/goias.gov.br\/policiacivil\/wp-json\/wp\/v2\/posts\/62179","targetHints":{"allow":["GET"]}}],"collection":[{"href":"https:\/\/goias.gov.br\/policiacivil\/wp-json\/wp\/v2\/posts"}],"about":[{"href":"https:\/\/goias.gov.br\/policiacivil\/wp-json\/wp\/v2\/types\/post"}],"author":[{"embeddable":true,"href":"https:\/\/goias.gov.br\/policiacivil\/wp-json\/wp\/v2\/users\/23"}],"replies":[{"embeddable":true,"href":"https:\/\/goias.gov.br\/policiacivil\/wp-json\/wp\/v2\/comments?post=62179"}],"version-history":[{"count":0,"href":"https:\/\/goias.gov.br\/policiacivil\/wp-json\/wp\/v2\/posts\/62179\/revisions"}],"wp:featuredmedia":[{"embeddable":true,"href":"https:\/\/goias.gov.br\/policiacivil\/wp-json\/wp\/v2\/media\/62180"}],"wp:attachment":[{"href":"https:\/\/goias.gov.br\/policiacivil\/wp-json\/wp\/v2\/media?parent=62179"}],"wp:term":[{"taxonomy":"category","embeddable":true,"href":"https:\/\/goias.gov.br\/policiacivil\/wp-json\/wp\/v2\/categories?post=62179"},{"taxonomy":"post_tag","embeddable":true,"href":"https:\/\/goias.gov.br\/policiacivil\/wp-json\/wp\/v2\/tags?post=62179"}],"curies":[{"name":"wp","href":"https:\/\/api.w.org\/{rel}","templated":true}]}}