

{"id":61988,"date":"2018-03-22T14:06:06","date_gmt":"2018-03-22T17:06:06","guid":{"rendered":"https:\/\/goias.gov.br\/policiacivil\/?p=61988"},"modified":"2018-03-22T14:11:14","modified_gmt":"2018-03-22T17:11:14","slug":"suspeito-de-cometer-homicidio-e-preso-em-guapo","status":"publish","type":"post","link":"https:\/\/goias.gov.br\/policiacivil\/suspeito-de-cometer-homicidio-e-preso-em-guapo\/","title":{"rendered":"Guap\u00f3: Suspeito de cometer homic\u00eddio \u00e9 preso"},"content":{"rendered":"<figure id=\"attachment_61989\" aria-describedby=\"caption-attachment-61989\" style=\"width: 197px\" class=\"wp-caption alignleft\"><a href=\" https:\/\/goias.gov.br\/policiacivil\/wp-content\/uploads\/sites\/71\/2018\/03\/ndice-30.jpg\"><img decoding=\"async\" class=\"size-medium wp-image-61989\" src=\" https:\/\/goias.gov.br\/policiacivil\/wp-content\/uploads\/sites\/71\/2018\/03\/ndice-30-197x200.jpg\" alt=\"\" width=\"197\" height=\"200\" srcset=\"https:\/\/goias.gov.br\/policiacivil\/wp-content\/uploads\/sites\/71\/2018\/03\/ndice-30-197x200.jpg 197w, https:\/\/goias.gov.br\/policiacivil\/wp-content\/uploads\/sites\/71\/2018\/03\/ndice-30-768x780.jpg 768w, https:\/\/goias.gov.br\/policiacivil\/wp-content\/uploads\/sites\/71\/2018\/03\/ndice-30-295x300.jpg 295w, https:\/\/goias.gov.br\/policiacivil\/wp-content\/uploads\/sites\/71\/2018\/03\/ndice-30-356x364.jpg 356w, https:\/\/goias.gov.br\/policiacivil\/wp-content\/uploads\/sites\/71\/2018\/03\/ndice-30-712x728.jpg 712w, https:\/\/goias.gov.br\/policiacivil\/wp-content\/uploads\/sites\/71\/2018\/03\/ndice-30-696x707.jpg 696w, https:\/\/goias.gov.br\/policiacivil\/wp-content\/uploads\/sites\/71\/2018\/03\/ndice-30-413x420.jpg 413w, https:\/\/goias.gov.br\/policiacivil\/wp-content\/uploads\/sites\/71\/2018\/03\/ndice-30.jpg 807w\" sizes=\"(max-width: 197px) 100vw, 197px\" \/><\/a><figcaption id=\"caption-attachment-61989\" class=\"wp-caption-text\">Juan Charles Ferreira<\/figcaption><\/figure>\n<p style=\"text-align: justify;\">A Pol\u00edcia Civil de Guap\u00f3 cumpriu mandado de pris\u00e3o preventiva em desfavor de Juan Charles Ferreira Gon\u00e7alves, pelo crime de homic\u00eddio, nesta quinta-feira (21).<\/p>\n<p style=\"text-align: justify;\">Juan e o amigo, identificado como Bruno da Silva Concei\u00e7\u00e3o, chegaram de moto em uma distribuidora, momento em que Juan desferiu tr\u00eas tiros em Hiure Martins Alves, de 18 anos. A motiva\u00e7\u00e3o ainda est\u00e1 sendo esclarecida no inqu\u00e9rito policial. Bruno est\u00e1 foragido.<\/p>\n<p style=\"text-align: justify;\">Qualquer informa\u00e7\u00e3o ligar no 197 (disque den\u00fancia da pol\u00edcia civil) ou 3552 11 28 (delegacia de Guap\u00f3).<\/p>\n","protected":false},"excerpt":{"rendered":"<p>A Pol\u00edcia Civil de Guap\u00f3 cumpriu mandado de pris\u00e3o preventiva em desfavor de Juan Charles Ferreira Gon\u00e7alves, pelo crime de homic\u00eddio, nesta quinta-feira (21). Juan e o amigo, identificado como Bruno da Silva Concei\u00e7\u00e3o, chegaram de moto em uma distribuidora, momento em que Juan desferiu tr\u00eas tiros em Hiure Martins Alves, de 18 anos. A [&hellip;]<\/p>\n","protected":false},"author":23,"featured_media":61989,"comment_status":"closed","ping_status":"closed","sticky":false,"template":"","format":"standard","meta":{"footnotes":""},"categories":[3189,2538,3187,89,537],"tags":[2018,3020,23],"class_list":["post-61988","post","type-post","status-publish","format-standard","has-post-thumbnail","hentry","category-2a-regional","category-delegacias","category-drp","category-regionais","category-ultimo-segundo","tag-2a-drp","tag-guapo","tag-homicidio"],"rttpg_featured_image_url":{"full":["https:\/\/goias.gov.br\/policiacivil\/wp-content\/uploads\/sites\/71\/2018\/03\/ndice-30.jpg",807,820,false],"landscape":["https:\/\/goias.gov.br\/policiacivil\/wp-content\/uploads\/sites\/71\/2018\/03\/ndice-30.jpg",807,820,false],"portraits":["https:\/\/goias.gov.br\/policiacivil\/wp-content\/uploads\/sites\/71\/2018\/03\/ndice-30.jpg",807,820,false],"thumbnail":["https:\/\/goias.gov.br\/policiacivil\/wp-content\/uploads\/sites\/71\/2018\/03\/ndice-30-300x300.jpg",150,150,true],"medium":["https:\/\/goias.gov.br\/policiacivil\/wp-content\/uploads\/sites\/71\/2018\/03\/ndice-30-197x200.jpg",197,200,true],"large":["https:\/\/goias.gov.br\/policiacivil\/wp-content\/uploads\/sites\/71\/2018\/03\/ndice-30-295x300.jpg",295,300,true],"1536x1536":["https:\/\/goias.gov.br\/policiacivil\/wp-content\/uploads\/sites\/71\/2018\/03\/ndice-30.jpg",807,820,false],"2048x2048":["https:\/\/goias.gov.br\/policiacivil\/wp-content\/uploads\/sites\/71\/2018\/03\/ndice-30.jpg",807,820,false]},"rttpg_author":{"display_name":"claudiacury","author_link":"https:\/\/goias.gov.br\/policiacivil\/author\/claudiacury\/"},"rttpg_comment":0,"rttpg_category":"<a href=\"https:\/\/goias.gov.br\/policiacivil\/categoria\/drp\/2a-regional\/\" rel=\"category tag\">2\u00aa Regional<\/a> <a href=\"https:\/\/goias.gov.br\/policiacivil\/categoria\/delegacias\/\" rel=\"category tag\">Delegacias<\/a> <a href=\"https:\/\/goias.gov.br\/policiacivil\/categoria\/drp\/\" rel=\"category tag\">DRP<\/a> <a href=\"https:\/\/goias.gov.br\/policiacivil\/categoria\/delegacias\/regionais\/\" rel=\"category tag\">Regionais<\/a> <a href=\"https:\/\/goias.gov.br\/policiacivil\/categoria\/ultimo-segundo\/\" rel=\"category tag\">\u00daltimo Segundo<\/a>","rttpg_excerpt":"A Pol\u00edcia Civil de Guap\u00f3 cumpriu mandado de pris\u00e3o preventiva em desfavor de Juan Charles Ferreira Gon\u00e7alves, pelo crime de homic\u00eddio, nesta quinta-feira (21). Juan e o amigo, identificado como Bruno da Silva Concei\u00e7\u00e3o, chegaram de moto em uma distribuidora, momento em que Juan desferiu tr\u00eas tiros em Hiure Martins Alves, de 18 anos. A&hellip;","_links":{"self":[{"href":"https:\/\/goias.gov.br\/policiacivil\/wp-json\/wp\/v2\/posts\/61988","targetHints":{"allow":["GET"]}}],"collection":[{"href":"https:\/\/goias.gov.br\/policiacivil\/wp-json\/wp\/v2\/posts"}],"about":[{"href":"https:\/\/goias.gov.br\/policiacivil\/wp-json\/wp\/v2\/types\/post"}],"author":[{"embeddable":true,"href":"https:\/\/goias.gov.br\/policiacivil\/wp-json\/wp\/v2\/users\/23"}],"replies":[{"embeddable":true,"href":"https:\/\/goias.gov.br\/policiacivil\/wp-json\/wp\/v2\/comments?post=61988"}],"version-history":[{"count":0,"href":"https:\/\/goias.gov.br\/policiacivil\/wp-json\/wp\/v2\/posts\/61988\/revisions"}],"wp:featuredmedia":[{"embeddable":true,"href":"https:\/\/goias.gov.br\/policiacivil\/wp-json\/wp\/v2\/media\/61989"}],"wp:attachment":[{"href":"https:\/\/goias.gov.br\/policiacivil\/wp-json\/wp\/v2\/media?parent=61988"}],"wp:term":[{"taxonomy":"category","embeddable":true,"href":"https:\/\/goias.gov.br\/policiacivil\/wp-json\/wp\/v2\/categories?post=61988"},{"taxonomy":"post_tag","embeddable":true,"href":"https:\/\/goias.gov.br\/policiacivil\/wp-json\/wp\/v2\/tags?post=61988"}],"curies":[{"name":"wp","href":"https:\/\/api.w.org\/{rel}","templated":true}]}}