

{"id":61800,"date":"2018-03-20T08:46:29","date_gmt":"2018-03-20T11:46:29","guid":{"rendered":"https:\/\/goias.gov.br\/policiacivil\/?p=61800"},"modified":"2018-03-20T09:35:36","modified_gmt":"2018-03-20T12:35:36","slug":"genarc-anapolis-prende-suspeitos-de-traficarem-drogas","status":"publish","type":"post","link":"https:\/\/goias.gov.br\/policiacivil\/genarc-anapolis-prende-suspeitos-de-traficarem-drogas\/","title":{"rendered":"Genarc An\u00e1polis prende suspeitos de traficarem drogas"},"content":{"rendered":"<p style=\"text-align: justify;\"><a href=\" https:\/\/goias.gov.br\/policiacivil\/wp-content\/uploads\/sites\/71\/2018\/03\/ndice-19.jpg\"><img decoding=\"async\" class=\"alignleft wp-image-61801 size-medium\" src=\" https:\/\/goias.gov.br\/policiacivil\/wp-content\/uploads\/sites\/71\/2018\/03\/ndice-19-220x165.jpg\" alt=\"\" width=\"220\" height=\"165\" srcset=\"https:\/\/goias.gov.br\/policiacivil\/wp-content\/uploads\/sites\/71\/2018\/03\/ndice-19-220x165.jpg 220w, https:\/\/goias.gov.br\/policiacivil\/wp-content\/uploads\/sites\/71\/2018\/03\/ndice-19-768x576.jpg 768w, https:\/\/goias.gov.br\/policiacivil\/wp-content\/uploads\/sites\/71\/2018\/03\/ndice-19-350x263.jpg 350w, https:\/\/goias.gov.br\/policiacivil\/wp-content\/uploads\/sites\/71\/2018\/03\/ndice-19.jpg 820w\" sizes=\"(max-width: 220px) 100vw, 220px\" \/><\/a>O Grupo Especial de Repress\u00e3o a Narc\u00f3ticos (Genarc) de An\u00e1polis prendeu, nesta segunda-feira (19), dois indiv\u00edduos pela pr\u00e1tica do crime de tr\u00e1fico de drogas na regi\u00e3o da Vila Jandaia.<\/p>\n<p style=\"text-align: justify;\">No interior da resid\u00eancia dos autuados, foram encontradas por\u00e7\u00f5es de drogas, balan\u00e7a de precis\u00e3o e grande quantidade de dinheiro em diversas notas de pequeno valor. Os capturados foram autuados em flagrante delito e ser\u00e3o encaminhados \u00e0 Cadeia P\u00fablica de An\u00e1polis.<\/p>\n","protected":false},"excerpt":{"rendered":"<p>O Grupo Especial de Repress\u00e3o a Narc\u00f3ticos (Genarc) de An\u00e1polis prendeu, nesta segunda-feira (19), dois indiv\u00edduos pela pr\u00e1tica do crime de tr\u00e1fico de drogas na regi\u00e3o da Vila Jandaia. No interior da resid\u00eancia dos autuados, foram encontradas por\u00e7\u00f5es de drogas, balan\u00e7a de precis\u00e3o e grande quantidade de dinheiro em diversas notas de pequeno valor. Os [&hellip;]<\/p>\n","protected":false},"author":23,"featured_media":61802,"comment_status":"closed","ping_status":"closed","sticky":false,"template":"","format":"standard","meta":{"footnotes":""},"categories":[3190,2538,3187,156,89,537],"tags":[1477,31,5509],"class_list":["post-61800","post","type-post","status-publish","format-standard","has-post-thumbnail","hentry","category-3a-regional","category-delegacias","category-drp","category-policia-civil-no-interior","category-regionais","category-ultimo-segundo","tag-3a-drp","tag-anapolis","tag-trafico-de-drogas"],"rttpg_featured_image_url":{"full":["https:\/\/goias.gov.br\/policiacivil\/wp-content\/uploads\/sites\/71\/2018\/03\/ndice45615.jpg",615,820,false],"landscape":["https:\/\/goias.gov.br\/policiacivil\/wp-content\/uploads\/sites\/71\/2018\/03\/ndice45615.jpg",615,820,false],"portraits":["https:\/\/goias.gov.br\/policiacivil\/wp-content\/uploads\/sites\/71\/2018\/03\/ndice45615.jpg",615,820,false],"thumbnail":["https:\/\/goias.gov.br\/policiacivil\/wp-content\/uploads\/sites\/71\/2018\/03\/ndice45615-300x300.jpg",150,150,true],"medium":["https:\/\/goias.gov.br\/policiacivil\/wp-content\/uploads\/sites\/71\/2018\/03\/ndice45615-150x200.jpg",150,200,true],"large":["https:\/\/goias.gov.br\/policiacivil\/wp-content\/uploads\/sites\/71\/2018\/03\/ndice45615-225x300.jpg",225,300,true],"1536x1536":["https:\/\/goias.gov.br\/policiacivil\/wp-content\/uploads\/sites\/71\/2018\/03\/ndice45615.jpg",615,820,false],"2048x2048":["https:\/\/goias.gov.br\/policiacivil\/wp-content\/uploads\/sites\/71\/2018\/03\/ndice45615.jpg",615,820,false]},"rttpg_author":{"display_name":"claudiacury","author_link":"https:\/\/goias.gov.br\/policiacivil\/author\/claudiacury\/"},"rttpg_comment":0,"rttpg_category":"<a href=\"https:\/\/goias.gov.br\/policiacivil\/categoria\/drp\/3a-regional\/\" rel=\"category tag\">3\u00aa Regional<\/a> <a href=\"https:\/\/goias.gov.br\/policiacivil\/categoria\/delegacias\/\" rel=\"category tag\">Delegacias<\/a> <a href=\"https:\/\/goias.gov.br\/policiacivil\/categoria\/drp\/\" rel=\"category tag\">DRP<\/a> <a href=\"https:\/\/goias.gov.br\/policiacivil\/categoria\/policia-civil-no-interior\/\" rel=\"category tag\">Pol\u00edcia Civil no Interior<\/a> <a href=\"https:\/\/goias.gov.br\/policiacivil\/categoria\/delegacias\/regionais\/\" rel=\"category tag\">Regionais<\/a> <a href=\"https:\/\/goias.gov.br\/policiacivil\/categoria\/ultimo-segundo\/\" rel=\"category tag\">\u00daltimo Segundo<\/a>","rttpg_excerpt":"O Grupo Especial de Repress\u00e3o a Narc\u00f3ticos (Genarc) de An\u00e1polis prendeu, nesta segunda-feira (19), dois indiv\u00edduos pela pr\u00e1tica do crime de tr\u00e1fico de drogas na regi\u00e3o da Vila Jandaia. No interior da resid\u00eancia dos autuados, foram encontradas por\u00e7\u00f5es de drogas, balan\u00e7a de precis\u00e3o e grande quantidade de dinheiro em diversas notas de pequeno valor. Os&hellip;","_links":{"self":[{"href":"https:\/\/goias.gov.br\/policiacivil\/wp-json\/wp\/v2\/posts\/61800","targetHints":{"allow":["GET"]}}],"collection":[{"href":"https:\/\/goias.gov.br\/policiacivil\/wp-json\/wp\/v2\/posts"}],"about":[{"href":"https:\/\/goias.gov.br\/policiacivil\/wp-json\/wp\/v2\/types\/post"}],"author":[{"embeddable":true,"href":"https:\/\/goias.gov.br\/policiacivil\/wp-json\/wp\/v2\/users\/23"}],"replies":[{"embeddable":true,"href":"https:\/\/goias.gov.br\/policiacivil\/wp-json\/wp\/v2\/comments?post=61800"}],"version-history":[{"count":0,"href":"https:\/\/goias.gov.br\/policiacivil\/wp-json\/wp\/v2\/posts\/61800\/revisions"}],"wp:featuredmedia":[{"embeddable":true,"href":"https:\/\/goias.gov.br\/policiacivil\/wp-json\/wp\/v2\/media\/61802"}],"wp:attachment":[{"href":"https:\/\/goias.gov.br\/policiacivil\/wp-json\/wp\/v2\/media?parent=61800"}],"wp:term":[{"taxonomy":"category","embeddable":true,"href":"https:\/\/goias.gov.br\/policiacivil\/wp-json\/wp\/v2\/categories?post=61800"},{"taxonomy":"post_tag","embeddable":true,"href":"https:\/\/goias.gov.br\/policiacivil\/wp-json\/wp\/v2\/tags?post=61800"}],"curies":[{"name":"wp","href":"https:\/\/api.w.org\/{rel}","templated":true}]}}