

{"id":61336,"date":"2018-03-08T11:35:52","date_gmt":"2018-03-08T14:35:52","guid":{"rendered":"https:\/\/goias.gov.br\/policiacivil\/?p=61336"},"modified":"2018-03-08T11:35:52","modified_gmt":"2018-03-08T14:35:52","slug":"seguranca-publica-e-discutida-na-camara-de-anapolis","status":"publish","type":"post","link":"https:\/\/goias.gov.br\/policiacivil\/seguranca-publica-e-discutida-na-camara-de-anapolis\/","title":{"rendered":"Seguran\u00e7a p\u00fablica \u00e9 discutida na C\u00e2mara de An\u00e1polis"},"content":{"rendered":"<p style=\"text-align: justify;\"><a href=\" https:\/\/goias.gov.br\/policiacivil\/wp-content\/uploads\/sites\/71\/2018\/03\/ndice-8.jpg\"><img decoding=\"async\" class=\"alignleft wp-image-61337 size-medium\" src=\" https:\/\/goias.gov.br\/policiacivil\/wp-content\/uploads\/sites\/71\/2018\/03\/ndice-8-200x200.jpg\" alt=\"\" width=\"200\" height=\"200\" srcset=\"https:\/\/goias.gov.br\/policiacivil\/wp-content\/uploads\/sites\/71\/2018\/03\/ndice-8-200x200.jpg 200w, https:\/\/goias.gov.br\/policiacivil\/wp-content\/uploads\/sites\/71\/2018\/03\/ndice-8-300x300.jpg 300w, https:\/\/goias.gov.br\/policiacivil\/wp-content\/uploads\/sites\/71\/2018\/03\/ndice-8-768x768.jpg 768w, https:\/\/goias.gov.br\/policiacivil\/wp-content\/uploads\/sites\/71\/2018\/03\/ndice-8-696x696.jpg 696w, https:\/\/goias.gov.br\/policiacivil\/wp-content\/uploads\/sites\/71\/2018\/03\/ndice-8-420x420.jpg 420w, https:\/\/goias.gov.br\/policiacivil\/wp-content\/uploads\/sites\/71\/2018\/03\/ndice-8.jpg 820w\" sizes=\"(max-width: 200px) 100vw, 200px\" \/><\/a>A C\u00e2mara de Vereadores de An\u00e1polis, realizou, na tarde desta quarta-feira (7), uma audi\u00eancia p\u00fablica para discutir seguran\u00e7a p\u00fablica. O secret\u00e1rio de Seguran\u00e7a P\u00fablica, Irapuan Costa J\u00fanior, foi convidado para responder questionamentos feitos pelos parlamentares e pela popula\u00e7\u00e3o da cidade.<\/p>\n<p style=\"text-align: justify;\">A vereadora Geli Sanches solicitou que seja criado o plant\u00e3o na Delegacia da Mulher. J\u00e1 Luiz Lacerda reivindicou mais viaturas, efetivo e equipamentos para as Pol\u00edcias Civil e Militar. \u201cA gente sabe que muitas vezes, por quest\u00e3o de hierarquia, os policiais n\u00e3o reclamam. Mas a gente pode falar. Pode cobrar por melhor estrutura para os nossos policiais que s\u00e3o considerados bons policiais\u201d, destacou. Outros vereadores foram na mesma dire\u00e7\u00e3o, pedindo aten\u00e7\u00e3o do secret\u00e1rio para que os \u00edndices de criminalidade sejam reduzidos na cidade. Solicitaram ainda que os presos de An\u00e1polis fiquem na cidade e que o pres\u00eddio n\u00e3o receba detentos de outros lugares.<\/p>\n<p style=\"text-align: justify;\">Ao responder \u00e0s perguntas, Irapuan disse que a quest\u00e3o penitenci\u00e1ria est\u00e1 a cargo do Diretor Geral de Administra\u00e7\u00e3o Penitenci\u00e1ria, Coronel Edson Costa, que deve fazer uma an\u00e1lise a respeito. O secret\u00e1rio prometeu que em breve o efetivo de policiais, o n\u00famero de viaturas, armamentos e equipamentos ser\u00e1 maior.<\/p>\n<p style=\"text-align: justify;\">O plant\u00e3o da Delegacia da Mulher, de acordo com Irapuan, tamb\u00e9m ser\u00e1 realidade. \u201cFaremos tudo para que a popula\u00e7\u00e3o tenha seguran\u00e7a\u201d, salientou. \u201cReconhe\u00e7o a qualidade dos nossos policiais e vou lutar para dar melhores condi\u00e7\u00f5es de trabalho a eles\u201d, garantiu.<\/p>\n<p style=\"text-align: justify;\">A titular da 3\u00aa Delegacia Regional da Pol\u00edcia Civil de An\u00e1polis, delegada Aline Vilela, disse que a corpora\u00e7\u00e3o trabalha diuturnamente para solucionar os crimes na cidade. Na ocasi\u00e3o, elogiou a postura do secret\u00e1rio Irapuan Costa J\u00fanior ao apoiar os policiais em suas atividades. \u201cEssa atitude nos deixa seguros de que podemos trabalhar com mais tranquilidade\u201d, ressaltou.<\/p>\n<p style=\"text-align: justify;\">\u00c0 audi\u00eancia compareceram policiais civis, militares, moradores e profissionais da imprensa.<\/p>\n","protected":false},"excerpt":{"rendered":"<p>A C\u00e2mara de Vereadores de An\u00e1polis, realizou, na tarde desta quarta-feira (7), uma audi\u00eancia p\u00fablica para discutir seguran\u00e7a p\u00fablica. O secret\u00e1rio de Seguran\u00e7a P\u00fablica, Irapuan Costa J\u00fanior, foi convidado para responder questionamentos feitos pelos parlamentares e pela popula\u00e7\u00e3o da cidade. A vereadora Geli Sanches solicitou que seja criado o plant\u00e3o na Delegacia da Mulher. J\u00e1 [&hellip;]<\/p>\n","protected":false},"author":23,"featured_media":61337,"comment_status":"closed","ping_status":"closed","sticky":false,"template":"","format":"standard","meta":{"footnotes":""},"categories":[3190,2538,3187,156,89,537],"tags":[1477,31,2307],"class_list":["post-61336","post","type-post","status-publish","format-standard","has-post-thumbnail","hentry","category-3a-regional","category-delegacias","category-drp","category-policia-civil-no-interior","category-regionais","category-ultimo-segundo","tag-3a-drp","tag-anapolis","tag-seguranca-publica"],"rttpg_featured_image_url":{"full":["https:\/\/goias.gov.br\/policiacivil\/wp-content\/uploads\/sites\/71\/2018\/03\/ndice-8.jpg",820,820,false],"landscape":["https:\/\/goias.gov.br\/policiacivil\/wp-content\/uploads\/sites\/71\/2018\/03\/ndice-8.jpg",820,820,false],"portraits":["https:\/\/goias.gov.br\/policiacivil\/wp-content\/uploads\/sites\/71\/2018\/03\/ndice-8.jpg",820,820,false],"thumbnail":["https:\/\/goias.gov.br\/policiacivil\/wp-content\/uploads\/sites\/71\/2018\/03\/ndice-8-300x300.jpg",150,150,true],"medium":["https:\/\/goias.gov.br\/policiacivil\/wp-content\/uploads\/sites\/71\/2018\/03\/ndice-8-200x200.jpg",200,200,true],"large":["https:\/\/goias.gov.br\/policiacivil\/wp-content\/uploads\/sites\/71\/2018\/03\/ndice-8-300x300.jpg",300,300,true],"1536x1536":["https:\/\/goias.gov.br\/policiacivil\/wp-content\/uploads\/sites\/71\/2018\/03\/ndice-8.jpg",820,820,false],"2048x2048":["https:\/\/goias.gov.br\/policiacivil\/wp-content\/uploads\/sites\/71\/2018\/03\/ndice-8.jpg",820,820,false]},"rttpg_author":{"display_name":"claudiacury","author_link":"https:\/\/goias.gov.br\/policiacivil\/author\/claudiacury\/"},"rttpg_comment":0,"rttpg_category":"<a href=\"https:\/\/goias.gov.br\/policiacivil\/categoria\/drp\/3a-regional\/\" rel=\"category tag\">3\u00aa Regional<\/a> <a href=\"https:\/\/goias.gov.br\/policiacivil\/categoria\/delegacias\/\" rel=\"category tag\">Delegacias<\/a> <a href=\"https:\/\/goias.gov.br\/policiacivil\/categoria\/drp\/\" rel=\"category tag\">DRP<\/a> <a href=\"https:\/\/goias.gov.br\/policiacivil\/categoria\/policia-civil-no-interior\/\" rel=\"category tag\">Pol\u00edcia Civil no Interior<\/a> <a href=\"https:\/\/goias.gov.br\/policiacivil\/categoria\/delegacias\/regionais\/\" rel=\"category tag\">Regionais<\/a> <a href=\"https:\/\/goias.gov.br\/policiacivil\/categoria\/ultimo-segundo\/\" rel=\"category tag\">\u00daltimo Segundo<\/a>","rttpg_excerpt":"A C\u00e2mara de Vereadores de An\u00e1polis, realizou, na tarde desta quarta-feira (7), uma audi\u00eancia p\u00fablica para discutir seguran\u00e7a p\u00fablica. O secret\u00e1rio de Seguran\u00e7a P\u00fablica, Irapuan Costa J\u00fanior, foi convidado para responder questionamentos feitos pelos parlamentares e pela popula\u00e7\u00e3o da cidade. A vereadora Geli Sanches solicitou que seja criado o plant\u00e3o na Delegacia da Mulher. J\u00e1&hellip;","_links":{"self":[{"href":"https:\/\/goias.gov.br\/policiacivil\/wp-json\/wp\/v2\/posts\/61336","targetHints":{"allow":["GET"]}}],"collection":[{"href":"https:\/\/goias.gov.br\/policiacivil\/wp-json\/wp\/v2\/posts"}],"about":[{"href":"https:\/\/goias.gov.br\/policiacivil\/wp-json\/wp\/v2\/types\/post"}],"author":[{"embeddable":true,"href":"https:\/\/goias.gov.br\/policiacivil\/wp-json\/wp\/v2\/users\/23"}],"replies":[{"embeddable":true,"href":"https:\/\/goias.gov.br\/policiacivil\/wp-json\/wp\/v2\/comments?post=61336"}],"version-history":[{"count":0,"href":"https:\/\/goias.gov.br\/policiacivil\/wp-json\/wp\/v2\/posts\/61336\/revisions"}],"wp:featuredmedia":[{"embeddable":true,"href":"https:\/\/goias.gov.br\/policiacivil\/wp-json\/wp\/v2\/media\/61337"}],"wp:attachment":[{"href":"https:\/\/goias.gov.br\/policiacivil\/wp-json\/wp\/v2\/media?parent=61336"}],"wp:term":[{"taxonomy":"category","embeddable":true,"href":"https:\/\/goias.gov.br\/policiacivil\/wp-json\/wp\/v2\/categories?post=61336"},{"taxonomy":"post_tag","embeddable":true,"href":"https:\/\/goias.gov.br\/policiacivil\/wp-json\/wp\/v2\/tags?post=61336"}],"curies":[{"name":"wp","href":"https:\/\/api.w.org\/{rel}","templated":true}]}}