

{"id":60851,"date":"2018-02-23T11:35:59","date_gmt":"2018-02-23T14:35:59","guid":{"rendered":"https:\/\/goias.gov.br\/policiacivil\/?p=60851"},"modified":"2018-02-23T11:36:26","modified_gmt":"2018-02-23T14:36:26","slug":"dupla-e-presa-com-armas-municoes-e-cocaina-em-planaltina","status":"publish","type":"post","link":"https:\/\/goias.gov.br\/policiacivil\/dupla-e-presa-com-armas-municoes-e-cocaina-em-planaltina\/","title":{"rendered":"Dupla \u00e9 presa com armas, muni\u00e7\u00f5es e coca\u00edna em Planaltina"},"content":{"rendered":"<p style=\"text-align: justify;\"><a href=\" https:\/\/goias.gov.br\/policiacivil\/wp-content\/uploads\/sites\/71\/2018\/02\/whatsapp-image-2018-02-22-at-19-33-031.jpeg\"><img fetchpriority=\"high\" decoding=\"async\" class=\"alignleft  wp-image-60856\" src=\" https:\/\/goias.gov.br\/policiacivil\/wp-content\/uploads\/sites\/71\/2018\/02\/whatsapp-image-2018-02-22-at-19-33-031-350x263.jpeg\" alt=\"\" width=\"303\" height=\"228\" srcset=\"https:\/\/goias.gov.br\/policiacivil\/wp-content\/uploads\/sites\/71\/2018\/02\/whatsapp-image-2018-02-22-at-19-33-031-350x263.jpeg 350w, https:\/\/goias.gov.br\/policiacivil\/wp-content\/uploads\/sites\/71\/2018\/02\/whatsapp-image-2018-02-22-at-19-33-031-220x165.jpeg 220w, https:\/\/goias.gov.br\/policiacivil\/wp-content\/uploads\/sites\/71\/2018\/02\/whatsapp-image-2018-02-22-at-19-33-031-768x576.jpeg 768w, https:\/\/goias.gov.br\/policiacivil\/wp-content\/uploads\/sites\/71\/2018\/02\/whatsapp-image-2018-02-22-at-19-33-031-400x300.jpeg 400w, https:\/\/goias.gov.br\/policiacivil\/wp-content\/uploads\/sites\/71\/2018\/02\/whatsapp-image-2018-02-22-at-19-33-031.jpeg 820w\" sizes=\"(max-width: 303px) 100vw, 303px\" \/><\/a>Policiais civis de Planaltina de Goi\u00e1s, coordenados pelo delegado Cristiom\u00e1rio Medeiros, prenderam em flagrante no final da tarde desta quinta-feira (22\/02) dois homens que estavam na posse de diversas muni\u00e7\u00f5es, armas e acess\u00f3rios. As pris\u00f5es aconteceram em um im\u00f3vel no Bairro Imigrantes.<\/p>\n<p style=\"text-align: justify;\">De acordo com o delegado, os presos s\u00e3o Sebasti\u00e3o dos Santos e Sousa e Matheus Eduardo Dourado de Souza. &#8220;Na resid\u00eancia deles havia, al\u00e9m da grande quantidade de muni\u00e7\u00e3o e armas de fogo, algumas por\u00e7\u00f5es de coca\u00edna&#8221;, contou Cristiom\u00e1rio. Os dois ir\u00e3o responder por tr\u00e1fico de droga, associa\u00e7\u00e3o para o tr\u00e1fico e posse de arma de fogo e muni\u00e7\u00f5es de uso permitido.<\/p>\n","protected":false},"excerpt":{"rendered":"<p>Policiais civis de Planaltina de Goi\u00e1s, coordenados pelo delegado Cristiom\u00e1rio Medeiros, prenderam em flagrante no final da tarde desta quinta-feira (22\/02) dois homens que estavam na posse de diversas muni\u00e7\u00f5es, armas e acess\u00f3rios. As pris\u00f5es aconteceram em um im\u00f3vel no Bairro Imigrantes. De acordo com o delegado, os presos s\u00e3o Sebasti\u00e3o dos Santos e Sousa [&hellip;]<\/p>\n","protected":false},"author":23,"featured_media":60855,"comment_status":"closed","ping_status":"closed","sticky":false,"template":"","format":"standard","meta":{"footnotes":""},"categories":[3198,3,89],"tags":[2877,3096,302,754],"class_list":["post-60851","post","type-post","status-publish","format-standard","has-post-thumbnail","hentry","category-11a-regional","category-noticias","category-regionais","tag-cristiomario","tag-droga","tag-flagrante","tag-planaltina"],"rttpg_featured_image_url":{"full":["https:\/\/goias.gov.br\/policiacivil\/wp-content\/uploads\/sites\/71\/2018\/02\/whatsapp-image-2018-02-22-at-19-33-03.jpeg",820,462,false],"landscape":["https:\/\/goias.gov.br\/policiacivil\/wp-content\/uploads\/sites\/71\/2018\/02\/whatsapp-image-2018-02-22-at-19-33-03.jpeg",820,462,false],"portraits":["https:\/\/goias.gov.br\/policiacivil\/wp-content\/uploads\/sites\/71\/2018\/02\/whatsapp-image-2018-02-22-at-19-33-03.jpeg",820,462,false],"thumbnail":["https:\/\/goias.gov.br\/policiacivil\/wp-content\/uploads\/sites\/71\/2018\/02\/whatsapp-image-2018-02-22-at-19-33-03-300x300.jpeg",150,150,true],"medium":["https:\/\/goias.gov.br\/policiacivil\/wp-content\/uploads\/sites\/71\/2018\/02\/whatsapp-image-2018-02-22-at-19-33-03-220x124.jpeg",220,124,true],"large":["https:\/\/goias.gov.br\/policiacivil\/wp-content\/uploads\/sites\/71\/2018\/02\/whatsapp-image-2018-02-22-at-19-33-03-350x197.jpeg",350,197,true],"1536x1536":["https:\/\/goias.gov.br\/policiacivil\/wp-content\/uploads\/sites\/71\/2018\/02\/whatsapp-image-2018-02-22-at-19-33-03.jpeg",820,462,false],"2048x2048":["https:\/\/goias.gov.br\/policiacivil\/wp-content\/uploads\/sites\/71\/2018\/02\/whatsapp-image-2018-02-22-at-19-33-03.jpeg",820,462,false]},"rttpg_author":{"display_name":"claudiacury","author_link":"https:\/\/goias.gov.br\/policiacivil\/author\/claudiacury\/"},"rttpg_comment":0,"rttpg_category":"<a href=\"https:\/\/goias.gov.br\/policiacivil\/categoria\/drp\/11a-regional\/\" rel=\"category tag\">11\u00aa Regional<\/a> <a href=\"https:\/\/goias.gov.br\/policiacivil\/categoria\/noticias\/\" rel=\"category tag\">Not\u00edcias<\/a> <a href=\"https:\/\/goias.gov.br\/policiacivil\/categoria\/delegacias\/regionais\/\" rel=\"category tag\">Regionais<\/a>","rttpg_excerpt":"Policiais civis de Planaltina de Goi\u00e1s, coordenados pelo delegado Cristiom\u00e1rio Medeiros, prenderam em flagrante no final da tarde desta quinta-feira (22\/02) dois homens que estavam na posse de diversas muni\u00e7\u00f5es, armas e acess\u00f3rios. As pris\u00f5es aconteceram em um im\u00f3vel no Bairro Imigrantes. De acordo com o delegado, os presos s\u00e3o Sebasti\u00e3o dos Santos e Sousa&hellip;","_links":{"self":[{"href":"https:\/\/goias.gov.br\/policiacivil\/wp-json\/wp\/v2\/posts\/60851","targetHints":{"allow":["GET"]}}],"collection":[{"href":"https:\/\/goias.gov.br\/policiacivil\/wp-json\/wp\/v2\/posts"}],"about":[{"href":"https:\/\/goias.gov.br\/policiacivil\/wp-json\/wp\/v2\/types\/post"}],"author":[{"embeddable":true,"href":"https:\/\/goias.gov.br\/policiacivil\/wp-json\/wp\/v2\/users\/23"}],"replies":[{"embeddable":true,"href":"https:\/\/goias.gov.br\/policiacivil\/wp-json\/wp\/v2\/comments?post=60851"}],"version-history":[{"count":0,"href":"https:\/\/goias.gov.br\/policiacivil\/wp-json\/wp\/v2\/posts\/60851\/revisions"}],"wp:featuredmedia":[{"embeddable":true,"href":"https:\/\/goias.gov.br\/policiacivil\/wp-json\/wp\/v2\/media\/60855"}],"wp:attachment":[{"href":"https:\/\/goias.gov.br\/policiacivil\/wp-json\/wp\/v2\/media?parent=60851"}],"wp:term":[{"taxonomy":"category","embeddable":true,"href":"https:\/\/goias.gov.br\/policiacivil\/wp-json\/wp\/v2\/categories?post=60851"},{"taxonomy":"post_tag","embeddable":true,"href":"https:\/\/goias.gov.br\/policiacivil\/wp-json\/wp\/v2\/tags?post=60851"}],"curies":[{"name":"wp","href":"https:\/\/api.w.org\/{rel}","templated":true}]}}