

{"id":60450,"date":"2018-02-09T16:48:15","date_gmt":"2018-02-09T18:48:15","guid":{"rendered":"https:\/\/goias.gov.br\/policiacivil\/?p=60450"},"modified":"2018-02-09T16:48:15","modified_gmt":"2018-02-09T18:48:15","slug":"genarc-de-anapolis-flagra-usuarios-com-maconha-crack-e-ecstasy","status":"publish","type":"post","link":"https:\/\/goias.gov.br\/policiacivil\/genarc-de-anapolis-flagra-usuarios-com-maconha-crack-e-ecstasy\/","title":{"rendered":"Genarc de An\u00e1polis flagra usu\u00e1rios com maconha, crack e ecstasy"},"content":{"rendered":"<p style=\"text-align: justify;\"><a href=\" https:\/\/goias.gov.br\/policiacivil\/wp-content\/uploads\/sites\/71\/2018\/02\/whatsapp-image-2018-02-09-at-14-07-53.jpeg\"><img decoding=\"async\" class=\"size-medium wp-image-60451 alignleft\" src=\" https:\/\/goias.gov.br\/policiacivil\/wp-content\/uploads\/sites\/71\/2018\/02\/whatsapp-image-2018-02-09-at-14-07-53-220x124.jpeg\" alt=\"\" width=\"220\" height=\"124\" srcset=\"https:\/\/goias.gov.br\/policiacivil\/wp-content\/uploads\/sites\/71\/2018\/02\/whatsapp-image-2018-02-09-at-14-07-53-220x124.jpeg 220w, https:\/\/goias.gov.br\/policiacivil\/wp-content\/uploads\/sites\/71\/2018\/02\/whatsapp-image-2018-02-09-at-14-07-53-768x432.jpeg 768w, https:\/\/goias.gov.br\/policiacivil\/wp-content\/uploads\/sites\/71\/2018\/02\/whatsapp-image-2018-02-09-at-14-07-53-350x197.jpeg 350w, https:\/\/goias.gov.br\/policiacivil\/wp-content\/uploads\/sites\/71\/2018\/02\/whatsapp-image-2018-02-09-at-14-07-53.jpeg 820w\" sizes=\"(max-width: 220px) 100vw, 220px\" \/><\/a>O Grupo Especial de Repress\u00e3o a Narc\u00f3ticos (Genarc) de An\u00e1polis prendeu dois homens e uma mulher na quinta-feira (08), acusados de posse de drogas. A pris\u00e3o foi efetuada ap\u00f3s a equipe receber den\u00fancia an\u00f4nima, por meio do Disque Den\u00fancia (62) 98595-3835, de que havia um eventual local utilizado como \u201cboca de fumo\u201d. Os policiais flagraram os tr\u00eas indiv\u00edduos na posse de diversas por\u00e7\u00f5es de maconha, crack e ecstasy, em situa\u00e7\u00e3o de uso de drogas. Em virtude disso, todos foram autuados nos termos do crime de posse de drogas para consumo e encaminhados ao Poder Judici\u00e1rio.<\/p>\n","protected":false},"excerpt":{"rendered":"<p>O Grupo Especial de Repress\u00e3o a Narc\u00f3ticos (Genarc) de An\u00e1polis prendeu dois homens e uma mulher na quinta-feira (08), acusados de posse de drogas. A pris\u00e3o foi efetuada ap\u00f3s a equipe receber den\u00fancia an\u00f4nima, por meio do Disque Den\u00fancia (62) 98595-3835, de que havia um eventual local utilizado como \u201cboca de fumo\u201d. Os policiais flagraram [&hellip;]<\/p>\n","protected":false},"author":23,"featured_media":60452,"comment_status":"closed","ping_status":"closed","sticky":false,"template":"","format":"standard","meta":{"footnotes":""},"categories":[3190,89,537],"tags":[31,18,40,30,14,1277],"class_list":["post-60450","post","type-post","status-publish","format-standard","has-post-thumbnail","hentry","category-3a-regional","category-regionais","category-ultimo-segundo","tag-anapolis","tag-crack","tag-ecstasy","tag-genarc","tag-maconha","tag-usuarios"],"rttpg_featured_image_url":{"full":["https:\/\/goias.gov.br\/policiacivil\/wp-content\/uploads\/sites\/71\/2018\/02\/whatsapp-image-2018-02-09-at-14.jpg",709,709,false],"landscape":["https:\/\/goias.gov.br\/policiacivil\/wp-content\/uploads\/sites\/71\/2018\/02\/whatsapp-image-2018-02-09-at-14.jpg",709,709,false],"portraits":["https:\/\/goias.gov.br\/policiacivil\/wp-content\/uploads\/sites\/71\/2018\/02\/whatsapp-image-2018-02-09-at-14.jpg",709,709,false],"thumbnail":["https:\/\/goias.gov.br\/policiacivil\/wp-content\/uploads\/sites\/71\/2018\/02\/whatsapp-image-2018-02-09-at-14-300x300.jpg",150,150,true],"medium":["https:\/\/goias.gov.br\/policiacivil\/wp-content\/uploads\/sites\/71\/2018\/02\/whatsapp-image-2018-02-09-at-14-200x200.jpg",200,200,true],"large":["https:\/\/goias.gov.br\/policiacivil\/wp-content\/uploads\/sites\/71\/2018\/02\/whatsapp-image-2018-02-09-at-14-300x300.jpg",300,300,true],"1536x1536":["https:\/\/goias.gov.br\/policiacivil\/wp-content\/uploads\/sites\/71\/2018\/02\/whatsapp-image-2018-02-09-at-14.jpg",709,709,false],"2048x2048":["https:\/\/goias.gov.br\/policiacivil\/wp-content\/uploads\/sites\/71\/2018\/02\/whatsapp-image-2018-02-09-at-14.jpg",709,709,false]},"rttpg_author":{"display_name":"claudiacury","author_link":"https:\/\/goias.gov.br\/policiacivil\/author\/claudiacury\/"},"rttpg_comment":0,"rttpg_category":"<a href=\"https:\/\/goias.gov.br\/policiacivil\/categoria\/drp\/3a-regional\/\" rel=\"category tag\">3\u00aa Regional<\/a> <a href=\"https:\/\/goias.gov.br\/policiacivil\/categoria\/delegacias\/regionais\/\" rel=\"category tag\">Regionais<\/a> <a href=\"https:\/\/goias.gov.br\/policiacivil\/categoria\/ultimo-segundo\/\" rel=\"category tag\">\u00daltimo Segundo<\/a>","rttpg_excerpt":"O Grupo Especial de Repress\u00e3o a Narc\u00f3ticos (Genarc) de An\u00e1polis prendeu dois homens e uma mulher na quinta-feira (08), acusados de posse de drogas. A pris\u00e3o foi efetuada ap\u00f3s a equipe receber den\u00fancia an\u00f4nima, por meio do Disque Den\u00fancia (62) 98595-3835, de que havia um eventual local utilizado como \u201cboca de fumo\u201d. Os policiais flagraram&hellip;","_links":{"self":[{"href":"https:\/\/goias.gov.br\/policiacivil\/wp-json\/wp\/v2\/posts\/60450","targetHints":{"allow":["GET"]}}],"collection":[{"href":"https:\/\/goias.gov.br\/policiacivil\/wp-json\/wp\/v2\/posts"}],"about":[{"href":"https:\/\/goias.gov.br\/policiacivil\/wp-json\/wp\/v2\/types\/post"}],"author":[{"embeddable":true,"href":"https:\/\/goias.gov.br\/policiacivil\/wp-json\/wp\/v2\/users\/23"}],"replies":[{"embeddable":true,"href":"https:\/\/goias.gov.br\/policiacivil\/wp-json\/wp\/v2\/comments?post=60450"}],"version-history":[{"count":0,"href":"https:\/\/goias.gov.br\/policiacivil\/wp-json\/wp\/v2\/posts\/60450\/revisions"}],"wp:featuredmedia":[{"embeddable":true,"href":"https:\/\/goias.gov.br\/policiacivil\/wp-json\/wp\/v2\/media\/60452"}],"wp:attachment":[{"href":"https:\/\/goias.gov.br\/policiacivil\/wp-json\/wp\/v2\/media?parent=60450"}],"wp:term":[{"taxonomy":"category","embeddable":true,"href":"https:\/\/goias.gov.br\/policiacivil\/wp-json\/wp\/v2\/categories?post=60450"},{"taxonomy":"post_tag","embeddable":true,"href":"https:\/\/goias.gov.br\/policiacivil\/wp-json\/wp\/v2\/tags?post=60450"}],"curies":[{"name":"wp","href":"https:\/\/api.w.org\/{rel}","templated":true}]}}