

{"id":60429,"date":"2018-02-09T11:59:24","date_gmt":"2018-02-09T13:59:24","guid":{"rendered":"https:\/\/goias.gov.br\/policiacivil\/?p=60429"},"modified":"2018-02-09T12:00:26","modified_gmt":"2018-02-09T14:00:26","slug":"60429","status":"publish","type":"post","link":"https:\/\/goias.gov.br\/policiacivil\/60429\/","title":{"rendered":"PC apresenta resultado da investiga\u00e7\u00e3o sobre a morte do radialista Jeferson Pureza"},"content":{"rendered":"<figure id=\"attachment_60430\" aria-describedby=\"caption-attachment-60430\" style=\"width: 350px\" class=\"wp-caption alignleft\"><a href=\" https:\/\/goias.gov.br\/policiacivil\/wp-content\/uploads\/sites\/71\/2018\/02\/whatsapp-image-2018-02-09-at-11-14-54.jpeg\"><img fetchpriority=\"high\" decoding=\"async\" class=\"wp-image-60430 size-large\" src=\" https:\/\/goias.gov.br\/policiacivil\/wp-content\/uploads\/sites\/71\/2018\/02\/whatsapp-image-2018-02-09-at-11-14-54-350x263.jpeg\" alt=\"\" width=\"350\" height=\"263\" srcset=\"https:\/\/goias.gov.br\/policiacivil\/wp-content\/uploads\/sites\/71\/2018\/02\/whatsapp-image-2018-02-09-at-11-14-54-350x263.jpeg 350w, https:\/\/goias.gov.br\/policiacivil\/wp-content\/uploads\/sites\/71\/2018\/02\/whatsapp-image-2018-02-09-at-11-14-54-220x165.jpeg 220w, https:\/\/goias.gov.br\/policiacivil\/wp-content\/uploads\/sites\/71\/2018\/02\/whatsapp-image-2018-02-09-at-11-14-54-768x576.jpeg 768w, https:\/\/goias.gov.br\/policiacivil\/wp-content\/uploads\/sites\/71\/2018\/02\/whatsapp-image-2018-02-09-at-11-14-54-80x60.jpeg 80w, https:\/\/goias.gov.br\/policiacivil\/wp-content\/uploads\/sites\/71\/2018\/02\/whatsapp-image-2018-02-09-at-11-14-54-160x120.jpeg 160w, https:\/\/goias.gov.br\/policiacivil\/wp-content\/uploads\/sites\/71\/2018\/02\/whatsapp-image-2018-02-09-at-11-14-54-265x198.jpeg 265w, https:\/\/goias.gov.br\/policiacivil\/wp-content\/uploads\/sites\/71\/2018\/02\/whatsapp-image-2018-02-09-at-11-14-54-530x396.jpeg 530w, https:\/\/goias.gov.br\/policiacivil\/wp-content\/uploads\/sites\/71\/2018\/02\/whatsapp-image-2018-02-09-at-11-14-54-696x522.jpeg 696w, https:\/\/goias.gov.br\/policiacivil\/wp-content\/uploads\/sites\/71\/2018\/02\/whatsapp-image-2018-02-09-at-11-14-54-560x420.jpeg 560w, https:\/\/goias.gov.br\/policiacivil\/wp-content\/uploads\/sites\/71\/2018\/02\/whatsapp-image-2018-02-09-at-11-14-54.jpeg 820w\" sizes=\"(max-width: 350px) 100vw, 350px\" \/><\/a><figcaption id=\"caption-attachment-60430\" class=\"wp-caption-text\">Delegados \u00c1lvaro C\u00e1ssio e Que\u00f3ps Barreto, durante a coletiva.<\/figcaption><\/figure>\n<p style=\"text-align: justify;\">A Pol\u00edcia Civil apresentou na manh\u00e3 desta sexta-feira (09\/02) a conclus\u00e3o do caso do assassinato do jornalista Jeferson Pureza, morto a tiros na cidade de Edealina, no dia 17 de janeiro deste ano. De acordo com o delegado Qu\u00e9ops Barreto, respons\u00e1vel pelo inqu\u00e9rito policial, o mandante do crime foi o vereador Jos\u00e9 Eduardo Alves da Silva, que, valendo-se do intermedi\u00e1rio Marcelo Rodrigues dos Santos, contratou por R$ 5 mil dois executores: Leandro Cintra da Silva e um adolescente.<\/p>\n<p style=\"text-align: justify;\">O vereador j\u00e1 havia organizado uma emboscada para matar Pureza no come\u00e7o de 2017, em virtude de desaven\u00e7as pol\u00edticas, mas o crime acabou frustrado na ocasi\u00e3o. Em janeiro deste ano, o estopim para o homic\u00eddio teria acontecido ap\u00f3s o vereador descobrir que sua ex mulher estava tendo um relacionamento com o jornalista.<\/p>\n<p style=\"text-align: justify;\">Que\u00f3ps destacou que Marcelo confirmou ter intermediado um encontro entre o vereador os executores. O menor tamb\u00e9m admitiu o encontro. J\u00e1 o vereador reconheceu que planejou o assassinato que n\u00e3o chegou a acontecer no ano passado e disse, ainda, que organizou o crime novamente neste ano, mas que teria desistido de dar sequ\u00eancia \u00e0 empreitada.<\/p>\n","protected":false},"excerpt":{"rendered":"<p>A Pol\u00edcia Civil apresentou na manh\u00e3 desta sexta-feira (09\/02) a conclus\u00e3o do caso do assassinato do jornalista Jeferson Pureza, morto a tiros na cidade de Edealina, no dia 17 de janeiro deste ano. De acordo com o delegado Qu\u00e9ops Barreto, respons\u00e1vel pelo inqu\u00e9rito policial, o mandante do crime foi o vereador Jos\u00e9 Eduardo Alves da [&hellip;]<\/p>\n","protected":false},"author":23,"featured_media":60430,"comment_status":"closed","ping_status":"closed","sticky":false,"template":"","format":"standard","meta":{"footnotes":""},"categories":[3195,3,89],"tags":[3966,4383,5630,3219,3926],"class_list":["post-60429","post","type-post","status-publish","format-standard","has-post-thumbnail","hentry","category-8a-regional","category-noticias","category-regionais","tag-edealina","tag-jornalista","tag-pureza","tag-queops","tag-radialista"],"rttpg_featured_image_url":{"full":["https:\/\/goias.gov.br\/policiacivil\/wp-content\/uploads\/sites\/71\/2018\/02\/whatsapp-image-2018-02-09-at-11-14-54.jpeg",820,615,false],"landscape":["https:\/\/goias.gov.br\/policiacivil\/wp-content\/uploads\/sites\/71\/2018\/02\/whatsapp-image-2018-02-09-at-11-14-54.jpeg",820,615,false],"portraits":["https:\/\/goias.gov.br\/policiacivil\/wp-content\/uploads\/sites\/71\/2018\/02\/whatsapp-image-2018-02-09-at-11-14-54.jpeg",820,615,false],"thumbnail":["https:\/\/goias.gov.br\/policiacivil\/wp-content\/uploads\/sites\/71\/2018\/02\/whatsapp-image-2018-02-09-at-11-14-54-300x300.jpeg",150,150,true],"medium":["https:\/\/goias.gov.br\/policiacivil\/wp-content\/uploads\/sites\/71\/2018\/02\/whatsapp-image-2018-02-09-at-11-14-54-220x165.jpeg",220,165,true],"large":["https:\/\/goias.gov.br\/policiacivil\/wp-content\/uploads\/sites\/71\/2018\/02\/whatsapp-image-2018-02-09-at-11-14-54-350x263.jpeg",350,263,true],"1536x1536":["https:\/\/goias.gov.br\/policiacivil\/wp-content\/uploads\/sites\/71\/2018\/02\/whatsapp-image-2018-02-09-at-11-14-54.jpeg",820,615,false],"2048x2048":["https:\/\/goias.gov.br\/policiacivil\/wp-content\/uploads\/sites\/71\/2018\/02\/whatsapp-image-2018-02-09-at-11-14-54.jpeg",820,615,false]},"rttpg_author":{"display_name":"claudiacury","author_link":"https:\/\/goias.gov.br\/policiacivil\/author\/claudiacury\/"},"rttpg_comment":0,"rttpg_category":"<a href=\"https:\/\/goias.gov.br\/policiacivil\/categoria\/drp\/8a-regional\/\" rel=\"category tag\">8\u00aa Regional<\/a> <a href=\"https:\/\/goias.gov.br\/policiacivil\/categoria\/noticias\/\" rel=\"category tag\">Not\u00edcias<\/a> <a href=\"https:\/\/goias.gov.br\/policiacivil\/categoria\/delegacias\/regionais\/\" rel=\"category tag\">Regionais<\/a>","rttpg_excerpt":"A Pol\u00edcia Civil apresentou na manh\u00e3 desta sexta-feira (09\/02) a conclus\u00e3o do caso do assassinato do jornalista Jeferson Pureza, morto a tiros na cidade de Edealina, no dia 17 de janeiro deste ano. De acordo com o delegado Qu\u00e9ops Barreto, respons\u00e1vel pelo inqu\u00e9rito policial, o mandante do crime foi o vereador Jos\u00e9 Eduardo Alves da&hellip;","_links":{"self":[{"href":"https:\/\/goias.gov.br\/policiacivil\/wp-json\/wp\/v2\/posts\/60429","targetHints":{"allow":["GET"]}}],"collection":[{"href":"https:\/\/goias.gov.br\/policiacivil\/wp-json\/wp\/v2\/posts"}],"about":[{"href":"https:\/\/goias.gov.br\/policiacivil\/wp-json\/wp\/v2\/types\/post"}],"author":[{"embeddable":true,"href":"https:\/\/goias.gov.br\/policiacivil\/wp-json\/wp\/v2\/users\/23"}],"replies":[{"embeddable":true,"href":"https:\/\/goias.gov.br\/policiacivil\/wp-json\/wp\/v2\/comments?post=60429"}],"version-history":[{"count":0,"href":"https:\/\/goias.gov.br\/policiacivil\/wp-json\/wp\/v2\/posts\/60429\/revisions"}],"wp:featuredmedia":[{"embeddable":true,"href":"https:\/\/goias.gov.br\/policiacivil\/wp-json\/wp\/v2\/media\/60430"}],"wp:attachment":[{"href":"https:\/\/goias.gov.br\/policiacivil\/wp-json\/wp\/v2\/media?parent=60429"}],"wp:term":[{"taxonomy":"category","embeddable":true,"href":"https:\/\/goias.gov.br\/policiacivil\/wp-json\/wp\/v2\/categories?post=60429"},{"taxonomy":"post_tag","embeddable":true,"href":"https:\/\/goias.gov.br\/policiacivil\/wp-json\/wp\/v2\/tags?post=60429"}],"curies":[{"name":"wp","href":"https:\/\/api.w.org\/{rel}","templated":true}]}}