

{"id":59644,"date":"2018-01-22T10:36:23","date_gmt":"2018-01-22T12:36:23","guid":{"rendered":"https:\/\/goias.gov.br\/policiacivil\/?p=59644"},"modified":"2018-01-22T11:01:23","modified_gmt":"2018-01-22T13:01:23","slug":"delegacia-de-aragarcas-prende-homem-que-descumpriu-medida-protetiva","status":"publish","type":"post","link":"https:\/\/goias.gov.br\/policiacivil\/delegacia-de-aragarcas-prende-homem-que-descumpriu-medida-protetiva\/","title":{"rendered":"Delegacia de Aragar\u00e7as prende homem por descumprir medida protetiva"},"content":{"rendered":"<p>A P<img decoding=\"async\" class=\"alignleft size-medium wp-image-59645\" src=\" https:\/\/goias.gov.br\/policiacivil\/wp-content\/uploads\/sites\/71\/2018\/01\/jpg-57-112x200.jpg\" alt=\"\" width=\"112\" height=\"200\" srcset=\"https:\/\/goias.gov.br\/policiacivil\/wp-content\/uploads\/sites\/71\/2018\/01\/jpg-57-112x200.jpg 112w, https:\/\/goias.gov.br\/policiacivil\/wp-content\/uploads\/sites\/71\/2018\/01\/jpg-57-169x300.jpg 169w, https:\/\/goias.gov.br\/policiacivil\/wp-content\/uploads\/sites\/71\/2018\/01\/jpg-57-236x420.jpg 236w, https:\/\/goias.gov.br\/policiacivil\/wp-content\/uploads\/sites\/71\/2018\/01\/jpg-57.jpg 461w\" sizes=\"(max-width: 112px) 100vw, 112px\" \/>ol\u00edcia Civil de Aragar\u00e7as cumpriu mandado de pris\u00e3o preventiva contra Sandro Jos\u00e9 do Lago, de 41anos, por descumprimento de medida protetiva de urg\u00eancia.<\/p>\n<p>O suspeito, ap\u00f3s agredir violentamente sua companheira, foi preso em flagrante delito e teve decretada medida protetiva para que se mantivesse longe da v\u00edtima. Todavia, ap\u00f3s sua soltura, o suspeito voltou a amea\u00e7ar a v\u00edtima, inclusive, frequentando os mesmos locais e rodeando sua casa.<\/p>\n<p>Diante da situa\u00e7\u00e3o, o delegado de Aragar\u00e7as declarou que o mandado foi emitido e cumprido na tarde de sexta-feira (19).<\/p>\n","protected":false},"excerpt":{"rendered":"<p>A Pol\u00edcia Civil de Aragar\u00e7as cumpriu mandado de pris\u00e3o preventiva contra Sandro Jos\u00e9 do Lago, de 41anos, por descumprimento de medida protetiva de urg\u00eancia. O suspeito, ap\u00f3s agredir violentamente sua companheira, foi preso em flagrante delito e teve decretada medida protetiva para que se mantivesse longe da v\u00edtima. Todavia, ap\u00f3s sua soltura, o suspeito voltou [&hellip;]<\/p>\n","protected":false},"author":23,"featured_media":59645,"comment_status":"closed","ping_status":"closed","sticky":false,"template":"","format":"standard","meta":{"footnotes":""},"categories":[3194,2538,3187,156,89,537],"tags":[2368,3600],"class_list":["post-59644","post","type-post","status-publish","format-standard","has-post-thumbnail","hentry","category-7a-regional","category-delegacias","category-drp","category-policia-civil-no-interior","category-regionais","category-ultimo-segundo","tag-7a-drp","tag-violencia-domestica"],"rttpg_featured_image_url":{"full":["https:\/\/goias.gov.br\/policiacivil\/wp-content\/uploads\/sites\/71\/2018\/01\/jpg-57.jpg",461,820,false],"landscape":["https:\/\/goias.gov.br\/policiacivil\/wp-content\/uploads\/sites\/71\/2018\/01\/jpg-57.jpg",461,820,false],"portraits":["https:\/\/goias.gov.br\/policiacivil\/wp-content\/uploads\/sites\/71\/2018\/01\/jpg-57.jpg",461,820,false],"thumbnail":["https:\/\/goias.gov.br\/policiacivil\/wp-content\/uploads\/sites\/71\/2018\/01\/jpg-57-300x300.jpg",150,150,true],"medium":["https:\/\/goias.gov.br\/policiacivil\/wp-content\/uploads\/sites\/71\/2018\/01\/jpg-57-112x200.jpg",112,200,true],"large":["https:\/\/goias.gov.br\/policiacivil\/wp-content\/uploads\/sites\/71\/2018\/01\/jpg-57-169x300.jpg",169,300,true],"1536x1536":["https:\/\/goias.gov.br\/policiacivil\/wp-content\/uploads\/sites\/71\/2018\/01\/jpg-57.jpg",461,820,false],"2048x2048":["https:\/\/goias.gov.br\/policiacivil\/wp-content\/uploads\/sites\/71\/2018\/01\/jpg-57.jpg",461,820,false]},"rttpg_author":{"display_name":"claudiacury","author_link":"https:\/\/goias.gov.br\/policiacivil\/author\/claudiacury\/"},"rttpg_comment":0,"rttpg_category":"<a href=\"https:\/\/goias.gov.br\/policiacivil\/categoria\/drp\/7a-regional\/\" rel=\"category tag\">7\u00aa Regional<\/a> <a href=\"https:\/\/goias.gov.br\/policiacivil\/categoria\/delegacias\/\" rel=\"category tag\">Delegacias<\/a> <a href=\"https:\/\/goias.gov.br\/policiacivil\/categoria\/drp\/\" rel=\"category tag\">DRP<\/a> <a href=\"https:\/\/goias.gov.br\/policiacivil\/categoria\/policia-civil-no-interior\/\" rel=\"category tag\">Pol\u00edcia Civil no Interior<\/a> <a href=\"https:\/\/goias.gov.br\/policiacivil\/categoria\/delegacias\/regionais\/\" rel=\"category tag\">Regionais<\/a> <a href=\"https:\/\/goias.gov.br\/policiacivil\/categoria\/ultimo-segundo\/\" rel=\"category tag\">\u00daltimo Segundo<\/a>","rttpg_excerpt":"A Pol\u00edcia Civil de Aragar\u00e7as cumpriu mandado de pris\u00e3o preventiva contra Sandro Jos\u00e9 do Lago, de 41anos, por descumprimento de medida protetiva de urg\u00eancia. O suspeito, ap\u00f3s agredir violentamente sua companheira, foi preso em flagrante delito e teve decretada medida protetiva para que se mantivesse longe da v\u00edtima. Todavia, ap\u00f3s sua soltura, o suspeito voltou&hellip;","_links":{"self":[{"href":"https:\/\/goias.gov.br\/policiacivil\/wp-json\/wp\/v2\/posts\/59644","targetHints":{"allow":["GET"]}}],"collection":[{"href":"https:\/\/goias.gov.br\/policiacivil\/wp-json\/wp\/v2\/posts"}],"about":[{"href":"https:\/\/goias.gov.br\/policiacivil\/wp-json\/wp\/v2\/types\/post"}],"author":[{"embeddable":true,"href":"https:\/\/goias.gov.br\/policiacivil\/wp-json\/wp\/v2\/users\/23"}],"replies":[{"embeddable":true,"href":"https:\/\/goias.gov.br\/policiacivil\/wp-json\/wp\/v2\/comments?post=59644"}],"version-history":[{"count":0,"href":"https:\/\/goias.gov.br\/policiacivil\/wp-json\/wp\/v2\/posts\/59644\/revisions"}],"wp:featuredmedia":[{"embeddable":true,"href":"https:\/\/goias.gov.br\/policiacivil\/wp-json\/wp\/v2\/media\/59645"}],"wp:attachment":[{"href":"https:\/\/goias.gov.br\/policiacivil\/wp-json\/wp\/v2\/media?parent=59644"}],"wp:term":[{"taxonomy":"category","embeddable":true,"href":"https:\/\/goias.gov.br\/policiacivil\/wp-json\/wp\/v2\/categories?post=59644"},{"taxonomy":"post_tag","embeddable":true,"href":"https:\/\/goias.gov.br\/policiacivil\/wp-json\/wp\/v2\/tags?post=59644"}],"curies":[{"name":"wp","href":"https:\/\/api.w.org\/{rel}","templated":true}]}}