

{"id":59455,"date":"2018-01-15T17:01:41","date_gmt":"2018-01-15T19:01:41","guid":{"rendered":"https:\/\/goias.gov.br\/policiacivil\/?p=59455"},"modified":"2018-01-16T16:17:33","modified_gmt":"2018-01-16T18:17:33","slug":"policiais-de-cidade-ocidental-autuam-homem-pela-pratica-de-maus-tratos-em-filha-em-4-anos","status":"publish","type":"post","link":"https:\/\/goias.gov.br\/policiacivil\/policiais-de-cidade-ocidental-autuam-homem-pela-pratica-de-maus-tratos-em-filha-em-4-anos\/","title":{"rendered":"Homem \u00e9 autuado por maus-tratos a filha de 4 anos de idade em Cidade Ocidental"},"content":{"rendered":"<p style=\"text-align: justify;\"><a href=\" https:\/\/goias.gov.br\/policiacivil\/wp-content\/uploads\/sites\/71\/2018\/01\/jpg-38.jpg\"><img decoding=\"async\" class=\"alignleft wp-image-59456 \" src=\" https:\/\/goias.gov.br\/policiacivil\/wp-content\/uploads\/sites\/71\/2018\/01\/jpg-38-150x200.jpg\" alt=\"\" width=\"139\" height=\"185\" srcset=\"https:\/\/goias.gov.br\/policiacivil\/wp-content\/uploads\/sites\/71\/2018\/01\/jpg-38-150x200.jpg 150w, https:\/\/goias.gov.br\/policiacivil\/wp-content\/uploads\/sites\/71\/2018\/01\/jpg-38-225x300.jpg 225w, https:\/\/goias.gov.br\/policiacivil\/wp-content\/uploads\/sites\/71\/2018\/01\/jpg-38-315x420.jpg 315w, https:\/\/goias.gov.br\/policiacivil\/wp-content\/uploads\/sites\/71\/2018\/01\/jpg-38.jpg 615w\" sizes=\"(max-width: 139px) 100vw, 139px\" \/><\/a>Os policiais de Cidade Ocidental autuaram, nesta segunda-feira (15), M.V. F.S. pela pr\u00e1tica de maus-tratos.<\/p>\n<p style=\"text-align: justify;\">De acordo com as investiga\u00e7\u00f5es coordenadas pelo delegado Daniel Marcelino, o autor saiu de casa no dia 12 de janeiro de 2018 e deixou a filha de 4 anos cuidando do filho de 1 ano de idade. Ao retornar, ele encontrou os filhos brincando na lama, ocasi\u00e3o em que abusando dos meios de corre\u00e7\u00e3o, agrediu a filha de 4 anos, deixando diversos hematomas na crian\u00e7a .<\/p>\n<p style=\"text-align: justify;\">O agentes Natal e Renato e a escriv\u00e3 Fab\u00edola participaram da investiga\u00e7\u00e3o.<\/p>\n","protected":false},"excerpt":{"rendered":"<p>Os policiais de Cidade Ocidental autuaram, nesta segunda-feira (15), M.V. F.S. pela pr\u00e1tica de maus-tratos. De acordo com as investiga\u00e7\u00f5es coordenadas pelo delegado Daniel Marcelino, o autor saiu de casa no dia 12 de janeiro de 2018 e deixou a filha de 4 anos cuidando do filho de 1 ano de idade. Ao retornar, ele [&hellip;]<\/p>\n","protected":false},"author":23,"featured_media":59456,"comment_status":"closed","ping_status":"closed","sticky":false,"template":"","format":"standard","meta":{"footnotes":""},"categories":[3192,2538,156,89,537],"tags":[5267,3581],"class_list":["post-59455","post","type-post","status-publish","format-standard","has-post-thumbnail","hentry","category-5a-regional","category-delegacias","category-policia-civil-no-interior","category-regionais","category-ultimo-segundo","tag-5a-drpc","tag-maus-tratos"],"rttpg_featured_image_url":{"full":["https:\/\/goias.gov.br\/policiacivil\/wp-content\/uploads\/sites\/71\/2018\/01\/jpg-38.jpg",615,820,false],"landscape":["https:\/\/goias.gov.br\/policiacivil\/wp-content\/uploads\/sites\/71\/2018\/01\/jpg-38.jpg",615,820,false],"portraits":["https:\/\/goias.gov.br\/policiacivil\/wp-content\/uploads\/sites\/71\/2018\/01\/jpg-38.jpg",615,820,false],"thumbnail":["https:\/\/goias.gov.br\/policiacivil\/wp-content\/uploads\/sites\/71\/2018\/01\/jpg-38-300x300.jpg",150,150,true],"medium":["https:\/\/goias.gov.br\/policiacivil\/wp-content\/uploads\/sites\/71\/2018\/01\/jpg-38-150x200.jpg",150,200,true],"large":["https:\/\/goias.gov.br\/policiacivil\/wp-content\/uploads\/sites\/71\/2018\/01\/jpg-38-225x300.jpg",225,300,true],"1536x1536":["https:\/\/goias.gov.br\/policiacivil\/wp-content\/uploads\/sites\/71\/2018\/01\/jpg-38.jpg",615,820,false],"2048x2048":["https:\/\/goias.gov.br\/policiacivil\/wp-content\/uploads\/sites\/71\/2018\/01\/jpg-38.jpg",615,820,false]},"rttpg_author":{"display_name":"claudiacury","author_link":"https:\/\/goias.gov.br\/policiacivil\/author\/claudiacury\/"},"rttpg_comment":0,"rttpg_category":"<a href=\"https:\/\/goias.gov.br\/policiacivil\/categoria\/drp\/5a-regional\/\" rel=\"category tag\">5\u00aa Regional<\/a> <a href=\"https:\/\/goias.gov.br\/policiacivil\/categoria\/delegacias\/\" rel=\"category tag\">Delegacias<\/a> <a href=\"https:\/\/goias.gov.br\/policiacivil\/categoria\/policia-civil-no-interior\/\" rel=\"category tag\">Pol\u00edcia Civil no Interior<\/a> <a href=\"https:\/\/goias.gov.br\/policiacivil\/categoria\/delegacias\/regionais\/\" rel=\"category tag\">Regionais<\/a> <a href=\"https:\/\/goias.gov.br\/policiacivil\/categoria\/ultimo-segundo\/\" rel=\"category tag\">\u00daltimo Segundo<\/a>","rttpg_excerpt":"Os policiais de Cidade Ocidental autuaram, nesta segunda-feira (15), M.V. F.S. pela pr\u00e1tica de maus-tratos. De acordo com as investiga\u00e7\u00f5es coordenadas pelo delegado Daniel Marcelino, o autor saiu de casa no dia 12 de janeiro de 2018 e deixou a filha de 4 anos cuidando do filho de 1 ano de idade. Ao retornar, ele&hellip;","_links":{"self":[{"href":"https:\/\/goias.gov.br\/policiacivil\/wp-json\/wp\/v2\/posts\/59455","targetHints":{"allow":["GET"]}}],"collection":[{"href":"https:\/\/goias.gov.br\/policiacivil\/wp-json\/wp\/v2\/posts"}],"about":[{"href":"https:\/\/goias.gov.br\/policiacivil\/wp-json\/wp\/v2\/types\/post"}],"author":[{"embeddable":true,"href":"https:\/\/goias.gov.br\/policiacivil\/wp-json\/wp\/v2\/users\/23"}],"replies":[{"embeddable":true,"href":"https:\/\/goias.gov.br\/policiacivil\/wp-json\/wp\/v2\/comments?post=59455"}],"version-history":[{"count":0,"href":"https:\/\/goias.gov.br\/policiacivil\/wp-json\/wp\/v2\/posts\/59455\/revisions"}],"wp:featuredmedia":[{"embeddable":true,"href":"https:\/\/goias.gov.br\/policiacivil\/wp-json\/wp\/v2\/media\/59456"}],"wp:attachment":[{"href":"https:\/\/goias.gov.br\/policiacivil\/wp-json\/wp\/v2\/media?parent=59455"}],"wp:term":[{"taxonomy":"category","embeddable":true,"href":"https:\/\/goias.gov.br\/policiacivil\/wp-json\/wp\/v2\/categories?post=59455"},{"taxonomy":"post_tag","embeddable":true,"href":"https:\/\/goias.gov.br\/policiacivil\/wp-json\/wp\/v2\/tags?post=59455"}],"curies":[{"name":"wp","href":"https:\/\/api.w.org\/{rel}","templated":true}]}}