

{"id":58669,"date":"2017-12-14T11:11:51","date_gmt":"2017-12-14T13:11:51","guid":{"rendered":"https:\/\/goias.gov.br\/policiacivil\/?p=58669"},"modified":"2017-12-14T11:11:51","modified_gmt":"2017-12-14T13:11:51","slug":"3a-drpc-prende-acusado-de-estupro-de-vulneravel","status":"publish","type":"post","link":"https:\/\/goias.gov.br\/policiacivil\/3a-drpc-prende-acusado-de-estupro-de-vulneravel\/","title":{"rendered":"3\u00aa DRPC prende acusado de estupro de vulner\u00e1vel"},"content":{"rendered":"<p style=\"text-align: justify;\"><a href=\" https:\/\/goias.gov.br\/policiacivil\/wp-content\/uploads\/sites\/71\/2017\/12\/jpg-8.jpg\"><img decoding=\"async\" class=\"alignleft wp-image-58670 \" src=\" https:\/\/goias.gov.br\/policiacivil\/wp-content\/uploads\/sites\/71\/2017\/12\/jpg-8-150x200.jpg\" alt=\"\" width=\"104\" height=\"139\" srcset=\"https:\/\/goias.gov.br\/policiacivil\/wp-content\/uploads\/sites\/71\/2017\/12\/jpg-8-150x200.jpg 150w, https:\/\/goias.gov.br\/policiacivil\/wp-content\/uploads\/sites\/71\/2017\/12\/jpg-8-225x300.jpg 225w, https:\/\/goias.gov.br\/policiacivil\/wp-content\/uploads\/sites\/71\/2017\/12\/jpg-8-315x420.jpg 315w, https:\/\/goias.gov.br\/policiacivil\/wp-content\/uploads\/sites\/71\/2017\/12\/jpg-8.jpg 615w\" sizes=\"(max-width: 104px) 100vw, 104px\" \/><\/a>O Grupo de Capturas e Apoio Operacional (CAOP) da 3\u00aa Regional de An\u00e1polis, prendeu preventivamente, A.P. M., em Terez\u00f3polis, cumprindo mandado da 2\u00aa Vara Criminal de An\u00e1polis.<\/p>\n<p style=\"text-align: justify;\">Ele \u00e9 acusado de amea\u00e7a, les\u00e3o corporal e estupro de vulner\u00e1vel contra a menor L.R.O., de 13 anos, crime que aconteceu em 2012. O acusado tamb\u00e9m responder\u00e1 por ser respons\u00e1vel pela menor. Ele foi recolhido ao Pres\u00eddio de An\u00e1polis e est\u00e1 \u00e0 disposi\u00e7\u00e3o da Justi\u00e7a.<\/p>\n","protected":false},"excerpt":{"rendered":"<p>O acusado foi encontrado em Teres\u00f3polis  e apreendido pelo Grupo de Capturas e Apoio Operacional.<\/p>\n","protected":false},"author":23,"featured_media":58670,"comment_status":"closed","ping_status":"closed","sticky":false,"template":"","format":"standard","meta":{"footnotes":""},"categories":[3190,2538,156,537],"tags":[5541,447,2543],"class_list":["post-58669","post","type-post","status-publish","format-standard","has-post-thumbnail","hentry","category-3a-regional","category-delegacias","category-policia-civil-no-interior","category-ultimo-segundo","tag-13a-drpc","tag-caop","tag-estupro-de-vulneravel"],"rttpg_featured_image_url":{"full":["https:\/\/goias.gov.br\/policiacivil\/wp-content\/uploads\/sites\/71\/2017\/12\/jpg-8.jpg",615,820,false],"landscape":["https:\/\/goias.gov.br\/policiacivil\/wp-content\/uploads\/sites\/71\/2017\/12\/jpg-8.jpg",615,820,false],"portraits":["https:\/\/goias.gov.br\/policiacivil\/wp-content\/uploads\/sites\/71\/2017\/12\/jpg-8.jpg",615,820,false],"thumbnail":["https:\/\/goias.gov.br\/policiacivil\/wp-content\/uploads\/sites\/71\/2017\/12\/jpg-8-300x300.jpg",150,150,true],"medium":["https:\/\/goias.gov.br\/policiacivil\/wp-content\/uploads\/sites\/71\/2017\/12\/jpg-8-150x200.jpg",150,200,true],"large":["https:\/\/goias.gov.br\/policiacivil\/wp-content\/uploads\/sites\/71\/2017\/12\/jpg-8-225x300.jpg",225,300,true],"1536x1536":["https:\/\/goias.gov.br\/policiacivil\/wp-content\/uploads\/sites\/71\/2017\/12\/jpg-8.jpg",615,820,false],"2048x2048":["https:\/\/goias.gov.br\/policiacivil\/wp-content\/uploads\/sites\/71\/2017\/12\/jpg-8.jpg",615,820,false]},"rttpg_author":{"display_name":"claudiacury","author_link":"https:\/\/goias.gov.br\/policiacivil\/author\/claudiacury\/"},"rttpg_comment":0,"rttpg_category":"<a href=\"https:\/\/goias.gov.br\/policiacivil\/categoria\/drp\/3a-regional\/\" rel=\"category tag\">3\u00aa Regional<\/a> <a href=\"https:\/\/goias.gov.br\/policiacivil\/categoria\/delegacias\/\" rel=\"category tag\">Delegacias<\/a> <a href=\"https:\/\/goias.gov.br\/policiacivil\/categoria\/policia-civil-no-interior\/\" rel=\"category tag\">Pol\u00edcia Civil no Interior<\/a> <a href=\"https:\/\/goias.gov.br\/policiacivil\/categoria\/ultimo-segundo\/\" rel=\"category tag\">\u00daltimo Segundo<\/a>","rttpg_excerpt":"O acusado foi encontrado em Teres\u00f3polis e apreendido pelo Grupo de Capturas e Apoio Operacional.","_links":{"self":[{"href":"https:\/\/goias.gov.br\/policiacivil\/wp-json\/wp\/v2\/posts\/58669","targetHints":{"allow":["GET"]}}],"collection":[{"href":"https:\/\/goias.gov.br\/policiacivil\/wp-json\/wp\/v2\/posts"}],"about":[{"href":"https:\/\/goias.gov.br\/policiacivil\/wp-json\/wp\/v2\/types\/post"}],"author":[{"embeddable":true,"href":"https:\/\/goias.gov.br\/policiacivil\/wp-json\/wp\/v2\/users\/23"}],"replies":[{"embeddable":true,"href":"https:\/\/goias.gov.br\/policiacivil\/wp-json\/wp\/v2\/comments?post=58669"}],"version-history":[{"count":0,"href":"https:\/\/goias.gov.br\/policiacivil\/wp-json\/wp\/v2\/posts\/58669\/revisions"}],"wp:featuredmedia":[{"embeddable":true,"href":"https:\/\/goias.gov.br\/policiacivil\/wp-json\/wp\/v2\/media\/58670"}],"wp:attachment":[{"href":"https:\/\/goias.gov.br\/policiacivil\/wp-json\/wp\/v2\/media?parent=58669"}],"wp:term":[{"taxonomy":"category","embeddable":true,"href":"https:\/\/goias.gov.br\/policiacivil\/wp-json\/wp\/v2\/categories?post=58669"},{"taxonomy":"post_tag","embeddable":true,"href":"https:\/\/goias.gov.br\/policiacivil\/wp-json\/wp\/v2\/tags?post=58669"}],"curies":[{"name":"wp","href":"https:\/\/api.w.org\/{rel}","templated":true}]}}