

{"id":58166,"date":"2017-12-05T11:45:01","date_gmt":"2017-12-05T13:45:01","guid":{"rendered":"https:\/\/goias.gov.br\/policiacivil\/?p=58166"},"modified":"2017-12-05T15:02:02","modified_gmt":"2017-12-05T17:02:02","slug":"5o-drpc-prende-suspeito-de-estupro-de-vulneravel","status":"publish","type":"post","link":"https:\/\/goias.gov.br\/policiacivil\/5o-drpc-prende-suspeito-de-estupro-de-vulneravel\/","title":{"rendered":"5\u00aa DRPC prende suspeito de estupro de vulner\u00e1vel"},"content":{"rendered":"<p style=\"text-align: justify;\"><a href=\" https:\/\/goias.gov.br\/policiacivil\/wp-content\/uploads\/sites\/71\/2017\/12\/ndice-9.jpg\"><img decoding=\"async\" class=\"alignleft wp-image-58167 size-medium\" src=\" https:\/\/goias.gov.br\/policiacivil\/wp-content\/uploads\/sites\/71\/2017\/12\/ndice-9-163x200.jpg\" width=\"163\" height=\"200\" srcset=\"https:\/\/goias.gov.br\/policiacivil\/wp-content\/uploads\/sites\/71\/2017\/12\/ndice-9-163x200.jpg 163w, https:\/\/goias.gov.br\/policiacivil\/wp-content\/uploads\/sites\/71\/2017\/12\/ndice-9-245x300.jpg 245w, https:\/\/goias.gov.br\/policiacivil\/wp-content\/uploads\/sites\/71\/2017\/12\/ndice-9-324x400.jpg 324w, https:\/\/goias.gov.br\/policiacivil\/wp-content\/uploads\/sites\/71\/2017\/12\/ndice-9-343x420.jpg 343w, https:\/\/goias.gov.br\/policiacivil\/wp-content\/uploads\/sites\/71\/2017\/12\/ndice-9.jpg 620w\" sizes=\"(max-width: 163px) 100vw, 163px\" \/><\/a>A Delegacia de Prote\u00e7\u00e3o \u00e0 Crian\u00e7a e ao Adolescente de Luzi\u00e2nia, coordenada pelo delegado Maur\u00edcio Passerini, cumpriu mandado de pris\u00e3o tempor\u00e1ria expedido em desfavor de investigado por reiterados crimes de estupro de vulner\u00e1vel.<\/p>\n<p style=\"text-align: justify;\">Os delitos teriam sido praticados em Luzi\u00e2nia, contra uma crian\u00e7a de apenas 09 anos de idade. Segundo o delegado, encorajada por uma palestra sobre bullying e abuso sexual que assistiu na escola, a menor relatou sobre os abusos constantes que vinha sofrendo para m\u00e3e, a qual imediatamente procurou a PC-GO.<\/p>\n<p style=\"text-align: justify;\">As provid\u00eancias preliminares foram devidamente tomadas, ocasi\u00e3o em que a policia civil representou pela decreta\u00e7\u00e3o da pris\u00e3o tempor\u00e1ria. Com a mesma agilidade, houve manifesta\u00e7\u00e3o favor\u00e1vel do Minist\u00e9rio P\u00fablico e pronta concess\u00e3o da medida cautelar pelo Poder Judici\u00e1rio. Interrogado, o investigado optou por permanecer em sil\u00eancio.<\/p>\n","protected":false},"excerpt":{"rendered":"<p>A Delegacia de Prote\u00e7\u00e3o \u00e0 Crian\u00e7a e ao Adolescente de Luzi\u00e2nia, coordenada pelo delegado Maur\u00edcio Passerini, cumpriu mandado de pris\u00e3o tempor\u00e1ria expedido em desfavor de investigado por reiterados crimes de estupro de vulner\u00e1vel. Os delitos teriam sido praticados em Luzi\u00e2nia, contra uma crian\u00e7a de apenas 09 anos de idade. Segundo o delegado, encorajada por uma [&hellip;]<\/p>\n","protected":false},"author":23,"featured_media":58167,"comment_status":"closed","ping_status":"closed","sticky":false,"template":"","format":"standard","meta":{"footnotes":""},"categories":[3192,537],"tags":[5502,2543],"class_list":["post-58166","post","type-post","status-publish","format-standard","has-post-thumbnail","hentry","category-5a-regional","category-ultimo-segundo","tag-5o-drpc","tag-estupro-de-vulneravel"],"rttpg_featured_image_url":{"full":["https:\/\/goias.gov.br\/policiacivil\/wp-content\/uploads\/sites\/71\/2017\/12\/ndice-9.jpg",620,759,false],"landscape":["https:\/\/goias.gov.br\/policiacivil\/wp-content\/uploads\/sites\/71\/2017\/12\/ndice-9.jpg",620,759,false],"portraits":["https:\/\/goias.gov.br\/policiacivil\/wp-content\/uploads\/sites\/71\/2017\/12\/ndice-9.jpg",620,759,false],"thumbnail":["https:\/\/goias.gov.br\/policiacivil\/wp-content\/uploads\/sites\/71\/2017\/12\/ndice-9-300x300.jpg",150,150,true],"medium":["https:\/\/goias.gov.br\/policiacivil\/wp-content\/uploads\/sites\/71\/2017\/12\/ndice-9-163x200.jpg",163,200,true],"large":["https:\/\/goias.gov.br\/policiacivil\/wp-content\/uploads\/sites\/71\/2017\/12\/ndice-9-245x300.jpg",245,300,true],"1536x1536":["https:\/\/goias.gov.br\/policiacivil\/wp-content\/uploads\/sites\/71\/2017\/12\/ndice-9.jpg",620,759,false],"2048x2048":["https:\/\/goias.gov.br\/policiacivil\/wp-content\/uploads\/sites\/71\/2017\/12\/ndice-9.jpg",620,759,false]},"rttpg_author":{"display_name":"claudiacury","author_link":"https:\/\/goias.gov.br\/policiacivil\/author\/claudiacury\/"},"rttpg_comment":0,"rttpg_category":"<a href=\"https:\/\/goias.gov.br\/policiacivil\/categoria\/drp\/5a-regional\/\" rel=\"category tag\">5\u00aa Regional<\/a> <a href=\"https:\/\/goias.gov.br\/policiacivil\/categoria\/ultimo-segundo\/\" rel=\"category tag\">\u00daltimo Segundo<\/a>","rttpg_excerpt":"A Delegacia de Prote\u00e7\u00e3o \u00e0 Crian\u00e7a e ao Adolescente de Luzi\u00e2nia, coordenada pelo delegado Maur\u00edcio Passerini, cumpriu mandado de pris\u00e3o tempor\u00e1ria expedido em desfavor de investigado por reiterados crimes de estupro de vulner\u00e1vel. Os delitos teriam sido praticados em Luzi\u00e2nia, contra uma crian\u00e7a de apenas 09 anos de idade. Segundo o delegado, encorajada por uma&hellip;","_links":{"self":[{"href":"https:\/\/goias.gov.br\/policiacivil\/wp-json\/wp\/v2\/posts\/58166","targetHints":{"allow":["GET"]}}],"collection":[{"href":"https:\/\/goias.gov.br\/policiacivil\/wp-json\/wp\/v2\/posts"}],"about":[{"href":"https:\/\/goias.gov.br\/policiacivil\/wp-json\/wp\/v2\/types\/post"}],"author":[{"embeddable":true,"href":"https:\/\/goias.gov.br\/policiacivil\/wp-json\/wp\/v2\/users\/23"}],"replies":[{"embeddable":true,"href":"https:\/\/goias.gov.br\/policiacivil\/wp-json\/wp\/v2\/comments?post=58166"}],"version-history":[{"count":0,"href":"https:\/\/goias.gov.br\/policiacivil\/wp-json\/wp\/v2\/posts\/58166\/revisions"}],"wp:featuredmedia":[{"embeddable":true,"href":"https:\/\/goias.gov.br\/policiacivil\/wp-json\/wp\/v2\/media\/58167"}],"wp:attachment":[{"href":"https:\/\/goias.gov.br\/policiacivil\/wp-json\/wp\/v2\/media?parent=58166"}],"wp:term":[{"taxonomy":"category","embeddable":true,"href":"https:\/\/goias.gov.br\/policiacivil\/wp-json\/wp\/v2\/categories?post=58166"},{"taxonomy":"post_tag","embeddable":true,"href":"https:\/\/goias.gov.br\/policiacivil\/wp-json\/wp\/v2\/tags?post=58166"}],"curies":[{"name":"wp","href":"https:\/\/api.w.org\/{rel}","templated":true}]}}