

{"id":56537,"date":"2017-09-28T16:29:41","date_gmt":"2017-09-28T19:29:41","guid":{"rendered":"https:\/\/goias.gov.br\/policiacivil\/?p=56537"},"modified":"2017-09-28T16:29:41","modified_gmt":"2017-09-28T19:29:41","slug":"delegado-geral-se-reune-com-prefeito-de-ceres-e-delegado-titular-da-ddp-do-municipio","status":"publish","type":"post","link":"https:\/\/goias.gov.br\/policiacivil\/delegado-geral-se-reune-com-prefeito-de-ceres-e-delegado-titular-da-ddp-do-municipio\/","title":{"rendered":"Delegado-geral se re\u00fane com prefeito de Ceres e delegado titular da DDP do munic\u00edpio"},"content":{"rendered":"<p style=\"text-align: justify;\"><a href=\" https:\/\/goias.gov.br\/policiacivil\/wp-content\/uploads\/sites\/71\/2017\/09\/img_1015.jpg\"><img decoding=\"async\" class=\"size-medium wp-image-56538 alignleft\" src=\" https:\/\/goias.gov.br\/policiacivil\/wp-content\/uploads\/sites\/71\/2017\/09\/img_1015-220x147.jpg\" alt=\"IMG_1015\" width=\"220\" height=\"147\" srcset=\"https:\/\/goias.gov.br\/policiacivil\/wp-content\/uploads\/sites\/71\/2017\/09\/img_1015-220x147.jpg 220w, https:\/\/goias.gov.br\/policiacivil\/wp-content\/uploads\/sites\/71\/2017\/09\/img_1015-350x234.jpg 350w, https:\/\/goias.gov.br\/policiacivil\/wp-content\/uploads\/sites\/71\/2017\/09\/img_1015-300x200.jpg 300w, https:\/\/goias.gov.br\/policiacivil\/wp-content\/uploads\/sites\/71\/2017\/09\/img_1015.jpg 620w\" sizes=\"(max-width: 220px) 100vw, 220px\" \/><\/a>O delegado-geral da Pol\u00edcia Civil de Goi\u00e1s, \u00c1lvaro C\u00e1ssio dos Santos, esteve reunido com o prefeito de Ceres, Rafael Melo (\u00e0 esquerda), e com o titular da Delegacia Distrital de Pol\u00edcia (DDP) do munic\u00edpio, delegado Mateus Melo (\u00e0 direita), na quinta-feira (27). Na reuni\u00e3o, foram tratados assuntos atinentes \u00e0 celebra\u00e7\u00e3o de novas parcerias junto ao Poder Executivo local, bem como o incremento das a\u00e7\u00f5es coordenadas j\u00e1 existentes, com vistas ao refor\u00e7o nas a\u00e7\u00f5es no setor de Seguran\u00e7a P\u00fablica na cidade. Ceres \u00e9 sede da 16\u00aa Delegacia Regional de Pol\u00edcia Civil (DRPC).<\/p>\n","protected":false},"excerpt":{"rendered":"<p>O delegado-geral da Pol\u00edcia Civil de Goi\u00e1s, \u00c1lvaro C\u00e1ssio dos Santos, esteve reunido com o prefeito de Ceres, Rafael Melo (\u00e0 esquerda), e com o titular da Delegacia Distrital de Pol\u00edcia (DDP) do munic\u00edpio, delegado Mateus Melo (\u00e0 direita), na quinta-feira (27). Na reuni\u00e3o, foram tratados assuntos atinentes \u00e0 celebra\u00e7\u00e3o de novas parcerias junto ao [&hellip;]<\/p>\n","protected":false},"author":23,"featured_media":56539,"comment_status":"closed","ping_status":"closed","sticky":false,"template":"","format":"standard","meta":{"footnotes":""},"categories":[3203,3,89],"tags":[1395,1914,187,779,708],"class_list":["post-56537","post","type-post","status-publish","format-standard","has-post-thumbnail","hentry","category-16a-regional","category-noticias","category-regionais","tag-ceres","tag-delegado","tag-delegado-geral","tag-prefeito","tag-reuniao"],"rttpg_featured_image_url":{"full":["https:\/\/goias.gov.br\/policiacivil\/wp-content\/uploads\/sites\/71\/2017\/09\/img_1017.jpg",620,398,false],"landscape":["https:\/\/goias.gov.br\/policiacivil\/wp-content\/uploads\/sites\/71\/2017\/09\/img_1017.jpg",620,398,false],"portraits":["https:\/\/goias.gov.br\/policiacivil\/wp-content\/uploads\/sites\/71\/2017\/09\/img_1017.jpg",620,398,false],"thumbnail":["https:\/\/goias.gov.br\/policiacivil\/wp-content\/uploads\/sites\/71\/2017\/09\/img_1017-300x300.jpg",150,150,true],"medium":["https:\/\/goias.gov.br\/policiacivil\/wp-content\/uploads\/sites\/71\/2017\/09\/img_1017-220x141.jpg",220,141,true],"large":["https:\/\/goias.gov.br\/policiacivil\/wp-content\/uploads\/sites\/71\/2017\/09\/img_1017-350x225.jpg",350,225,true],"1536x1536":["https:\/\/goias.gov.br\/policiacivil\/wp-content\/uploads\/sites\/71\/2017\/09\/img_1017.jpg",620,398,false],"2048x2048":["https:\/\/goias.gov.br\/policiacivil\/wp-content\/uploads\/sites\/71\/2017\/09\/img_1017.jpg",620,398,false]},"rttpg_author":{"display_name":"claudiacury","author_link":"https:\/\/goias.gov.br\/policiacivil\/author\/claudiacury\/"},"rttpg_comment":0,"rttpg_category":"<a href=\"https:\/\/goias.gov.br\/policiacivil\/categoria\/drp\/16a-regional\/\" rel=\"category tag\">16\u00aa Regional<\/a> <a href=\"https:\/\/goias.gov.br\/policiacivil\/categoria\/noticias\/\" rel=\"category tag\">Not\u00edcias<\/a> <a href=\"https:\/\/goias.gov.br\/policiacivil\/categoria\/delegacias\/regionais\/\" rel=\"category tag\">Regionais<\/a>","rttpg_excerpt":"O delegado-geral da Pol\u00edcia Civil de Goi\u00e1s, \u00c1lvaro C\u00e1ssio dos Santos, esteve reunido com o prefeito de Ceres, Rafael Melo (\u00e0 esquerda), e com o titular da Delegacia Distrital de Pol\u00edcia (DDP) do munic\u00edpio, delegado Mateus Melo (\u00e0 direita), na quinta-feira (27). Na reuni\u00e3o, foram tratados assuntos atinentes \u00e0 celebra\u00e7\u00e3o de novas parcerias junto ao&hellip;","_links":{"self":[{"href":"https:\/\/goias.gov.br\/policiacivil\/wp-json\/wp\/v2\/posts\/56537","targetHints":{"allow":["GET"]}}],"collection":[{"href":"https:\/\/goias.gov.br\/policiacivil\/wp-json\/wp\/v2\/posts"}],"about":[{"href":"https:\/\/goias.gov.br\/policiacivil\/wp-json\/wp\/v2\/types\/post"}],"author":[{"embeddable":true,"href":"https:\/\/goias.gov.br\/policiacivil\/wp-json\/wp\/v2\/users\/23"}],"replies":[{"embeddable":true,"href":"https:\/\/goias.gov.br\/policiacivil\/wp-json\/wp\/v2\/comments?post=56537"}],"version-history":[{"count":0,"href":"https:\/\/goias.gov.br\/policiacivil\/wp-json\/wp\/v2\/posts\/56537\/revisions"}],"wp:featuredmedia":[{"embeddable":true,"href":"https:\/\/goias.gov.br\/policiacivil\/wp-json\/wp\/v2\/media\/56539"}],"wp:attachment":[{"href":"https:\/\/goias.gov.br\/policiacivil\/wp-json\/wp\/v2\/media?parent=56537"}],"wp:term":[{"taxonomy":"category","embeddable":true,"href":"https:\/\/goias.gov.br\/policiacivil\/wp-json\/wp\/v2\/categories?post=56537"},{"taxonomy":"post_tag","embeddable":true,"href":"https:\/\/goias.gov.br\/policiacivil\/wp-json\/wp\/v2\/tags?post=56537"}],"curies":[{"name":"wp","href":"https:\/\/api.w.org\/{rel}","templated":true}]}}