

{"id":55888,"date":"2017-09-06T11:59:38","date_gmt":"2017-09-06T14:59:38","guid":{"rendered":"https:\/\/goias.gov.br\/policiacivil\/?p=55888"},"modified":"2017-09-11T12:12:14","modified_gmt":"2017-09-11T15:12:14","slug":"delegado-geral-visita-delegacia-de-acreuna-e-elogia-servidores-locais","status":"publish","type":"post","link":"https:\/\/goias.gov.br\/policiacivil\/delegado-geral-visita-delegacia-de-acreuna-e-elogia-servidores-locais\/","title":{"rendered":"Delegado-geral visita delegacia de Acre\u00fana e elogia servidores locais"},"content":{"rendered":"<p style=\"text-align: justify;\"><a href=\" https:\/\/goias.gov.br\/policiacivil\/wp-content\/uploads\/sites\/71\/2017\/09\/whatsapp-image-2017-09-06-at-11-39-21.jpeg\"><img decoding=\"async\" class=\"alignleft wp-image-55890\" src=\" https:\/\/goias.gov.br\/policiacivil\/wp-content\/uploads\/sites\/71\/2017\/09\/whatsapp-image-2017-09-06-at-11-39-21-350x197.jpeg\" alt=\"WhatsApp Image 2017-09-06 at 11.39.21\" width=\"295\" height=\"166\" srcset=\"https:\/\/goias.gov.br\/policiacivil\/wp-content\/uploads\/sites\/71\/2017\/09\/whatsapp-image-2017-09-06-at-11-39-21-350x197.jpeg 350w, https:\/\/goias.gov.br\/policiacivil\/wp-content\/uploads\/sites\/71\/2017\/09\/whatsapp-image-2017-09-06-at-11-39-21-390x220.jpeg 390w, https:\/\/goias.gov.br\/policiacivil\/wp-content\/uploads\/sites\/71\/2017\/09\/whatsapp-image-2017-09-06-at-11-39-21-220x124.jpeg 220w, https:\/\/goias.gov.br\/policiacivil\/wp-content\/uploads\/sites\/71\/2017\/09\/whatsapp-image-2017-09-06-at-11-39-21.jpeg 620w\" sizes=\"(max-width: 295px) 100vw, 295px\" \/><\/a>O delegado-geral da Pol\u00edcia Civil, \u00c1lvaro C\u00e1ssio dos Santos, visitou na \u00faltima segunda-feira (04\/09) a Delegacia de Pol\u00edcia de Acre\u00fana, onde se reuniu com os servidores locais.<\/p>\n<p style=\"text-align: justify;\">Na ocasi\u00e3o, \u00c1lvaro elogiou o trabalho que vem sendo desenvolvido pela equipe e parabenizou o delegado Daniel Gustavo Gon\u00e7alves de Moura, destacando o apoio fundamental prestado pela unidade quando da deflagra\u00e7\u00e3o da Opera\u00e7\u00e3o Terra Verde, coordenada pelo Grupo de Repress\u00e3o a Crimes Rurais e Divisas (GRCRD) e que desmantelou uma organiza\u00e7\u00e3o criminosa especializada no roubo de defensivos agr\u00edcolas.<\/p>\n<p style=\"text-align: justify;\">Durante a visita, o delegado-geral ouviu as principais demandas apresentadas pelos servidores e destacou que tem se empenhado na busca por melhores condi\u00e7\u00f5es e estrutura para as delegacias do interior: &#8220;Nos \u00faltimos meses conseguimos avan\u00e7os significativos, mas n\u00e3o vamos parar. O que estiver ao meu alcance ser\u00e1 feito para que nossa institui\u00e7\u00e3o preste um servi\u00e7o cada vez mais eficiente&#8221;, destacou.<\/p>\n<p style=\"text-align: justify;\"><a href=\" https:\/\/goias.gov.br\/policiacivil\/wp-content\/uploads\/sites\/71\/2017\/09\/whatsapp-image-2017-09-06-at-12-31-45.jpeg\"><img decoding=\"async\" class=\" wp-image-55938 alignright\" src=\" https:\/\/goias.gov.br\/policiacivil\/wp-content\/uploads\/sites\/71\/2017\/09\/whatsapp-image-2017-09-06-at-12-31-45-350x197.jpeg\" alt=\"WhatsApp Image 2017-09-06 at 12.31.45\" width=\"293\" height=\"165\" srcset=\"https:\/\/goias.gov.br\/policiacivil\/wp-content\/uploads\/sites\/71\/2017\/09\/whatsapp-image-2017-09-06-at-12-31-45-350x197.jpeg 350w, https:\/\/goias.gov.br\/policiacivil\/wp-content\/uploads\/sites\/71\/2017\/09\/whatsapp-image-2017-09-06-at-12-31-45-220x124.jpeg 220w, https:\/\/goias.gov.br\/policiacivil\/wp-content\/uploads\/sites\/71\/2017\/09\/whatsapp-image-2017-09-06-at-12-31-45.jpeg 620w\" sizes=\"(max-width: 293px) 100vw, 293px\" \/><\/a>O delegado-geral ainda aproveitou a oportunidade para visitar o prefeito Edmar Neto e o agradeceu pelas parcerias e pelo apoio do Poder P\u00fablico Municipal \u00e0 Pol\u00edcia Civil.<\/p>\n","protected":false},"excerpt":{"rendered":"<p>O delegado-geral da Pol\u00edcia Civil, \u00c1lvaro C\u00e1ssio dos Santos, visitou na \u00faltima segunda-feira (04\/09) a Delegacia de Pol\u00edcia de Acre\u00fana, onde se reuniu com os servidores locais. Na ocasi\u00e3o, \u00c1lvaro elogiou o trabalho que vem sendo desenvolvido pela equipe e parabenizou o delegado Daniel Gustavo Gon\u00e7alves de Moura, destacando o apoio fundamental prestado pela unidade [&hellip;]<\/p>\n","protected":false},"author":23,"featured_media":55890,"comment_status":"closed","ping_status":"closed","sticky":false,"template":"","format":"standard","meta":{"footnotes":""},"categories":[3195,89,537],"tags":[2722,801,1994,1927],"class_list":["post-55888","post","type-post","status-publish","format-standard","has-post-thumbnail","hentry","category-8a-regional","category-regionais","category-ultimo-segundo","tag-acreuna","tag-alvaro","tag-daniel","tag-visita"],"rttpg_featured_image_url":{"full":["https:\/\/goias.gov.br\/policiacivil\/wp-content\/uploads\/sites\/71\/2017\/09\/whatsapp-image-2017-09-06-at-11-39-21.jpeg",620,349,false],"landscape":["https:\/\/goias.gov.br\/policiacivil\/wp-content\/uploads\/sites\/71\/2017\/09\/whatsapp-image-2017-09-06-at-11-39-21.jpeg",620,349,false],"portraits":["https:\/\/goias.gov.br\/policiacivil\/wp-content\/uploads\/sites\/71\/2017\/09\/whatsapp-image-2017-09-06-at-11-39-21.jpeg",620,349,false],"thumbnail":["https:\/\/goias.gov.br\/policiacivil\/wp-content\/uploads\/sites\/71\/2017\/09\/whatsapp-image-2017-09-06-at-11-39-21-300x300.jpeg",150,150,true],"medium":["https:\/\/goias.gov.br\/policiacivil\/wp-content\/uploads\/sites\/71\/2017\/09\/whatsapp-image-2017-09-06-at-11-39-21-220x124.jpeg",220,124,true],"large":["https:\/\/goias.gov.br\/policiacivil\/wp-content\/uploads\/sites\/71\/2017\/09\/whatsapp-image-2017-09-06-at-11-39-21-350x197.jpeg",350,197,true],"1536x1536":["https:\/\/goias.gov.br\/policiacivil\/wp-content\/uploads\/sites\/71\/2017\/09\/whatsapp-image-2017-09-06-at-11-39-21.jpeg",620,349,false],"2048x2048":["https:\/\/goias.gov.br\/policiacivil\/wp-content\/uploads\/sites\/71\/2017\/09\/whatsapp-image-2017-09-06-at-11-39-21.jpeg",620,349,false]},"rttpg_author":{"display_name":"claudiacury","author_link":"https:\/\/goias.gov.br\/policiacivil\/author\/claudiacury\/"},"rttpg_comment":0,"rttpg_category":"<a href=\"https:\/\/goias.gov.br\/policiacivil\/categoria\/drp\/8a-regional\/\" rel=\"category tag\">8\u00aa Regional<\/a> <a href=\"https:\/\/goias.gov.br\/policiacivil\/categoria\/delegacias\/regionais\/\" rel=\"category tag\">Regionais<\/a> <a href=\"https:\/\/goias.gov.br\/policiacivil\/categoria\/ultimo-segundo\/\" rel=\"category tag\">\u00daltimo Segundo<\/a>","rttpg_excerpt":"O delegado-geral da Pol\u00edcia Civil, \u00c1lvaro C\u00e1ssio dos Santos, visitou na \u00faltima segunda-feira (04\/09) a Delegacia de Pol\u00edcia de Acre\u00fana, onde se reuniu com os servidores locais. Na ocasi\u00e3o, \u00c1lvaro elogiou o trabalho que vem sendo desenvolvido pela equipe e parabenizou o delegado Daniel Gustavo Gon\u00e7alves de Moura, destacando o apoio fundamental prestado pela unidade&hellip;","_links":{"self":[{"href":"https:\/\/goias.gov.br\/policiacivil\/wp-json\/wp\/v2\/posts\/55888","targetHints":{"allow":["GET"]}}],"collection":[{"href":"https:\/\/goias.gov.br\/policiacivil\/wp-json\/wp\/v2\/posts"}],"about":[{"href":"https:\/\/goias.gov.br\/policiacivil\/wp-json\/wp\/v2\/types\/post"}],"author":[{"embeddable":true,"href":"https:\/\/goias.gov.br\/policiacivil\/wp-json\/wp\/v2\/users\/23"}],"replies":[{"embeddable":true,"href":"https:\/\/goias.gov.br\/policiacivil\/wp-json\/wp\/v2\/comments?post=55888"}],"version-history":[{"count":0,"href":"https:\/\/goias.gov.br\/policiacivil\/wp-json\/wp\/v2\/posts\/55888\/revisions"}],"wp:featuredmedia":[{"embeddable":true,"href":"https:\/\/goias.gov.br\/policiacivil\/wp-json\/wp\/v2\/media\/55890"}],"wp:attachment":[{"href":"https:\/\/goias.gov.br\/policiacivil\/wp-json\/wp\/v2\/media?parent=55888"}],"wp:term":[{"taxonomy":"category","embeddable":true,"href":"https:\/\/goias.gov.br\/policiacivil\/wp-json\/wp\/v2\/categories?post=55888"},{"taxonomy":"post_tag","embeddable":true,"href":"https:\/\/goias.gov.br\/policiacivil\/wp-json\/wp\/v2\/tags?post=55888"}],"curies":[{"name":"wp","href":"https:\/\/api.w.org\/{rel}","templated":true}]}}