{"id":55363,"date":"2017-08-22T08:43:02","date_gmt":"2017-08-22T11:43:02","guid":{"rendered":"https:\/\/goias.gov.br\/policiacivil\/?p=55363"},"modified":"2017-08-22T08:43:02","modified_gmt":"2017-08-22T11:43:02","slug":"condenado-por-trafico-de-drogas-e-preso-por-policiais-civis-em-aguas-lindas","status":"publish","type":"post","link":"https:\/\/goias.gov.br\/policiacivil\/condenado-por-trafico-de-drogas-e-preso-por-policiais-civis-em-aguas-lindas\/","title":{"rendered":"Condenado por tr\u00e1fico de drogas \u00e9 preso por policiais civis em \u00c1guas Lindas"},"content":{"rendered":"<p style=\"text-align: justify;\"><a href=\" https:\/\/goias.gov.br\/policiacivil\/wp-content\/uploads\/sites\/71\/2017\/08\/whatsapp-image-2017-08-22-at-00.jpg\"><img decoding=\"async\" class=\"size-medium wp-image-55364 alignleft\" src=\" https:\/\/goias.gov.br\/policiacivil\/wp-content\/uploads\/sites\/71\/2017\/08\/whatsapp-image-2017-08-22-at-00-201x200.jpg\" alt=\"WhatsApp Image 2017-08-22 at 00\" width=\"201\" height=\"200\" srcset=\"https:\/\/goias.gov.br\/policiacivil\/wp-content\/uploads\/sites\/71\/2017\/08\/whatsapp-image-2017-08-22-at-00-201x200.jpg 201w, https:\/\/goias.gov.br\/policiacivil\/wp-content\/uploads\/sites\/71\/2017\/08\/whatsapp-image-2017-08-22-at-00-300x300.jpg 300w, https:\/\/goias.gov.br\/policiacivil\/wp-content\/uploads\/sites\/71\/2017\/08\/whatsapp-image-2017-08-22-at-00-301x300.jpg 301w, https:\/\/goias.gov.br\/policiacivil\/wp-content\/uploads\/sites\/71\/2017\/08\/whatsapp-image-2017-08-22-at-00-421x420.jpg 421w, https:\/\/goias.gov.br\/policiacivil\/wp-content\/uploads\/sites\/71\/2017\/08\/whatsapp-image-2017-08-22-at-00.jpg 620w\" sizes=\"(max-width: 201px) 100vw, 201px\" \/><\/a>Policiais civis integrantes da Unidade de Intelig\u00eancia (Unint) da 17\u00aa Delegacia Regional de Pol\u00edcia Civil (DRPC) de \u00c1guas Lindas, sob a coordena\u00e7\u00e3o do delegado Fernando Gama, deram cumprimento a mandado de pris\u00e3o definitiva em desfavor de Amaral da Silva de Aguiar (foto), em raz\u00e3o de condena\u00e7\u00e3o pelo crime de tr\u00e1fico de drogas. A a\u00e7\u00e3o se deu na segunda-feira (21).<\/p>\n","protected":false},"excerpt":{"rendered":"<p>Policiais civis integrantes da Unidade de Intelig\u00eancia (Unint) da 17\u00aa Delegacia Regional de Pol\u00edcia Civil (DRPC) de \u00c1guas Lindas, sob a coordena\u00e7\u00e3o do delegado Fernando Gama, deram cumprimento a mandado de pris\u00e3o definitiva em desfavor de Amaral da Silva de Aguiar (foto), em raz\u00e3o de condena\u00e7\u00e3o pelo crime de tr\u00e1fico de drogas. A a\u00e7\u00e3o se [&hellip;]<\/p>\n","protected":false},"author":23,"featured_media":55364,"comment_status":"closed","ping_status":"closed","sticky":false,"template":"","format":"standard","meta":{"footnotes":""},"categories":[3204,89,537],"tags":[2426,314,414,861,12,5294],"class_list":["post-55363","post","type-post","status-publish","format-standard","has-post-thumbnail","hentry","category-17a-regional","category-regionais","category-ultimo-segundo","tag-aguas-lindas","tag-drogas","tag-inteligencia","tag-prisao","tag-trafico","tag-unidade"],"rttpg_featured_image_url":{"full":["https:\/\/goias.gov.br\/policiacivil\/wp-content\/uploads\/sites\/71\/2017\/08\/whatsapp-image-2017-08-22-at-00.jpg",620,618,false],"landscape":["https:\/\/goias.gov.br\/policiacivil\/wp-content\/uploads\/sites\/71\/2017\/08\/whatsapp-image-2017-08-22-at-00.jpg",620,618,false],"portraits":["https:\/\/goias.gov.br\/policiacivil\/wp-content\/uploads\/sites\/71\/2017\/08\/whatsapp-image-2017-08-22-at-00.jpg",620,618,false],"thumbnail":["https:\/\/goias.gov.br\/policiacivil\/wp-content\/uploads\/sites\/71\/2017\/08\/whatsapp-image-2017-08-22-at-00-300x300.jpg",150,150,true],"medium":["https:\/\/goias.gov.br\/policiacivil\/wp-content\/uploads\/sites\/71\/2017\/08\/whatsapp-image-2017-08-22-at-00-201x200.jpg",201,200,true],"large":["https:\/\/goias.gov.br\/policiacivil\/wp-content\/uploads\/sites\/71\/2017\/08\/whatsapp-image-2017-08-22-at-00-301x300.jpg",301,300,true],"1536x1536":["https:\/\/goias.gov.br\/policiacivil\/wp-content\/uploads\/sites\/71\/2017\/08\/whatsapp-image-2017-08-22-at-00.jpg",620,618,false],"2048x2048":["https:\/\/goias.gov.br\/policiacivil\/wp-content\/uploads\/sites\/71\/2017\/08\/whatsapp-image-2017-08-22-at-00.jpg",620,618,false]},"rttpg_author":{"display_name":"claudiacury","author_link":"https:\/\/goias.gov.br\/policiacivil\/author\/claudiacury\/"},"rttpg_comment":0,"rttpg_category":"<a href=\"https:\/\/goias.gov.br\/policiacivil\/categoria\/drp\/17a-regional\/\" rel=\"category tag\">17\u00aa Regional<\/a> <a href=\"https:\/\/goias.gov.br\/policiacivil\/categoria\/delegacias\/regionais\/\" rel=\"category tag\">Regionais<\/a> <a href=\"https:\/\/goias.gov.br\/policiacivil\/categoria\/ultimo-segundo\/\" rel=\"category tag\">\u00daltimo Segundo<\/a>","rttpg_excerpt":"Policiais civis integrantes da Unidade de Intelig\u00eancia (Unint) da 17\u00aa Delegacia Regional de Pol\u00edcia Civil (DRPC) de \u00c1guas Lindas, sob a coordena\u00e7\u00e3o do delegado Fernando Gama, deram cumprimento a mandado de pris\u00e3o definitiva em desfavor de Amaral da Silva de Aguiar (foto), em raz\u00e3o de condena\u00e7\u00e3o pelo crime de tr\u00e1fico de drogas. A a\u00e7\u00e3o se&hellip;","_links":{"self":[{"href":"https:\/\/goias.gov.br\/policiacivil\/wp-json\/wp\/v2\/posts\/55363","targetHints":{"allow":["GET"]}}],"collection":[{"href":"https:\/\/goias.gov.br\/policiacivil\/wp-json\/wp\/v2\/posts"}],"about":[{"href":"https:\/\/goias.gov.br\/policiacivil\/wp-json\/wp\/v2\/types\/post"}],"author":[{"embeddable":true,"href":"https:\/\/goias.gov.br\/policiacivil\/wp-json\/wp\/v2\/users\/23"}],"replies":[{"embeddable":true,"href":"https:\/\/goias.gov.br\/policiacivil\/wp-json\/wp\/v2\/comments?post=55363"}],"version-history":[{"count":0,"href":"https:\/\/goias.gov.br\/policiacivil\/wp-json\/wp\/v2\/posts\/55363\/revisions"}],"wp:featuredmedia":[{"embeddable":true,"href":"https:\/\/goias.gov.br\/policiacivil\/wp-json\/wp\/v2\/media\/55364"}],"wp:attachment":[{"href":"https:\/\/goias.gov.br\/policiacivil\/wp-json\/wp\/v2\/media?parent=55363"}],"wp:term":[{"taxonomy":"category","embeddable":true,"href":"https:\/\/goias.gov.br\/policiacivil\/wp-json\/wp\/v2\/categories?post=55363"},{"taxonomy":"post_tag","embeddable":true,"href":"https:\/\/goias.gov.br\/policiacivil\/wp-json\/wp\/v2\/tags?post=55363"}],"curies":[{"name":"wp","href":"https:\/\/api.w.org\/{rel}","templated":true}]}}