

{"id":55257,"date":"2017-08-18T09:41:36","date_gmt":"2017-08-18T12:41:36","guid":{"rendered":"https:\/\/goias.gov.br\/policiacivil\/?p=55257"},"modified":"2017-08-18T09:42:01","modified_gmt":"2017-08-18T12:42:01","slug":"suspeito-de-roubo-a-comercio-e-preso-em-goiatuba","status":"publish","type":"post","link":"https:\/\/goias.gov.br\/policiacivil\/suspeito-de-roubo-a-comercio-e-preso-em-goiatuba\/","title":{"rendered":"Suspeito de roubo a com\u00e9rcio \u00e9 preso em Goiatuba"},"content":{"rendered":"<p style=\"text-align: justify;\"><a href=\" https:\/\/goias.gov.br\/policiacivil\/wp-content\/uploads\/sites\/71\/2017\/08\/joao-victor-goiatuba-1.jpg\"><img fetchpriority=\"high\" decoding=\"async\" class=\"alignleft size-large wp-image-55272\" src=\" https:\/\/goias.gov.br\/policiacivil\/wp-content\/uploads\/sites\/71\/2017\/08\/joao-victor-goiatuba-1-305x300.jpg\" alt=\"jo\u00e3o victor goiatuba\" width=\"305\" height=\"300\" srcset=\"https:\/\/goias.gov.br\/policiacivil\/wp-content\/uploads\/sites\/71\/2017\/08\/joao-victor-goiatuba-1-305x300.jpg 305w, https:\/\/goias.gov.br\/policiacivil\/wp-content\/uploads\/sites\/71\/2017\/08\/joao-victor-goiatuba-1-204x200.jpg 204w, https:\/\/goias.gov.br\/policiacivil\/wp-content\/uploads\/sites\/71\/2017\/08\/joao-victor-goiatuba-1-428x420.jpg 428w, https:\/\/goias.gov.br\/policiacivil\/wp-content\/uploads\/sites\/71\/2017\/08\/joao-victor-goiatuba-1.jpg 620w\" sizes=\"(max-width: 305px) 100vw, 305px\" \/><\/a>A Delegacia de Pol\u00edcia Civil de Goiatuba cumpriu, no dia 18 de agosto, mandado de pris\u00e3o preventiva em desfavor de Jo\u00e3o Victor Sousa Silva, suspeito de praticar roubo a com\u00e9rcio. De acordo com as investiga\u00e7\u00f5es, dois dias antes da pris\u00e3o, Jo\u00e3o Victor adentrou armado no estabelecimento da v\u00edtima E.S.C. e anunciou o assalto. Na ocasi\u00e3o, o assaltante levou quase R$ 8 mil reais, fugindo em seguida com \u00a0ajuda de um comparsa que o aguardava na esquina.<\/p>\n<p style=\"text-align: justify;\">Ap\u00f3s investiga\u00e7\u00e3o e apura\u00e7\u00e3o dos fatos e autoria, foi ofertado ao judici\u00e1rio local representa\u00e7\u00e3o pela pris\u00e3o preventiva do suspeito, a qual foi decretada.\u00a0Jo\u00e3o Victor foi indiciado pelo crime de roubo majorado, inserto no artigo 157 \u00a72\u00b0. Ap\u00f3s procedimentos, o autuado encontra-se recolhido, onde ficar\u00e1 a disposi\u00e7\u00e3o da Justi\u00e7a.<\/p>\n","protected":false},"excerpt":{"rendered":"<p>A Delegacia de Pol\u00edcia Civil de Goiatuba cumpriu, no dia 18 de agosto, mandado de pris\u00e3o preventiva em desfavor de Jo\u00e3o Victor Sousa Silva, suspeito de praticar roubo a com\u00e9rcio. De acordo com as investiga\u00e7\u00f5es, dois dias antes da pris\u00e3o, Jo\u00e3o Victor adentrou armado no estabelecimento da v\u00edtima E.S.C. e anunciou o assalto. Na ocasi\u00e3o, [&hellip;]<\/p>\n","protected":false},"author":23,"featured_media":55272,"comment_status":"closed","ping_status":"closed","sticky":false,"template":"","format":"standard","meta":{"footnotes":""},"categories":[3193,537],"tags":[102],"class_list":["post-55257","post","type-post","status-publish","format-standard","has-post-thumbnail","hentry","category-6a-regional","category-ultimo-segundo","tag-goiatuba"],"rttpg_featured_image_url":{"full":["https:\/\/goias.gov.br\/policiacivil\/wp-content\/uploads\/sites\/71\/2017\/08\/joao-victor-goiatuba-1.jpg",620,609,false],"landscape":["https:\/\/goias.gov.br\/policiacivil\/wp-content\/uploads\/sites\/71\/2017\/08\/joao-victor-goiatuba-1.jpg",620,609,false],"portraits":["https:\/\/goias.gov.br\/policiacivil\/wp-content\/uploads\/sites\/71\/2017\/08\/joao-victor-goiatuba-1.jpg",620,609,false],"thumbnail":["https:\/\/goias.gov.br\/policiacivil\/wp-content\/uploads\/sites\/71\/2017\/08\/joao-victor-goiatuba-1-300x300.jpg",150,150,true],"medium":["https:\/\/goias.gov.br\/policiacivil\/wp-content\/uploads\/sites\/71\/2017\/08\/joao-victor-goiatuba-1-204x200.jpg",204,200,true],"large":["https:\/\/goias.gov.br\/policiacivil\/wp-content\/uploads\/sites\/71\/2017\/08\/joao-victor-goiatuba-1-305x300.jpg",305,300,true],"1536x1536":["https:\/\/goias.gov.br\/policiacivil\/wp-content\/uploads\/sites\/71\/2017\/08\/joao-victor-goiatuba-1.jpg",620,609,false],"2048x2048":["https:\/\/goias.gov.br\/policiacivil\/wp-content\/uploads\/sites\/71\/2017\/08\/joao-victor-goiatuba-1.jpg",620,609,false]},"rttpg_author":{"display_name":"claudiacury","author_link":"https:\/\/goias.gov.br\/policiacivil\/author\/claudiacury\/"},"rttpg_comment":0,"rttpg_category":"<a href=\"https:\/\/goias.gov.br\/policiacivil\/categoria\/drp\/6a-regional\/\" rel=\"category tag\">6\u00aa Regional<\/a> <a href=\"https:\/\/goias.gov.br\/policiacivil\/categoria\/ultimo-segundo\/\" rel=\"category tag\">\u00daltimo Segundo<\/a>","rttpg_excerpt":"A Delegacia de Pol\u00edcia Civil de Goiatuba cumpriu, no dia 18 de agosto, mandado de pris\u00e3o preventiva em desfavor de Jo\u00e3o Victor Sousa Silva, suspeito de praticar roubo a com\u00e9rcio. De acordo com as investiga\u00e7\u00f5es, dois dias antes da pris\u00e3o, Jo\u00e3o Victor adentrou armado no estabelecimento da v\u00edtima E.S.C. e anunciou o assalto. Na ocasi\u00e3o,&hellip;","_links":{"self":[{"href":"https:\/\/goias.gov.br\/policiacivil\/wp-json\/wp\/v2\/posts\/55257","targetHints":{"allow":["GET"]}}],"collection":[{"href":"https:\/\/goias.gov.br\/policiacivil\/wp-json\/wp\/v2\/posts"}],"about":[{"href":"https:\/\/goias.gov.br\/policiacivil\/wp-json\/wp\/v2\/types\/post"}],"author":[{"embeddable":true,"href":"https:\/\/goias.gov.br\/policiacivil\/wp-json\/wp\/v2\/users\/23"}],"replies":[{"embeddable":true,"href":"https:\/\/goias.gov.br\/policiacivil\/wp-json\/wp\/v2\/comments?post=55257"}],"version-history":[{"count":0,"href":"https:\/\/goias.gov.br\/policiacivil\/wp-json\/wp\/v2\/posts\/55257\/revisions"}],"wp:featuredmedia":[{"embeddable":true,"href":"https:\/\/goias.gov.br\/policiacivil\/wp-json\/wp\/v2\/media\/55272"}],"wp:attachment":[{"href":"https:\/\/goias.gov.br\/policiacivil\/wp-json\/wp\/v2\/media?parent=55257"}],"wp:term":[{"taxonomy":"category","embeddable":true,"href":"https:\/\/goias.gov.br\/policiacivil\/wp-json\/wp\/v2\/categories?post=55257"},{"taxonomy":"post_tag","embeddable":true,"href":"https:\/\/goias.gov.br\/policiacivil\/wp-json\/wp\/v2\/tags?post=55257"}],"curies":[{"name":"wp","href":"https:\/\/api.w.org\/{rel}","templated":true}]}}