

{"id":53833,"date":"2017-06-27T14:39:34","date_gmt":"2017-06-27T17:39:34","guid":{"rendered":"https:\/\/goias.gov.br\/policiacivil\/?p=53833"},"modified":"2017-06-27T14:39:54","modified_gmt":"2017-06-27T17:39:54","slug":"pc-de-cacu-prende-autor-de-furto-de-celular-ja-devolvido-a-vitima","status":"publish","type":"post","link":"https:\/\/goias.gov.br\/policiacivil\/pc-de-cacu-prende-autor-de-furto-de-celular-ja-devolvido-a-vitima\/","title":{"rendered":"PC de Ca\u00e7u prende autor de furto de celular j\u00e1 devolvido a v\u00edtima"},"content":{"rendered":"<p style=\"text-align: justify;\"><a href=\" https:\/\/goias.gov.br\/policiacivil\/wp-content\/uploads\/sites\/71\/2017\/06\/whatsapp-image-2017-06-27-at-11.jpg\"><img decoding=\"async\" class=\"size-medium wp-image-53834 alignleft\" src=\" https:\/\/goias.gov.br\/policiacivil\/wp-content\/uploads\/sites\/71\/2017\/06\/whatsapp-image-2017-06-27-at-11-186x200.jpg\" alt=\"WhatsApp Image 2017-06-27 at 11\" width=\"186\" height=\"200\" srcset=\"https:\/\/goias.gov.br\/policiacivil\/wp-content\/uploads\/sites\/71\/2017\/06\/whatsapp-image-2017-06-27-at-11-186x200.jpg 186w, https:\/\/goias.gov.br\/policiacivil\/wp-content\/uploads\/sites\/71\/2017\/06\/whatsapp-image-2017-06-27-at-11-279x300.jpg 279w, https:\/\/goias.gov.br\/policiacivil\/wp-content\/uploads\/sites\/71\/2017\/06\/whatsapp-image-2017-06-27-at-11.jpg 306w\" sizes=\"(max-width: 186px) 100vw, 186px\" \/><\/a>Policiais civis de Ca\u00e7u cumpriram mandado de pris\u00e3o preventiva em desfavor de Wanderson Ferreira Costa, 34 anos, na tarde de segunda-feira (26). A ordem judicial foi expedida pelo Poder Judici\u00e1rio de Quirin\u00f3polis. Wanderson \u00e9 suspeito de ter praticado o furto de um aparelho celular na cidade de Ca\u00e7u na manh\u00e3 de s\u00e1bado (24). O produto do crime foi localizado com a am\u00e1sia do suspeito e, posteriormente, devolvido \u00e0 v\u00edtima.<\/p>\n","protected":false},"excerpt":{"rendered":"<p>Policiais civis de Ca\u00e7u cumpriram mandado de pris\u00e3o preventiva em desfavor de Wanderson Ferreira Costa, 34 anos, na tarde de segunda-feira (26). A ordem judicial foi expedida pelo Poder Judici\u00e1rio de Quirin\u00f3polis. Wanderson \u00e9 suspeito de ter praticado o furto de um aparelho celular na cidade de Ca\u00e7u na manh\u00e3 de s\u00e1bado (24). O produto [&hellip;]<\/p>\n","protected":false},"author":23,"featured_media":53834,"comment_status":"closed","ping_status":"closed","sticky":false,"template":"","format":"standard","meta":{"footnotes":""},"categories":[3201,2538,89,537],"tags":[236,3312,4661,861],"class_list":["post-53833","post","type-post","status-publish","format-standard","has-post-thumbnail","hentry","category-14a-regional","category-delegacias","category-regionais","category-ultimo-segundo","tag-cacu","tag-celular","tag-devolucao","tag-prisao"],"rttpg_featured_image_url":{"full":["https:\/\/goias.gov.br\/policiacivil\/wp-content\/uploads\/sites\/71\/2017\/06\/whatsapp-image-2017-06-27-at-11.jpg",306,329,false],"landscape":["https:\/\/goias.gov.br\/policiacivil\/wp-content\/uploads\/sites\/71\/2017\/06\/whatsapp-image-2017-06-27-at-11.jpg",306,329,false],"portraits":["https:\/\/goias.gov.br\/policiacivil\/wp-content\/uploads\/sites\/71\/2017\/06\/whatsapp-image-2017-06-27-at-11.jpg",306,329,false],"thumbnail":["https:\/\/goias.gov.br\/policiacivil\/wp-content\/uploads\/sites\/71\/2017\/06\/whatsapp-image-2017-06-27-at-11-300x300.jpg",150,150,true],"medium":["https:\/\/goias.gov.br\/policiacivil\/wp-content\/uploads\/sites\/71\/2017\/06\/whatsapp-image-2017-06-27-at-11-186x200.jpg",186,200,true],"large":["https:\/\/goias.gov.br\/policiacivil\/wp-content\/uploads\/sites\/71\/2017\/06\/whatsapp-image-2017-06-27-at-11-279x300.jpg",279,300,true],"1536x1536":["https:\/\/goias.gov.br\/policiacivil\/wp-content\/uploads\/sites\/71\/2017\/06\/whatsapp-image-2017-06-27-at-11.jpg",306,329,false],"2048x2048":["https:\/\/goias.gov.br\/policiacivil\/wp-content\/uploads\/sites\/71\/2017\/06\/whatsapp-image-2017-06-27-at-11.jpg",306,329,false]},"rttpg_author":{"display_name":"claudiacury","author_link":"https:\/\/goias.gov.br\/policiacivil\/author\/claudiacury\/"},"rttpg_comment":0,"rttpg_category":"<a href=\"https:\/\/goias.gov.br\/policiacivil\/categoria\/drp\/14a-regional\/\" rel=\"category tag\">14\u00aa Regional<\/a> <a href=\"https:\/\/goias.gov.br\/policiacivil\/categoria\/delegacias\/\" rel=\"category tag\">Delegacias<\/a> <a href=\"https:\/\/goias.gov.br\/policiacivil\/categoria\/delegacias\/regionais\/\" rel=\"category tag\">Regionais<\/a> <a href=\"https:\/\/goias.gov.br\/policiacivil\/categoria\/ultimo-segundo\/\" rel=\"category tag\">\u00daltimo Segundo<\/a>","rttpg_excerpt":"Policiais civis de Ca\u00e7u cumpriram mandado de pris\u00e3o preventiva em desfavor de Wanderson Ferreira Costa, 34 anos, na tarde de segunda-feira (26). A ordem judicial foi expedida pelo Poder Judici\u00e1rio de Quirin\u00f3polis. Wanderson \u00e9 suspeito de ter praticado o furto de um aparelho celular na cidade de Ca\u00e7u na manh\u00e3 de s\u00e1bado (24). O produto&hellip;","_links":{"self":[{"href":"https:\/\/goias.gov.br\/policiacivil\/wp-json\/wp\/v2\/posts\/53833","targetHints":{"allow":["GET"]}}],"collection":[{"href":"https:\/\/goias.gov.br\/policiacivil\/wp-json\/wp\/v2\/posts"}],"about":[{"href":"https:\/\/goias.gov.br\/policiacivil\/wp-json\/wp\/v2\/types\/post"}],"author":[{"embeddable":true,"href":"https:\/\/goias.gov.br\/policiacivil\/wp-json\/wp\/v2\/users\/23"}],"replies":[{"embeddable":true,"href":"https:\/\/goias.gov.br\/policiacivil\/wp-json\/wp\/v2\/comments?post=53833"}],"version-history":[{"count":0,"href":"https:\/\/goias.gov.br\/policiacivil\/wp-json\/wp\/v2\/posts\/53833\/revisions"}],"wp:featuredmedia":[{"embeddable":true,"href":"https:\/\/goias.gov.br\/policiacivil\/wp-json\/wp\/v2\/media\/53834"}],"wp:attachment":[{"href":"https:\/\/goias.gov.br\/policiacivil\/wp-json\/wp\/v2\/media?parent=53833"}],"wp:term":[{"taxonomy":"category","embeddable":true,"href":"https:\/\/goias.gov.br\/policiacivil\/wp-json\/wp\/v2\/categories?post=53833"},{"taxonomy":"post_tag","embeddable":true,"href":"https:\/\/goias.gov.br\/policiacivil\/wp-json\/wp\/v2\/tags?post=53833"}],"curies":[{"name":"wp","href":"https:\/\/api.w.org\/{rel}","templated":true}]}}