{"id":50674,"date":"2017-03-08T11:42:49","date_gmt":"2017-03-08T14:42:49","guid":{"rendered":"https:\/\/goias.gov.br\/policiacivil\/?p=50674"},"modified":"2017-03-08T11:42:49","modified_gmt":"2017-03-08T14:42:49","slug":"ladrao-de-cargas-e-veiculos-e-preso-por-policiais-civis-em-novo-gama","status":"publish","type":"post","link":"https:\/\/goias.gov.br\/policiacivil\/ladrao-de-cargas-e-veiculos-e-preso-por-policiais-civis-em-novo-gama\/","title":{"rendered":"Ladr\u00e3o de cargas e ve\u00edculos \u00e9 preso por policiais civis em Novo Gama"},"content":{"rendered":"<p style=\"text-align: justify;\"><a href=\" https:\/\/goias.gov.br\/policiacivil\/wp-content\/uploads\/sites\/71\/2017\/03\/whatsapp-image-2017-03-08-at-11.jpg\"><img decoding=\"async\" class=\"size-medium wp-image-50675 alignleft\" src=\" https:\/\/goias.gov.br\/policiacivil\/wp-content\/uploads\/sites\/71\/2017\/03\/whatsapp-image-2017-03-08-at-11-175x200.jpg\" alt=\"WhatsApp Image 2017-03-08 at 11\" width=\"175\" height=\"200\" srcset=\"https:\/\/goias.gov.br\/policiacivil\/wp-content\/uploads\/sites\/71\/2017\/03\/whatsapp-image-2017-03-08-at-11-175x200.jpg 175w, https:\/\/goias.gov.br\/policiacivil\/wp-content\/uploads\/sites\/71\/2017\/03\/whatsapp-image-2017-03-08-at-11-262x300.jpg 262w, https:\/\/goias.gov.br\/policiacivil\/wp-content\/uploads\/sites\/71\/2017\/03\/whatsapp-image-2017-03-08-at-11-367x420.jpg 367w, https:\/\/goias.gov.br\/policiacivil\/wp-content\/uploads\/sites\/71\/2017\/03\/whatsapp-image-2017-03-08-at-11.jpg 439w\" sizes=\"(max-width: 175px) 100vw, 175px\" \/><\/a>O Grupo de Investiga\u00e7\u00e3o de Homic\u00eddios\/Especial de Repress\u00e3o a Narc\u00f3ticos (GIH\/Genarc) de Novo Gama, no Entorno do Distrito Federal, cumpriram mandados de pris\u00e3o preventiva e definitiva em desfavor de um autor de v\u00e1rios roubos na regi\u00e3o.<\/p>\n<p style=\"text-align: justify;\">Ap\u00f3s levantamentos, os investigadores tomaram conhecimento da localiza\u00e7\u00e3o de Maicon Alef Silva Melo (foto), foragido da justi\u00e7a e condenado por roubo de cargas, al\u00e9m de ser processado por roubo de ve\u00edculos.<\/p>\n<p style=\"text-align: justify;\">Os policiais civis efetuaram a pris\u00e3o de Maicon enquanto ele transitava pela Avenida Perimetral, em frente ao Posto Petromares. Contra Maicon pesavam dois mandados de pris\u00e3o em aberto, sendo um de pris\u00e3o preventiva por envolvimento em roubo de carro em Valpara\u00edso, e outro por roubo de carga em Alex\u00e2nia.<\/p>\n<p style=\"text-align: justify;\">A pris\u00e3o foi efetuada com apoio da equipe da Delegacia de Pol\u00edcia (DDP) de Novo Gama, sob coordena\u00e7\u00e3o do Delegado Danillo Martins, o qual solicita que os portadores de qualquer informa\u00e7\u00e3o atinente a algum crime praticado pelo autor, entrar em contato com a Pol\u00edcia Civil pelos telefones (61) 3614-3468 (DDP de Novo Gama), (61) 3614-1149 e 197.<\/p>\n","protected":false},"excerpt":{"rendered":"<p>O Grupo de Investiga\u00e7\u00e3o de Homic\u00eddios\/Especial de Repress\u00e3o a Narc\u00f3ticos (GIH\/Genarc) de Novo Gama, no Entorno do Distrito Federal, cumpriram mandados de pris\u00e3o preventiva e definitiva em desfavor de um autor de v\u00e1rios roubos na regi\u00e3o. Ap\u00f3s levantamentos, os investigadores tomaram conhecimento da localiza\u00e7\u00e3o de Maicon Alef Silva Melo (foto), foragido da justi\u00e7a e condenado [&hellip;]<\/p>\n","protected":false},"author":23,"featured_media":50675,"comment_status":"closed","ping_status":"closed","sticky":false,"template":"","format":"standard","meta":{"footnotes":""},"categories":[2538,89],"tags":[2192,1968,861,524,3257],"class_list":["post-50674","post","type-post","status-publish","format-standard","has-post-thumbnail","hentry","category-delegacias","category-regionais","tag-cargas","tag-mandado","tag-prisao","tag-roubo","tag-veiculos"],"rttpg_featured_image_url":{"full":["https:\/\/goias.gov.br\/policiacivil\/wp-content\/uploads\/sites\/71\/2017\/03\/whatsapp-image-2017-03-08-at-11.jpg",439,502,false],"landscape":["https:\/\/goias.gov.br\/policiacivil\/wp-content\/uploads\/sites\/71\/2017\/03\/whatsapp-image-2017-03-08-at-11.jpg",439,502,false],"portraits":["https:\/\/goias.gov.br\/policiacivil\/wp-content\/uploads\/sites\/71\/2017\/03\/whatsapp-image-2017-03-08-at-11.jpg",439,502,false],"thumbnail":["https:\/\/goias.gov.br\/policiacivil\/wp-content\/uploads\/sites\/71\/2017\/03\/whatsapp-image-2017-03-08-at-11-300x300.jpg",150,150,true],"medium":["https:\/\/goias.gov.br\/policiacivil\/wp-content\/uploads\/sites\/71\/2017\/03\/whatsapp-image-2017-03-08-at-11-175x200.jpg",175,200,true],"large":["https:\/\/goias.gov.br\/policiacivil\/wp-content\/uploads\/sites\/71\/2017\/03\/whatsapp-image-2017-03-08-at-11-262x300.jpg",262,300,true],"1536x1536":["https:\/\/goias.gov.br\/policiacivil\/wp-content\/uploads\/sites\/71\/2017\/03\/whatsapp-image-2017-03-08-at-11.jpg",439,502,false],"2048x2048":["https:\/\/goias.gov.br\/policiacivil\/wp-content\/uploads\/sites\/71\/2017\/03\/whatsapp-image-2017-03-08-at-11.jpg",439,502,false]},"rttpg_author":{"display_name":"claudiacury","author_link":"https:\/\/goias.gov.br\/policiacivil\/author\/claudiacury\/"},"rttpg_comment":0,"rttpg_category":"<a href=\"https:\/\/goias.gov.br\/policiacivil\/categoria\/delegacias\/\" rel=\"category tag\">Delegacias<\/a> <a href=\"https:\/\/goias.gov.br\/policiacivil\/categoria\/delegacias\/regionais\/\" rel=\"category tag\">Regionais<\/a>","rttpg_excerpt":"O Grupo de Investiga\u00e7\u00e3o de Homic\u00eddios\/Especial de Repress\u00e3o a Narc\u00f3ticos (GIH\/Genarc) de Novo Gama, no Entorno do Distrito Federal, cumpriram mandados de pris\u00e3o preventiva e definitiva em desfavor de um autor de v\u00e1rios roubos na regi\u00e3o. Ap\u00f3s levantamentos, os investigadores tomaram conhecimento da localiza\u00e7\u00e3o de Maicon Alef Silva Melo (foto), foragido da justi\u00e7a e condenado&hellip;","_links":{"self":[{"href":"https:\/\/goias.gov.br\/policiacivil\/wp-json\/wp\/v2\/posts\/50674","targetHints":{"allow":["GET"]}}],"collection":[{"href":"https:\/\/goias.gov.br\/policiacivil\/wp-json\/wp\/v2\/posts"}],"about":[{"href":"https:\/\/goias.gov.br\/policiacivil\/wp-json\/wp\/v2\/types\/post"}],"author":[{"embeddable":true,"href":"https:\/\/goias.gov.br\/policiacivil\/wp-json\/wp\/v2\/users\/23"}],"replies":[{"embeddable":true,"href":"https:\/\/goias.gov.br\/policiacivil\/wp-json\/wp\/v2\/comments?post=50674"}],"version-history":[{"count":0,"href":"https:\/\/goias.gov.br\/policiacivil\/wp-json\/wp\/v2\/posts\/50674\/revisions"}],"wp:featuredmedia":[{"embeddable":true,"href":"https:\/\/goias.gov.br\/policiacivil\/wp-json\/wp\/v2\/media\/50675"}],"wp:attachment":[{"href":"https:\/\/goias.gov.br\/policiacivil\/wp-json\/wp\/v2\/media?parent=50674"}],"wp:term":[{"taxonomy":"category","embeddable":true,"href":"https:\/\/goias.gov.br\/policiacivil\/wp-json\/wp\/v2\/categories?post=50674"},{"taxonomy":"post_tag","embeddable":true,"href":"https:\/\/goias.gov.br\/policiacivil\/wp-json\/wp\/v2\/tags?post=50674"}],"curies":[{"name":"wp","href":"https:\/\/api.w.org\/{rel}","templated":true}]}}