{"id":49808,"date":"2017-02-07T12:32:13","date_gmt":"2017-02-07T14:32:13","guid":{"rendered":"https:\/\/goias.gov.br\/policiacivil\/?p=49808"},"modified":"2017-02-07T12:32:13","modified_gmt":"2017-02-07T14:32:13","slug":"homem-e-preso-por-incendiar-residencias-em-goiatuba","status":"publish","type":"post","link":"https:\/\/goias.gov.br\/policiacivil\/homem-e-preso-por-incendiar-residencias-em-goiatuba\/","title":{"rendered":"Homem \u00e9 preso por incendiar resid\u00eancias em Goiatuba"},"content":{"rendered":"<p style=\"text-align: justify;\"><a href=\" https:\/\/goias.gov.br\/policiacivil\/wp-content\/uploads\/sites\/71\/2017\/02\/renan.jpg\"><img fetchpriority=\"high\" decoding=\"async\" class=\"alignleft size-large wp-image-49809\" src=\" https:\/\/goias.gov.br\/policiacivil\/wp-content\/uploads\/sites\/71\/2017\/02\/renan-225x300.jpg\" alt=\"renan\" width=\"225\" height=\"300\" srcset=\"https:\/\/goias.gov.br\/policiacivil\/wp-content\/uploads\/sites\/71\/2017\/02\/renan-225x300.jpg 225w, https:\/\/goias.gov.br\/policiacivil\/wp-content\/uploads\/sites\/71\/2017\/02\/renan-150x200.jpg 150w, https:\/\/goias.gov.br\/policiacivil\/wp-content\/uploads\/sites\/71\/2017\/02\/renan-315x420.jpg 315w, https:\/\/goias.gov.br\/policiacivil\/wp-content\/uploads\/sites\/71\/2017\/02\/renan.jpg 615w\" sizes=\"(max-width: 225px) 100vw, 225px\" \/><\/a>A Delegacia de Pol\u00edcia Civil de Goiatuba prendeu, no dia 6 de fevereiro, Renan Neto da Silva, de 31 anos, pela pr\u00e1tica do crime de inc\u00eandio. De acordo com as investiga\u00e7\u00f5es, na madrugada anterior \u00e0 pris\u00e3o, Renan, na companhia de um comparsa, incendiou duas resid\u00eancias.\u00a0Ap\u00f3s as v\u00edtimas noticiarem o fato nesta delegacia, policiais civis efetuaram dilig\u00eancias no sentido de identificar e localizar os autores dos inc\u00eandios.\u00a0Renan Neto da Silva foi indiciado pelo crime de inc\u00eandio.\u00a0Ap\u00f3s procedimentos, o autuado foi recolhido e ficar\u00e1 a disposi\u00e7\u00e3o da Justi\u00e7a.<\/p>\n","protected":false},"excerpt":{"rendered":"<p>Ap\u00f3s procedimentos, o autuado foi recolhido e ficar\u00e1 a disposi\u00e7\u00e3o da Justi\u00e7a.<\/p>\n","protected":false},"author":23,"featured_media":49809,"comment_status":"closed","ping_status":"closed","sticky":false,"template":"","format":"standard","meta":{"footnotes":""},"categories":[3193,537],"tags":[102],"class_list":["post-49808","post","type-post","status-publish","format-standard","has-post-thumbnail","hentry","category-6a-regional","category-ultimo-segundo","tag-goiatuba"],"rttpg_featured_image_url":{"full":["https:\/\/goias.gov.br\/policiacivil\/wp-content\/uploads\/sites\/71\/2017\/02\/renan.jpg",615,820,false],"landscape":["https:\/\/goias.gov.br\/policiacivil\/wp-content\/uploads\/sites\/71\/2017\/02\/renan.jpg",615,820,false],"portraits":["https:\/\/goias.gov.br\/policiacivil\/wp-content\/uploads\/sites\/71\/2017\/02\/renan.jpg",615,820,false],"thumbnail":["https:\/\/goias.gov.br\/policiacivil\/wp-content\/uploads\/sites\/71\/2017\/02\/renan-300x300.jpg",150,150,true],"medium":["https:\/\/goias.gov.br\/policiacivil\/wp-content\/uploads\/sites\/71\/2017\/02\/renan-150x200.jpg",150,200,true],"large":["https:\/\/goias.gov.br\/policiacivil\/wp-content\/uploads\/sites\/71\/2017\/02\/renan-225x300.jpg",225,300,true],"1536x1536":["https:\/\/goias.gov.br\/policiacivil\/wp-content\/uploads\/sites\/71\/2017\/02\/renan.jpg",615,820,false],"2048x2048":["https:\/\/goias.gov.br\/policiacivil\/wp-content\/uploads\/sites\/71\/2017\/02\/renan.jpg",615,820,false]},"rttpg_author":{"display_name":"claudiacury","author_link":"https:\/\/goias.gov.br\/policiacivil\/author\/claudiacury\/"},"rttpg_comment":0,"rttpg_category":"<a href=\"https:\/\/goias.gov.br\/policiacivil\/categoria\/drp\/6a-regional\/\" rel=\"category tag\">6\u00aa Regional<\/a> <a href=\"https:\/\/goias.gov.br\/policiacivil\/categoria\/ultimo-segundo\/\" rel=\"category tag\">\u00daltimo Segundo<\/a>","rttpg_excerpt":"Ap\u00f3s procedimentos, o autuado foi recolhido e ficar\u00e1 a disposi\u00e7\u00e3o da Justi\u00e7a.","_links":{"self":[{"href":"https:\/\/goias.gov.br\/policiacivil\/wp-json\/wp\/v2\/posts\/49808","targetHints":{"allow":["GET"]}}],"collection":[{"href":"https:\/\/goias.gov.br\/policiacivil\/wp-json\/wp\/v2\/posts"}],"about":[{"href":"https:\/\/goias.gov.br\/policiacivil\/wp-json\/wp\/v2\/types\/post"}],"author":[{"embeddable":true,"href":"https:\/\/goias.gov.br\/policiacivil\/wp-json\/wp\/v2\/users\/23"}],"replies":[{"embeddable":true,"href":"https:\/\/goias.gov.br\/policiacivil\/wp-json\/wp\/v2\/comments?post=49808"}],"version-history":[{"count":0,"href":"https:\/\/goias.gov.br\/policiacivil\/wp-json\/wp\/v2\/posts\/49808\/revisions"}],"wp:featuredmedia":[{"embeddable":true,"href":"https:\/\/goias.gov.br\/policiacivil\/wp-json\/wp\/v2\/media\/49809"}],"wp:attachment":[{"href":"https:\/\/goias.gov.br\/policiacivil\/wp-json\/wp\/v2\/media?parent=49808"}],"wp:term":[{"taxonomy":"category","embeddable":true,"href":"https:\/\/goias.gov.br\/policiacivil\/wp-json\/wp\/v2\/categories?post=49808"},{"taxonomy":"post_tag","embeddable":true,"href":"https:\/\/goias.gov.br\/policiacivil\/wp-json\/wp\/v2\/tags?post=49808"}],"curies":[{"name":"wp","href":"https:\/\/api.w.org\/{rel}","templated":true}]}}