

{"id":49340,"date":"2017-01-19T12:37:43","date_gmt":"2017-01-19T14:37:43","guid":{"rendered":"https:\/\/goias.gov.br\/policiacivil\/?p=49340"},"modified":"2017-01-19T12:37:43","modified_gmt":"2017-01-19T14:37:43","slug":"menor-envolvida-com-detento-e-apreendida-com-drogas-em-morrinhos","status":"publish","type":"post","link":"https:\/\/goias.gov.br\/policiacivil\/menor-envolvida-com-detento-e-apreendida-com-drogas-em-morrinhos\/","title":{"rendered":"Menor envolvida com detento \u00e9 apreendida com drogas em Morrinhos"},"content":{"rendered":"<p style=\"text-align: justify;\"><a href=\" https:\/\/goias.gov.br\/policiacivil\/wp-content\/uploads\/sites\/71\/2017\/01\/menor-morrinhos.jpg\"><img fetchpriority=\"high\" decoding=\"async\" class=\"alignleft size-large wp-image-49341\" src=\" https:\/\/goias.gov.br\/policiacivil\/wp-content\/uploads\/sites\/71\/2017\/01\/menor-morrinhos-277x300.jpg\" alt=\"menor morrinhos\" width=\"277\" height=\"300\" srcset=\"https:\/\/goias.gov.br\/policiacivil\/wp-content\/uploads\/sites\/71\/2017\/01\/menor-morrinhos-277x300.jpg 277w, https:\/\/goias.gov.br\/policiacivil\/wp-content\/uploads\/sites\/71\/2017\/01\/menor-morrinhos-185x200.jpg 185w, https:\/\/goias.gov.br\/policiacivil\/wp-content\/uploads\/sites\/71\/2017\/01\/menor-morrinhos-388x420.jpg 388w, https:\/\/goias.gov.br\/policiacivil\/wp-content\/uploads\/sites\/71\/2017\/01\/menor-morrinhos.jpg 507w\" sizes=\"(max-width: 277px) 100vw, 277px\" \/><\/a>Policiais civis da Delegacia de Morrinhos, coordenados pelo delegado Fabiano Henrique Jacomelis, lograram \u00eaxito em apreender em flagrante, no dia 18 de janeiro de 2017, a adolescente infratora N.C.J.A., de 16 anos, por ato infracional an\u00e1logo ao crime descrito no Art. 33, da Lei 11.343\/06, j\u00e1 que ela foi surpreendia guardando diversas pedras de crack, pesando cerca de 63,8 gramas, al\u00e9m de uma por\u00e7\u00e3o de maconha de aproximadamente 60,2 gramas, todos devidamente embaladas para revenda, em uma resid\u00eancia localizada no Setor Morro da Saudade.<\/p>\n<p style=\"text-align: justify;\">A investiga\u00e7\u00e3o apurou que a menor N.C.J.A. estaria vendendo drogas a mando do namorado dela, M.R.N., de 25 anos, o qual est\u00e1 recolhido no pres\u00eddio de Morrinhos. Diante desse fato, o reeducando foi autuado em flagrante delito por crime de tr\u00e1fico de drogas e associa\u00e7\u00e3o para o tr\u00e1fico, cuja pena pode chegar a 25 anos. Ap\u00f3s a lavratura do Boletim de Ocorr\u00eancia Circunstanciado, a adolescente foi entregue ao Conselho Tutelar.<\/p>\n","protected":false},"excerpt":{"rendered":"<p>O reeducando foi autuado em flagrante delito por crime de tr\u00e1fico de drogas e associa\u00e7\u00e3o para o tr\u00e1fico.<\/p>\n","protected":false},"author":23,"featured_media":49341,"comment_status":"closed","ping_status":"closed","sticky":false,"template":"","format":"standard","meta":{"footnotes":""},"categories":[3193,537],"tags":[3347,2516,184],"class_list":["post-49340","post","type-post","status-publish","format-standard","has-post-thumbnail","hentry","category-6a-regional","category-ultimo-segundo","tag-fabiano","tag-jacomelis","tag-morrinhos"],"rttpg_featured_image_url":{"full":["https:\/\/goias.gov.br\/policiacivil\/wp-content\/uploads\/sites\/71\/2017\/01\/menor-morrinhos.jpg",507,549,false],"landscape":["https:\/\/goias.gov.br\/policiacivil\/wp-content\/uploads\/sites\/71\/2017\/01\/menor-morrinhos.jpg",507,549,false],"portraits":["https:\/\/goias.gov.br\/policiacivil\/wp-content\/uploads\/sites\/71\/2017\/01\/menor-morrinhos.jpg",507,549,false],"thumbnail":["https:\/\/goias.gov.br\/policiacivil\/wp-content\/uploads\/sites\/71\/2017\/01\/menor-morrinhos-300x300.jpg",150,150,true],"medium":["https:\/\/goias.gov.br\/policiacivil\/wp-content\/uploads\/sites\/71\/2017\/01\/menor-morrinhos-185x200.jpg",185,200,true],"large":["https:\/\/goias.gov.br\/policiacivil\/wp-content\/uploads\/sites\/71\/2017\/01\/menor-morrinhos-277x300.jpg",277,300,true],"1536x1536":["https:\/\/goias.gov.br\/policiacivil\/wp-content\/uploads\/sites\/71\/2017\/01\/menor-morrinhos.jpg",507,549,false],"2048x2048":["https:\/\/goias.gov.br\/policiacivil\/wp-content\/uploads\/sites\/71\/2017\/01\/menor-morrinhos.jpg",507,549,false]},"rttpg_author":{"display_name":"claudiacury","author_link":"https:\/\/goias.gov.br\/policiacivil\/author\/claudiacury\/"},"rttpg_comment":0,"rttpg_category":"<a href=\"https:\/\/goias.gov.br\/policiacivil\/categoria\/drp\/6a-regional\/\" rel=\"category tag\">6\u00aa Regional<\/a> <a href=\"https:\/\/goias.gov.br\/policiacivil\/categoria\/ultimo-segundo\/\" rel=\"category tag\">\u00daltimo Segundo<\/a>","rttpg_excerpt":"O reeducando foi autuado em flagrante delito por crime de tr\u00e1fico de drogas e associa\u00e7\u00e3o para o tr\u00e1fico.","_links":{"self":[{"href":"https:\/\/goias.gov.br\/policiacivil\/wp-json\/wp\/v2\/posts\/49340","targetHints":{"allow":["GET"]}}],"collection":[{"href":"https:\/\/goias.gov.br\/policiacivil\/wp-json\/wp\/v2\/posts"}],"about":[{"href":"https:\/\/goias.gov.br\/policiacivil\/wp-json\/wp\/v2\/types\/post"}],"author":[{"embeddable":true,"href":"https:\/\/goias.gov.br\/policiacivil\/wp-json\/wp\/v2\/users\/23"}],"replies":[{"embeddable":true,"href":"https:\/\/goias.gov.br\/policiacivil\/wp-json\/wp\/v2\/comments?post=49340"}],"version-history":[{"count":0,"href":"https:\/\/goias.gov.br\/policiacivil\/wp-json\/wp\/v2\/posts\/49340\/revisions"}],"wp:featuredmedia":[{"embeddable":true,"href":"https:\/\/goias.gov.br\/policiacivil\/wp-json\/wp\/v2\/media\/49341"}],"wp:attachment":[{"href":"https:\/\/goias.gov.br\/policiacivil\/wp-json\/wp\/v2\/media?parent=49340"}],"wp:term":[{"taxonomy":"category","embeddable":true,"href":"https:\/\/goias.gov.br\/policiacivil\/wp-json\/wp\/v2\/categories?post=49340"},{"taxonomy":"post_tag","embeddable":true,"href":"https:\/\/goias.gov.br\/policiacivil\/wp-json\/wp\/v2\/tags?post=49340"}],"curies":[{"name":"wp","href":"https:\/\/api.w.org\/{rel}","templated":true}]}}