

{"id":4880,"date":"2012-01-29T11:57:54","date_gmt":"2012-01-29T13:57:54","guid":{"rendered":"https:\/\/goias.gov.br\/policiacivil\/?p=4880"},"modified":"2025-11-28T11:06:10","modified_gmt":"2025-11-28T14:06:10","slug":"nunca-se-falou-tanto-em-drogas","status":"publish","type":"post","link":"https:\/\/goias.gov.br\/policiacivil\/nunca-se-falou-tanto-em-drogas\/","title":{"rendered":"Nunca se falou tanto em drogas"},"content":{"rendered":"<figure id=\"attachment_4881\" aria-describedby=\"caption-attachment-4881\" style=\"width: 200px\" class=\"wp-caption alignleft\"><img decoding=\"async\" class=\"size-medium wp-image-4881\" title=\"nortinhoooo\" src=\" https:\/\/goias.gov.br\/policiacivil\/wp-content\/uploads\/sites\/71\/sites\/71\/sites\/71\/2012\/01\/nortinhoooo-200x200.jpg\" alt=\"\" width=\"200\" height=\"200\" srcset=\"https:\/\/goias.gov.br\/policiacivil\/wp-content\/uploads\/sites\/71\/2012\/01\/nortinhoooo-200x200.jpg 200w, https:\/\/goias.gov.br\/policiacivil\/wp-content\/uploads\/sites\/71\/2012\/01\/nortinhoooo-150x150.jpg 150w, https:\/\/goias.gov.br\/policiacivil\/wp-content\/uploads\/sites\/71\/2012\/01\/nortinhoooo-300x300.jpg 300w, https:\/\/goias.gov.br\/policiacivil\/wp-content\/uploads\/sites\/71\/2012\/01\/nortinhoooo.jpg 400w\" sizes=\"(max-width: 200px) 100vw, 200px\" \/><figcaption id=\"caption-attachment-4881\" class=\"wp-caption-text\">Delegado Norton Luiz Ferreira<\/figcaption><\/figure>\n<p style=\"text-align: justify;\">Nunca se falou tanto em drogas<\/p>\n<p>Norton Luiz Ferreira<\/p>\n<p style=\"text-align: justify;\">Nunca se falou tanto em drogas. Qualquer meio de comunica\u00e7\u00e3o que a gente assiste, l\u00ea ou ouve diariamente, elas est\u00e3o l\u00e1 estampadas, se destacando entre as mat\u00e9rias policiais resultantes dos conflitos sociais do dia a dia. Parece que tudo gira em torno das drogas. Jornais impressos, r\u00e1dios, TVs e internet mostram um cotidiano que reflete uma triste realidade. Em se tratando de mortes, os n\u00fameros beiram o absurdo. Direta ou indiretamente, nas circunst\u00e2ncias motivadoras dos assassinatos, as drogas respondem at\u00e9 por 80% das vidas perdidas nesse jogo em que o ser humano vale o pre\u00e7o de uma pedra de crack. No mundo das drogas \u00e9 assim: seja qual for o valor da d\u00edvida com um traficante, mesmo os 10 reais de uma pequena pedra de crack, a vida compensa o d\u00e9bito.<\/p>\n<p style=\"text-align: justify;\">Os governos reagem, anunciando a\u00e7\u00f5es mais contundentes na repress\u00e3o \u00e0s drogas, na ado\u00e7\u00e3o de programas sociais voltados \u00e0 recupera\u00e7\u00e3o de dependentes qu\u00edmicos e na conscientiza\u00e7\u00e3o de que o consumo de drogas leva o usu\u00e1rio \u00e0 autoflagela\u00e7\u00e3o, \u00e0 rejei\u00e7\u00e3o social e a um caminho que pode n\u00e3o ter volta. Uma pedra de crack, apresentada ao iniciante como inofensiva, \u00e9 o come\u00e7o do fim. \u00c9 o bastante para viciar. Muitos que enveredaram por esse caminho querem voltar. Querem, mas n\u00e3o conseguem. Outros, j\u00e1 perderam a consci\u00eancia do mundo que deixaram para tr\u00e1s. Perderam tudo. A dignidade, a sa\u00fade, a refer\u00eancia de fam\u00edlia e se tornaram molambos perdidos nas ruas, cometendo de crimes de pequena monta at\u00e9 os mais horrendos para manter o v\u00edcio.<\/p>\n<p style=\"text-align: justify;\">O governo federal anunciou recentemente investimentos de bilh\u00f5es no combate \u00e0s drogas, com foco principal no crack. Em Goi\u00e1s, o governo demonstra a consci\u00eancia de que \u00e9 preciso investir na recupera\u00e7\u00e3o de viciados e na repress\u00e3o policial. Os anunciados Centros de Recupera\u00e7\u00e3o de Dependentes Qu\u00edmicos, os Credeqs, representam um avan\u00e7o nos prop\u00f3sitos desse governo, de olho em um quadro social menos dolorido. Assim, deixa claro uma vis\u00e3o macro, realista e respons\u00e1vel diante de uma quest\u00e3o que chegou ao fundo po\u00e7o. S\u00f3 as fam\u00edlias que t\u00eam viciados em casa sabem muito bem o alcance da dor e o quanto medidas recuperadoras s\u00e3o bem vindas.<\/p>\n<p style=\"text-align: justify;\">Mortes e viol\u00eancia de toda ordem motivadas pelo tr\u00e1fico de drogas ocupam preciosos espa\u00e7os na m\u00eddia, que cumpre fielmente o seu papel de relatar os desajustes sociais, o que soa como um sinal de alerta para que governos e sociedade reajam por mudan\u00e7as. E reagir, especialmente contra o crack, droga barata, de alto poder de destrui\u00e7\u00e3o e que de t\u00e3o popular j\u00e1 \u00e9 produzida em fundos de quintais, deve ser mesmo prioridade nas a\u00e7\u00f5es anunciadas. No mundo globalizado, as informa\u00e7\u00f5es chegam aos lares em tempo real e est\u00e3o ao alcance de todos. Em casa, na antessala do m\u00e9dico, do dentista, no trabalho e onde quer que estejam, as pessoas est\u00e3o diante da not\u00edcia que n\u00e3o queriam ouvir, ver ou ler.<\/p>\n<p style=\"text-align: justify;\">Norton Luiz Ferreira \u00e9 delegado de pol\u00edcia<\/p>\n<p style=\"text-align: justify;\"><span style=\"color: #ff0000;\">Artigo publicado no Jornal O Popular, edi\u00e7\u00e3o de 29.01.12<\/span><\/p>\n","protected":false},"excerpt":{"rendered":"<p>Norton Luiz Ferreira \u00e9 Delegado de Pol\u00edcia<\/p>\n","protected":false},"author":4,"featured_media":4881,"comment_status":"closed","ping_status":"closed","sticky":false,"template":"","format":"standard","meta":{"footnotes":""},"categories":[29],"tags":[607,609,608,610],"class_list":["post-4880","post","type-post","status-publish","format-standard","has-post-thumbnail","hentry","category-artigos","tag-estampadas","tag-ferreira","tag-norton","tag-viciar"],"rttpg_featured_image_url":{"full":["https:\/\/goias.gov.br\/policiacivil\/wp-content\/uploads\/sites\/71\/2012\/01\/nortinhoooo.jpg",400,400,false],"landscape":["https:\/\/goias.gov.br\/policiacivil\/wp-content\/uploads\/sites\/71\/2012\/01\/nortinhoooo.jpg",400,400,false],"portraits":["https:\/\/goias.gov.br\/policiacivil\/wp-content\/uploads\/sites\/71\/2012\/01\/nortinhoooo.jpg",400,400,false],"thumbnail":["https:\/\/goias.gov.br\/policiacivil\/wp-content\/uploads\/sites\/71\/2012\/01\/nortinhoooo-150x150.jpg",150,150,true],"medium":["https:\/\/goias.gov.br\/policiacivil\/wp-content\/uploads\/sites\/71\/2012\/01\/nortinhoooo-300x300.jpg",300,300,true],"large":["https:\/\/goias.gov.br\/policiacivil\/wp-content\/uploads\/sites\/71\/2012\/01\/nortinhoooo-300x300.jpg",300,300,true],"1536x1536":["https:\/\/goias.gov.br\/policiacivil\/wp-content\/uploads\/sites\/71\/2012\/01\/nortinhoooo.jpg",400,400,false],"2048x2048":["https:\/\/goias.gov.br\/policiacivil\/wp-content\/uploads\/sites\/71\/2012\/01\/nortinhoooo.jpg",400,400,false]},"rttpg_author":{"display_name":"","author_link":"https:\/\/goias.gov.br\/policiacivil\/author\/"},"rttpg_comment":0,"rttpg_category":"<a href=\"https:\/\/goias.gov.br\/policiacivil\/categoria\/artigos\/\" rel=\"category tag\">Artigos<\/a>","rttpg_excerpt":"Norton Luiz Ferreira \u00e9 Delegado de Pol\u00edcia","_links":{"self":[{"href":"https:\/\/goias.gov.br\/policiacivil\/wp-json\/wp\/v2\/posts\/4880","targetHints":{"allow":["GET"]}}],"collection":[{"href":"https:\/\/goias.gov.br\/policiacivil\/wp-json\/wp\/v2\/posts"}],"about":[{"href":"https:\/\/goias.gov.br\/policiacivil\/wp-json\/wp\/v2\/types\/post"}],"author":[{"embeddable":true,"href":"https:\/\/goias.gov.br\/policiacivil\/wp-json\/wp\/v2\/users\/4"}],"replies":[{"embeddable":true,"href":"https:\/\/goias.gov.br\/policiacivil\/wp-json\/wp\/v2\/comments?post=4880"}],"version-history":[{"count":1,"href":"https:\/\/goias.gov.br\/policiacivil\/wp-json\/wp\/v2\/posts\/4880\/revisions"}],"predecessor-version":[{"id":153765,"href":"https:\/\/goias.gov.br\/policiacivil\/wp-json\/wp\/v2\/posts\/4880\/revisions\/153765"}],"wp:featuredmedia":[{"embeddable":true,"href":"https:\/\/goias.gov.br\/policiacivil\/wp-json\/wp\/v2\/media\/4881"}],"wp:attachment":[{"href":"https:\/\/goias.gov.br\/policiacivil\/wp-json\/wp\/v2\/media?parent=4880"}],"wp:term":[{"taxonomy":"category","embeddable":true,"href":"https:\/\/goias.gov.br\/policiacivil\/wp-json\/wp\/v2\/categories?post=4880"},{"taxonomy":"post_tag","embeddable":true,"href":"https:\/\/goias.gov.br\/policiacivil\/wp-json\/wp\/v2\/tags?post=4880"}],"curies":[{"name":"wp","href":"https:\/\/api.w.org\/{rel}","templated":true}]}}