

{"id":48354,"date":"2016-12-02T10:22:17","date_gmt":"2016-12-02T12:22:17","guid":{"rendered":"https:\/\/goias.gov.br\/policiacivil\/?p=48354"},"modified":"2016-12-02T11:26:34","modified_gmt":"2016-12-02T13:26:34","slug":"criminoso-e-preso-pela-sexta-vez-nos-ultimos-tres-anos-em-rio-verde","status":"publish","type":"post","link":"https:\/\/goias.gov.br\/policiacivil\/criminoso-e-preso-pela-sexta-vez-nos-ultimos-tres-anos-em-rio-verde\/","title":{"rendered":"Criminoso \u00e9 preso pela sexta vez nos \u00faltimos tr\u00eas anos em Rio Verde"},"content":{"rendered":"<figure id=\"attachment_48355\" aria-describedby=\"caption-attachment-48355\" style=\"width: 220px\" class=\"wp-caption alignleft\"><a href=\" https:\/\/goias.gov.br\/policiacivil\/wp-content\/uploads\/sites\/71\/2016\/12\/whatsapp-image-2016-12-01-at-14-1.jpg\"><img decoding=\"async\" class=\"wp-image-48355 size-medium\" src=\" https:\/\/goias.gov.br\/policiacivil\/wp-content\/uploads\/sites\/71\/2016\/12\/whatsapp-image-2016-12-01-at-14-1-220x143.jpg\" alt=\"WhatsApp Image 2016-12-01 at 14\" width=\"220\" height=\"143\" srcset=\"https:\/\/goias.gov.br\/policiacivil\/wp-content\/uploads\/sites\/71\/2016\/12\/whatsapp-image-2016-12-01-at-14-1-220x143.jpg 220w, https:\/\/goias.gov.br\/policiacivil\/wp-content\/uploads\/sites\/71\/2016\/12\/whatsapp-image-2016-12-01-at-14-1-350x228.jpg 350w, https:\/\/goias.gov.br\/policiacivil\/wp-content\/uploads\/sites\/71\/2016\/12\/whatsapp-image-2016-12-01-at-14-1.jpg 620w\" sizes=\"(max-width: 220px) 100vw, 220px\" \/><\/a><figcaption id=\"caption-attachment-48355\" class=\"wp-caption-text\">Lucas dos Anjos Souza, 21 anos<\/figcaption><\/figure>\n<p style=\"text-align: justify;\">Policiais civis da 8\u00aa Delegacia Regional de Pol\u00edcia Civil (DRPC) e do Grupo Especializado de Repress\u00e3o a Crimes Contra o Patrim\u00f4nio (Gepatri) de Rio Verde, no Sul Goiano, prenderam um indiv\u00edduo por furto qualificado na quinta-feira (1\u00ba). Nos \u00faltimos tr\u00eas anos, essa \u00e9 a sexta vez que Lucas dos Anjos Souza, 21 anos, \u00e9 preso.<\/p>\n<p style=\"text-align: justify;\">De acordo com a Assessoria de Imprensa da 8\u00aa DRPC, o jovem possui v\u00e1rias passagens pela pol\u00edcia. Entre elas registram-se pr\u00e1ticas de furto, roubo, tentativa de homic\u00eddio e homic\u00eddio.<\/p>\n<p style=\"text-align: justify;\">Em 2014, Lucas havia sido preso ap\u00f3s participar de uma tentativa de roubo em uma ag\u00eancia dos correios na Avenida Jo\u00e3o Belo, no Jardim Goi\u00e1s, em Rio Verde. Nesse mesmo ano, ele foi preso novamente pela pr\u00e1tica de roubo qualificado.<\/p>\n<p style=\"text-align: justify;\">Em maio de 2015, Lucas voltou a ser preso por suspeita de participa\u00e7\u00e3o em um homic\u00eddio qualificado. Investigado em v\u00e1rias ocasi\u00f5es pelo Grupo de Investiga\u00e7\u00e3o de Homic\u00eddios (GIH) de Rio Verde, ele foi preso pelos policiais dessa especializada por tentativa de homic\u00eddio contra tr\u00eas jovens, feridos por disparos de arma de fogo em julho de 2014.<\/p>\n<p>Novamente solto, Lucas assassinou Jos\u00e9 Rosa Castilho Neto a tiros em janeiro de 2015. Ele foi preso por investigadores do GIH, mas livrou-se solto novamente.<\/p>\n<p>Em outubro de 2016, Lucas estava entre um grupo de assaltantes que assaltaram uma resid\u00eancia e furtaram eletrodom\u00e9sticos, aparelhos eletr\u00f4nicos e joias avaliadas em R$ 20 mil. Sua atual temporada na Unidade Prisional de Rio Verde se deve a essa \u00faltima a\u00e7\u00e3o criminosa.<\/p>\n","protected":false},"excerpt":{"rendered":"<p>Policiais civis da 8\u00aa Delegacia Regional de Pol\u00edcia Civil (DRPC) e do Grupo Especializado de Repress\u00e3o a Crimes Contra o Patrim\u00f4nio (Gepatri) de Rio Verde, no Sul Goiano, prenderam um indiv\u00edduo por furto qualificado na quinta-feira (1\u00ba). Nos \u00faltimos tr\u00eas anos, essa \u00e9 a sexta vez que Lucas dos Anjos Souza, 21 anos, \u00e9 preso. [&hellip;]<\/p>\n","protected":false},"author":23,"featured_media":48364,"comment_status":"closed","ping_status":"closed","sticky":false,"template":"","format":"standard","meta":{"footnotes":""},"categories":[3195,2538,3,89],"tags":[4713,23,637,39,524],"class_list":["post-48354","post","type-post","status-publish","format-standard","has-post-thumbnail","hentry","category-8a-regional","category-delegacias","category-noticias","category-regionais","tag-autor","tag-homicidio","tag-prisoes","tag-rio-verde","tag-roubo"],"rttpg_featured_image_url":{"full":["https:\/\/goias.gov.br\/policiacivil\/wp-content\/uploads\/sites\/71\/2016\/12\/reincidente.jpg",620,414,false],"landscape":["https:\/\/goias.gov.br\/policiacivil\/wp-content\/uploads\/sites\/71\/2016\/12\/reincidente.jpg",620,414,false],"portraits":["https:\/\/goias.gov.br\/policiacivil\/wp-content\/uploads\/sites\/71\/2016\/12\/reincidente.jpg",620,414,false],"thumbnail":["https:\/\/goias.gov.br\/policiacivil\/wp-content\/uploads\/sites\/71\/2016\/12\/reincidente-150x150.jpg",150,150,true],"medium":["https:\/\/goias.gov.br\/policiacivil\/wp-content\/uploads\/sites\/71\/2016\/12\/reincidente-300x200.jpg",300,200,true],"large":["https:\/\/goias.gov.br\/policiacivil\/wp-content\/uploads\/sites\/71\/2016\/12\/reincidente-350x234.jpg",350,234,true],"1536x1536":["https:\/\/goias.gov.br\/policiacivil\/wp-content\/uploads\/sites\/71\/2016\/12\/reincidente.jpg",620,414,false],"2048x2048":["https:\/\/goias.gov.br\/policiacivil\/wp-content\/uploads\/sites\/71\/2016\/12\/reincidente.jpg",620,414,false]},"rttpg_author":{"display_name":"claudiacury","author_link":"https:\/\/goias.gov.br\/policiacivil\/author\/claudiacury\/"},"rttpg_comment":0,"rttpg_category":"<a href=\"https:\/\/goias.gov.br\/policiacivil\/categoria\/drp\/8a-regional\/\" rel=\"category tag\">8\u00aa Regional<\/a> <a href=\"https:\/\/goias.gov.br\/policiacivil\/categoria\/delegacias\/\" rel=\"category tag\">Delegacias<\/a> <a href=\"https:\/\/goias.gov.br\/policiacivil\/categoria\/noticias\/\" rel=\"category tag\">Not\u00edcias<\/a> <a href=\"https:\/\/goias.gov.br\/policiacivil\/categoria\/delegacias\/regionais\/\" rel=\"category tag\">Regionais<\/a>","rttpg_excerpt":"Policiais civis da 8\u00aa Delegacia Regional de Pol\u00edcia Civil (DRPC) e do Grupo Especializado de Repress\u00e3o a Crimes Contra o Patrim\u00f4nio (Gepatri) de Rio Verde, no Sul Goiano, prenderam um indiv\u00edduo por furto qualificado na quinta-feira (1\u00ba). Nos \u00faltimos tr\u00eas anos, essa \u00e9 a sexta vez que Lucas dos Anjos Souza, 21 anos, \u00e9 preso.&hellip;","_links":{"self":[{"href":"https:\/\/goias.gov.br\/policiacivil\/wp-json\/wp\/v2\/posts\/48354","targetHints":{"allow":["GET"]}}],"collection":[{"href":"https:\/\/goias.gov.br\/policiacivil\/wp-json\/wp\/v2\/posts"}],"about":[{"href":"https:\/\/goias.gov.br\/policiacivil\/wp-json\/wp\/v2\/types\/post"}],"author":[{"embeddable":true,"href":"https:\/\/goias.gov.br\/policiacivil\/wp-json\/wp\/v2\/users\/23"}],"replies":[{"embeddable":true,"href":"https:\/\/goias.gov.br\/policiacivil\/wp-json\/wp\/v2\/comments?post=48354"}],"version-history":[{"count":0,"href":"https:\/\/goias.gov.br\/policiacivil\/wp-json\/wp\/v2\/posts\/48354\/revisions"}],"wp:featuredmedia":[{"embeddable":true,"href":"https:\/\/goias.gov.br\/policiacivil\/wp-json\/wp\/v2\/media\/48364"}],"wp:attachment":[{"href":"https:\/\/goias.gov.br\/policiacivil\/wp-json\/wp\/v2\/media?parent=48354"}],"wp:term":[{"taxonomy":"category","embeddable":true,"href":"https:\/\/goias.gov.br\/policiacivil\/wp-json\/wp\/v2\/categories?post=48354"},{"taxonomy":"post_tag","embeddable":true,"href":"https:\/\/goias.gov.br\/policiacivil\/wp-json\/wp\/v2\/tags?post=48354"}],"curies":[{"name":"wp","href":"https:\/\/api.w.org\/{rel}","templated":true}]}}