

{"id":48135,"date":"2016-11-25T13:48:05","date_gmt":"2016-11-25T15:48:05","guid":{"rendered":"https:\/\/goias.gov.br\/policiacivil\/?p=48135"},"modified":"2016-11-25T13:48:50","modified_gmt":"2016-11-25T15:48:50","slug":"traficante-e-presa-em-operacao-da-pc-e-pm-em-montevidiu","status":"publish","type":"post","link":"https:\/\/goias.gov.br\/policiacivil\/traficante-e-presa-em-operacao-da-pc-e-pm-em-montevidiu\/","title":{"rendered":"Traficante \u00e9 presa em opera\u00e7\u00e3o da PC e PM em Montividiu"},"content":{"rendered":"<figure id=\"attachment_48136\" aria-describedby=\"caption-attachment-48136\" style=\"width: 190px\" class=\"wp-caption alignleft\"><a href=\" https:\/\/goias.gov.br\/policiacivil\/wp-content\/uploads\/sites\/71\/2016\/11\/whatsapp-image-2016-11-25-at-09.jpg\"><img decoding=\"async\" class=\"wp-image-48136 size-medium\" src=\" https:\/\/goias.gov.br\/policiacivil\/wp-content\/uploads\/sites\/71\/2016\/11\/whatsapp-image-2016-11-25-at-09-190x200.jpg\" alt=\"WhatsApp Image 2016-11-25 at 09\" width=\"190\" height=\"200\" srcset=\"https:\/\/goias.gov.br\/policiacivil\/wp-content\/uploads\/sites\/71\/2016\/11\/whatsapp-image-2016-11-25-at-09-190x200.jpg 190w, https:\/\/goias.gov.br\/policiacivil\/wp-content\/uploads\/sites\/71\/2016\/11\/whatsapp-image-2016-11-25-at-09.jpg 217w\" sizes=\"(max-width: 190px) 100vw, 190px\" \/><\/a><figcaption id=\"caption-attachment-48136\" class=\"wp-caption-text\">Val\u00e9ria Caldeira, 30 anos<\/figcaption><\/figure>\n<p style=\"text-align: justify;\">Uma traficante de drogas foi presa durante uma opera\u00e7\u00e3o deflagrada pelas Pol\u00edcias Civil e Militar em Montividiu, no Sul Goiano. Val\u00e9ria de Oliveira Caldeira, 30 anos, foi presa em fun\u00e7\u00e3o de cumprimento de mandado de pris\u00e3o referente \u00e0 pr\u00e1tica de crime de Tr\u00e1fico de Drogas (Artigo 33 da Lei de Drogas), cometido no munic\u00edpio de Nova Mutum, no Mato Grosso.<\/p>\n<p style=\"text-align: justify;\">Val\u00e9ria e outras tr\u00eas pessoas haviam sido presas em um bar onde funcionava um esquema de com\u00e9rcio ilegal de entorpecentes. A a\u00e7\u00e3o do grupo foi monitorada pela Pol\u00edcia Civil durante investiga\u00e7\u00e3o criminal. Por meio de filmagens e campanas, constatou-se que a traficante vendia pasta-base de coca\u00edna na cidade matogrossense.<\/p>\n<p style=\"text-align: justify;\">A opera\u00e7\u00e3o realizou abordagem de aproximadamente 70 pessoas, al\u00e9m de vistorias em estabelecimentos comerciais e ve\u00edculos. Participaram das dilig\u00eancias policiais civis da 8\u00aa Delegacia Regional de Pol\u00edcia Civil (DRPC), com sede em Rio Verde, al\u00e9m de policiais militares da 2\u00aa CIA do 2\u00ba Batalh\u00e3o de Pol\u00edcia Militar (BPM).<\/p>\n","protected":false},"excerpt":{"rendered":"<p>Uma traficante de drogas foi presa durante uma opera\u00e7\u00e3o deflagrada pelas Pol\u00edcias Civil e Militar em Montividiu, no Sul Goiano. Val\u00e9ria de Oliveira Caldeira, 30 anos, foi presa em fun\u00e7\u00e3o de cumprimento de mandado de pris\u00e3o referente \u00e0 pr\u00e1tica de crime de Tr\u00e1fico de Drogas (Artigo 33 da Lei de Drogas), cometido no munic\u00edpio de [&hellip;]<\/p>\n","protected":false},"author":23,"featured_media":48136,"comment_status":"closed","ping_status":"closed","sticky":false,"template":"","format":"standard","meta":{"footnotes":""},"categories":[3195,2538,89,537],"tags":[3073,2171,300,861,717],"class_list":["post-48135","post","type-post","status-publish","format-standard","has-post-thumbnail","hentry","category-8a-regional","category-delegacias","category-regionais","category-ultimo-segundo","tag-mato-grosso","tag-montividiu","tag-operacao","tag-prisao","tag-traficante"],"rttpg_featured_image_url":{"full":["https:\/\/goias.gov.br\/policiacivil\/wp-content\/uploads\/sites\/71\/2016\/11\/whatsapp-image-2016-11-25-at-09.jpg",217,228,false],"landscape":["https:\/\/goias.gov.br\/policiacivil\/wp-content\/uploads\/sites\/71\/2016\/11\/whatsapp-image-2016-11-25-at-09.jpg",217,228,false],"portraits":["https:\/\/goias.gov.br\/policiacivil\/wp-content\/uploads\/sites\/71\/2016\/11\/whatsapp-image-2016-11-25-at-09.jpg",217,228,false],"thumbnail":["https:\/\/goias.gov.br\/policiacivil\/wp-content\/uploads\/sites\/71\/2016\/11\/whatsapp-image-2016-11-25-at-09-150x150.jpg",150,150,true],"medium":["https:\/\/goias.gov.br\/policiacivil\/wp-content\/uploads\/sites\/71\/2016\/11\/whatsapp-image-2016-11-25-at-09-190x200.jpg",190,200,true],"large":["https:\/\/goias.gov.br\/policiacivil\/wp-content\/uploads\/sites\/71\/2016\/11\/whatsapp-image-2016-11-25-at-09.jpg",217,228,false],"1536x1536":["https:\/\/goias.gov.br\/policiacivil\/wp-content\/uploads\/sites\/71\/2016\/11\/whatsapp-image-2016-11-25-at-09.jpg",217,228,false],"2048x2048":["https:\/\/goias.gov.br\/policiacivil\/wp-content\/uploads\/sites\/71\/2016\/11\/whatsapp-image-2016-11-25-at-09.jpg",217,228,false]},"rttpg_author":{"display_name":"claudiacury","author_link":"https:\/\/goias.gov.br\/policiacivil\/author\/claudiacury\/"},"rttpg_comment":0,"rttpg_category":"<a href=\"https:\/\/goias.gov.br\/policiacivil\/categoria\/drp\/8a-regional\/\" rel=\"category tag\">8\u00aa Regional<\/a> <a href=\"https:\/\/goias.gov.br\/policiacivil\/categoria\/delegacias\/\" rel=\"category tag\">Delegacias<\/a> <a href=\"https:\/\/goias.gov.br\/policiacivil\/categoria\/delegacias\/regionais\/\" rel=\"category tag\">Regionais<\/a> <a href=\"https:\/\/goias.gov.br\/policiacivil\/categoria\/ultimo-segundo\/\" rel=\"category tag\">\u00daltimo Segundo<\/a>","rttpg_excerpt":"Uma traficante de drogas foi presa durante uma opera\u00e7\u00e3o deflagrada pelas Pol\u00edcias Civil e Militar em Montividiu, no Sul Goiano. Val\u00e9ria de Oliveira Caldeira, 30 anos, foi presa em fun\u00e7\u00e3o de cumprimento de mandado de pris\u00e3o referente \u00e0 pr\u00e1tica de crime de Tr\u00e1fico de Drogas (Artigo 33 da Lei de Drogas), cometido no munic\u00edpio de&hellip;","_links":{"self":[{"href":"https:\/\/goias.gov.br\/policiacivil\/wp-json\/wp\/v2\/posts\/48135","targetHints":{"allow":["GET"]}}],"collection":[{"href":"https:\/\/goias.gov.br\/policiacivil\/wp-json\/wp\/v2\/posts"}],"about":[{"href":"https:\/\/goias.gov.br\/policiacivil\/wp-json\/wp\/v2\/types\/post"}],"author":[{"embeddable":true,"href":"https:\/\/goias.gov.br\/policiacivil\/wp-json\/wp\/v2\/users\/23"}],"replies":[{"embeddable":true,"href":"https:\/\/goias.gov.br\/policiacivil\/wp-json\/wp\/v2\/comments?post=48135"}],"version-history":[{"count":0,"href":"https:\/\/goias.gov.br\/policiacivil\/wp-json\/wp\/v2\/posts\/48135\/revisions"}],"wp:featuredmedia":[{"embeddable":true,"href":"https:\/\/goias.gov.br\/policiacivil\/wp-json\/wp\/v2\/media\/48136"}],"wp:attachment":[{"href":"https:\/\/goias.gov.br\/policiacivil\/wp-json\/wp\/v2\/media?parent=48135"}],"wp:term":[{"taxonomy":"category","embeddable":true,"href":"https:\/\/goias.gov.br\/policiacivil\/wp-json\/wp\/v2\/categories?post=48135"},{"taxonomy":"post_tag","embeddable":true,"href":"https:\/\/goias.gov.br\/policiacivil\/wp-json\/wp\/v2\/tags?post=48135"}],"curies":[{"name":"wp","href":"https:\/\/api.w.org\/{rel}","templated":true}]}}