

{"id":46641,"date":"2016-09-28T15:11:34","date_gmt":"2016-09-28T18:11:34","guid":{"rendered":"https:\/\/goias.gov.br\/policiacivil\/?p=46641"},"modified":"2016-09-28T15:11:34","modified_gmt":"2016-09-28T18:11:34","slug":"decar-prende-em-flagrante-motorista-aliciado-por-quadrilha-de-roubo-de-cargas","status":"publish","type":"post","link":"https:\/\/goias.gov.br\/policiacivil\/decar-prende-em-flagrante-motorista-aliciado-por-quadrilha-de-roubo-de-cargas\/","title":{"rendered":"Decar prende em flagrante motorista aliciado por quadrilha de roubo de cargas"},"content":{"rendered":"<p style=\"text-align: justify;\"><a href=\" https:\/\/goias.gov.br\/policiacivil\/wp-content\/uploads\/sites\/71\/sites\/71\/2016\/09\/whatsapp-image-2016-09-27-at-18.jpg\"><img decoding=\"async\" class=\"size-medium wp-image-46642 alignleft\" src=\" https:\/\/goias.gov.br\/policiacivil\/wp-content\/uploads\/sites\/71\/sites\/71\/2016\/09\/whatsapp-image-2016-09-27-at-18-220x182.jpg\" alt=\"WhatsApp Image 2016-09-27 at 18\" width=\"220\" height=\"182\" srcset=\"https:\/\/goias.gov.br\/policiacivil\/wp-content\/uploads\/sites\/71\/2016\/09\/whatsapp-image-2016-09-27-at-18-220x182.jpg 220w, https:\/\/goias.gov.br\/policiacivil\/wp-content\/uploads\/sites\/71\/2016\/09\/whatsapp-image-2016-09-27-at-18-300x249.jpg 300w, https:\/\/goias.gov.br\/policiacivil\/wp-content\/uploads\/sites\/71\/2016\/09\/whatsapp-image-2016-09-27-at-18-350x290.jpg 350w, https:\/\/goias.gov.br\/policiacivil\/wp-content\/uploads\/sites\/71\/2016\/09\/whatsapp-image-2016-09-27-at-18-120x100.jpg 120w, https:\/\/goias.gov.br\/policiacivil\/wp-content\/uploads\/sites\/71\/2016\/09\/whatsapp-image-2016-09-27-at-18-507x420.jpg 507w, https:\/\/goias.gov.br\/policiacivil\/wp-content\/uploads\/sites\/71\/2016\/09\/whatsapp-image-2016-09-27-at-18.jpg 620w\" sizes=\"(max-width: 220px) 100vw, 220px\" \/><\/a>Policiais da Delegacia Estadual de Repress\u00e3o ao Roubo de Cargas (Decar) prendeu em flagrante um motorista de caminh\u00e3o aliciado por uma quadrilha para cometer desvio de produtos transportados em sua atividade profissional. A pris\u00e3o foi realizada no contexto da Opera\u00e7\u00e3o Judas Iscariotes. Romeu Costa Barbosa (foto) vinha sendo monitorado pelos investigadores da especializada desde o dia 19 de setembro, ao registrar falsamente ter sido v\u00edtima de roubo de carga em Pernambuco.<\/p>\n<p style=\"text-align: justify;\">O modo de a\u00e7\u00e3o de Romeu, motorista de uma empresa especializada no transporte de cargas refrigeradas, revela uma nova forma de agir dos autores: a falsifica\u00e7\u00e3o de Boletins de Ocorr\u00eancia (BOs) de roubo de carga, apresentados aos diretores das empresas trasportadoras como forma de justificativa para o desaparecimento das cargas desviadas pelo pr\u00f3prio empregado, em conluio com os membros das quadrilhas.<\/p>\n<p style=\"text-align: justify;\">De acordo com o titular da especializada, delegado Alexandre Bruno, essa a\u00e7\u00e3o significou uma modifica\u00e7\u00e3o na conduta dos criminosos. \u201cInicialmente, eles rendiam os motoristas dos caminh\u00f5es e roubavam a carga. Com o refor\u00e7o na repress\u00e3o a essas atividades, passaram a aliciar os motoristas. Para garantir que se sa\u00edssem ilesos, esses motoristas assim aliciados se dirigiam a uma delegacia e forjavam uma ocorr\u00eancia de roubo a cargas para apresentar aos patr\u00f5es\u201d, relata.<\/p>\n<p style=\"text-align: justify;\"><strong>Dificuldades<\/strong><br \/>\nBruno acrescenta que mesmo esse tipo de a\u00e7\u00e3o vinha sendo investigado pela Decar, com o desbaratamento de quatro organiza\u00e7\u00f5es criminosas. Ele afirma que o sistema de registro de ocorr\u00eancia de Goi\u00e1s, configurado na confec\u00e7\u00e3o dos Registros de Atendimento Integrado (RAIs), passou a apresentar grandes dificuldades para que os motoristas aliciados lograssem disfar\u00e7ar seu crime por meio de falsa den\u00fancia de roubo de carga.<\/p>\n<p style=\"text-align: justify;\">\u201cFoi ent\u00e3o que eles passaram a falsificar os pr\u00f3prios BOs. Como em Goi\u00e1s ficou muito dif\u00edcil, forjaram BOs de outros estados, como Pernambuco, Para\u00edba, Bah\u00eda e Par\u00e1\u201d, relata.<\/p>\n<p style=\"text-align: justify;\">Romeu foi autuado por Uso de documento Falso e Furto Qualificado Mediante Fraude (respectivamente Artigos 304 e 155, Inciso II, do C\u00f3digo Penal Brasileiro). As penas s\u00e3o de reclus\u00e3o de um a cinco anos para o primeiro crime e de dois a oito anos para o segundo. Em ambos \u00e9 previsto pagamento de multa.<\/p>\n","protected":false},"excerpt":{"rendered":"<p>Policiais da Delegacia Estadual de Repress\u00e3o ao Roubo de Cargas (Decar) prendeu em flagrante um motorista de caminh\u00e3o aliciado por uma quadrilha para cometer desvio de produtos transportados em sua atividade profissional. A pris\u00e3o foi realizada no contexto da Opera\u00e7\u00e3o Judas Iscariotes. Romeu Costa Barbosa (foto) vinha sendo monitorado pelos investigadores da especializada desde o [&hellip;]<\/p>\n","protected":false},"author":23,"featured_media":46642,"comment_status":"closed","ping_status":"closed","sticky":false,"template":"","format":"standard","meta":{"footnotes":""},"categories":[92,3],"tags":[1755,1721,669,3374,309],"class_list":["post-46641","post","type-post","status-publish","format-standard","has-post-thumbnail","hentry","category-especializadas","category-noticias","tag-aliciamento","tag-carga","tag-decar","tag-motorista","tag-quadrilha"],"rttpg_featured_image_url":{"full":["https:\/\/goias.gov.br\/policiacivil\/wp-content\/uploads\/sites\/71\/2016\/09\/whatsapp-image-2016-09-27-at-18.jpg",620,514,false],"landscape":["https:\/\/goias.gov.br\/policiacivil\/wp-content\/uploads\/sites\/71\/2016\/09\/whatsapp-image-2016-09-27-at-18.jpg",620,514,false],"portraits":["https:\/\/goias.gov.br\/policiacivil\/wp-content\/uploads\/sites\/71\/2016\/09\/whatsapp-image-2016-09-27-at-18.jpg",620,514,false],"thumbnail":["https:\/\/goias.gov.br\/policiacivil\/wp-content\/uploads\/sites\/71\/2016\/09\/whatsapp-image-2016-09-27-at-18-150x150.jpg",150,150,true],"medium":["https:\/\/goias.gov.br\/policiacivil\/wp-content\/uploads\/sites\/71\/2016\/09\/whatsapp-image-2016-09-27-at-18-300x249.jpg",300,249,true],"large":["https:\/\/goias.gov.br\/policiacivil\/wp-content\/uploads\/sites\/71\/2016\/09\/whatsapp-image-2016-09-27-at-18-350x290.jpg",350,290,true],"1536x1536":["https:\/\/goias.gov.br\/policiacivil\/wp-content\/uploads\/sites\/71\/2016\/09\/whatsapp-image-2016-09-27-at-18.jpg",620,514,false],"2048x2048":["https:\/\/goias.gov.br\/policiacivil\/wp-content\/uploads\/sites\/71\/2016\/09\/whatsapp-image-2016-09-27-at-18.jpg",620,514,false]},"rttpg_author":{"display_name":"claudiacury","author_link":"https:\/\/goias.gov.br\/policiacivil\/author\/claudiacury\/"},"rttpg_comment":0,"rttpg_category":"<a href=\"https:\/\/goias.gov.br\/policiacivil\/categoria\/delegacias\/especializadas\/\" rel=\"category tag\">Especializadas<\/a> <a href=\"https:\/\/goias.gov.br\/policiacivil\/categoria\/noticias\/\" rel=\"category tag\">Not\u00edcias<\/a>","rttpg_excerpt":"Policiais da Delegacia Estadual de Repress\u00e3o ao Roubo de Cargas (Decar) prendeu em flagrante um motorista de caminh\u00e3o aliciado por uma quadrilha para cometer desvio de produtos transportados em sua atividade profissional. A pris\u00e3o foi realizada no contexto da Opera\u00e7\u00e3o Judas Iscariotes. Romeu Costa Barbosa (foto) vinha sendo monitorado pelos investigadores da especializada desde o&hellip;","_links":{"self":[{"href":"https:\/\/goias.gov.br\/policiacivil\/wp-json\/wp\/v2\/posts\/46641","targetHints":{"allow":["GET"]}}],"collection":[{"href":"https:\/\/goias.gov.br\/policiacivil\/wp-json\/wp\/v2\/posts"}],"about":[{"href":"https:\/\/goias.gov.br\/policiacivil\/wp-json\/wp\/v2\/types\/post"}],"author":[{"embeddable":true,"href":"https:\/\/goias.gov.br\/policiacivil\/wp-json\/wp\/v2\/users\/23"}],"replies":[{"embeddable":true,"href":"https:\/\/goias.gov.br\/policiacivil\/wp-json\/wp\/v2\/comments?post=46641"}],"version-history":[{"count":0,"href":"https:\/\/goias.gov.br\/policiacivil\/wp-json\/wp\/v2\/posts\/46641\/revisions"}],"wp:featuredmedia":[{"embeddable":true,"href":"https:\/\/goias.gov.br\/policiacivil\/wp-json\/wp\/v2\/media\/46642"}],"wp:attachment":[{"href":"https:\/\/goias.gov.br\/policiacivil\/wp-json\/wp\/v2\/media?parent=46641"}],"wp:term":[{"taxonomy":"category","embeddable":true,"href":"https:\/\/goias.gov.br\/policiacivil\/wp-json\/wp\/v2\/categories?post=46641"},{"taxonomy":"post_tag","embeddable":true,"href":"https:\/\/goias.gov.br\/policiacivil\/wp-json\/wp\/v2\/tags?post=46641"}],"curies":[{"name":"wp","href":"https:\/\/api.w.org\/{rel}","templated":true}]}}