

{"id":44842,"date":"2016-07-26T08:32:56","date_gmt":"2016-07-26T11:32:56","guid":{"rendered":"https:\/\/goias.gov.br\/policiacivil\/?p=44842"},"modified":"2016-07-26T08:32:56","modified_gmt":"2016-07-26T11:32:56","slug":"acusado-de-estupro-e-preso-em-morrinhos","status":"publish","type":"post","link":"https:\/\/goias.gov.br\/policiacivil\/acusado-de-estupro-e-preso-em-morrinhos\/","title":{"rendered":"Acusado de estupro \u00e9 preso em Morrinhos"},"content":{"rendered":"<p style=\"text-align: justify;\"><a href=\" https:\/\/goias.gov.br\/policiacivil\/wp-content\/uploads\/sites\/71\/sites\/71\/2016\/07\/evc.jpg\"><img fetchpriority=\"high\" decoding=\"async\" class=\"alignleft  wp-image-44843\" src=\" https:\/\/goias.gov.br\/policiacivil\/wp-content\/uploads\/sites\/71\/sites\/71\/2016\/07\/evc-350x263.jpg\" alt=\"EVC\" width=\"274\" height=\"213\" \/><\/a>Agentes da Delegacia de Pol\u00edcia de Morrinhos, coordenados pelo Delegado Fabiano Henrique Jacomelis, cumpriram, no dia 22 de julho, o mandado de pris\u00e3o preventiva em face de E. V. C., de 64 anos, expedido pelo ju\u00edzo da Comarca de Morrinhos\/GO, por pr\u00e1tica de crime de estupro. Diante dos fatos, o suspeito foi recolhido na Cadeia P\u00fablica de Morrinhos.<\/p>\n","protected":false},"excerpt":{"rendered":"<p>Diante dos fatos, o suspeito foi recolhido na Cadeia P\u00fablica de Morrinhos.<\/p>\n","protected":false},"author":23,"featured_media":44843,"comment_status":"closed","ping_status":"closed","sticky":false,"template":"","format":"standard","meta":{"footnotes":""},"categories":[3193,537],"tags":[275,184],"class_list":["post-44842","post","type-post","status-publish","format-standard","has-post-thumbnail","hentry","category-6a-regional","category-ultimo-segundo","tag-estupro","tag-morrinhos"],"rttpg_featured_image_url":{"full":["https:\/\/goias.gov.br\/policiacivil\/wp-content\/uploads\/sites\/71\/2016\/07\/evc.jpg",620,465,false],"landscape":["https:\/\/goias.gov.br\/policiacivil\/wp-content\/uploads\/sites\/71\/2016\/07\/evc.jpg",620,465,false],"portraits":["https:\/\/goias.gov.br\/policiacivil\/wp-content\/uploads\/sites\/71\/2016\/07\/evc.jpg",620,465,false],"thumbnail":["https:\/\/goias.gov.br\/policiacivil\/wp-content\/uploads\/sites\/71\/2016\/07\/evc-150x150.jpg",150,150,true],"medium":["https:\/\/goias.gov.br\/policiacivil\/wp-content\/uploads\/sites\/71\/2016\/07\/evc-300x225.jpg",300,225,true],"large":["https:\/\/goias.gov.br\/policiacivil\/wp-content\/uploads\/sites\/71\/2016\/07\/evc-350x263.jpg",350,263,true],"1536x1536":["https:\/\/goias.gov.br\/policiacivil\/wp-content\/uploads\/sites\/71\/2016\/07\/evc.jpg",620,465,false],"2048x2048":["https:\/\/goias.gov.br\/policiacivil\/wp-content\/uploads\/sites\/71\/2016\/07\/evc.jpg",620,465,false]},"rttpg_author":{"display_name":"claudiacury","author_link":"https:\/\/goias.gov.br\/policiacivil\/author\/claudiacury\/"},"rttpg_comment":0,"rttpg_category":"<a href=\"https:\/\/goias.gov.br\/policiacivil\/categoria\/drp\/6a-regional\/\" rel=\"category tag\">6\u00aa Regional<\/a> <a href=\"https:\/\/goias.gov.br\/policiacivil\/categoria\/ultimo-segundo\/\" rel=\"category tag\">\u00daltimo Segundo<\/a>","rttpg_excerpt":"Diante dos fatos, o suspeito foi recolhido na Cadeia P\u00fablica de Morrinhos.","_links":{"self":[{"href":"https:\/\/goias.gov.br\/policiacivil\/wp-json\/wp\/v2\/posts\/44842","targetHints":{"allow":["GET"]}}],"collection":[{"href":"https:\/\/goias.gov.br\/policiacivil\/wp-json\/wp\/v2\/posts"}],"about":[{"href":"https:\/\/goias.gov.br\/policiacivil\/wp-json\/wp\/v2\/types\/post"}],"author":[{"embeddable":true,"href":"https:\/\/goias.gov.br\/policiacivil\/wp-json\/wp\/v2\/users\/23"}],"replies":[{"embeddable":true,"href":"https:\/\/goias.gov.br\/policiacivil\/wp-json\/wp\/v2\/comments?post=44842"}],"version-history":[{"count":0,"href":"https:\/\/goias.gov.br\/policiacivil\/wp-json\/wp\/v2\/posts\/44842\/revisions"}],"wp:featuredmedia":[{"embeddable":true,"href":"https:\/\/goias.gov.br\/policiacivil\/wp-json\/wp\/v2\/media\/44843"}],"wp:attachment":[{"href":"https:\/\/goias.gov.br\/policiacivil\/wp-json\/wp\/v2\/media?parent=44842"}],"wp:term":[{"taxonomy":"category","embeddable":true,"href":"https:\/\/goias.gov.br\/policiacivil\/wp-json\/wp\/v2\/categories?post=44842"},{"taxonomy":"post_tag","embeddable":true,"href":"https:\/\/goias.gov.br\/policiacivil\/wp-json\/wp\/v2\/tags?post=44842"}],"curies":[{"name":"wp","href":"https:\/\/api.w.org\/{rel}","templated":true}]}}