

{"id":44557,"date":"2016-07-05T08:52:08","date_gmt":"2016-07-05T11:52:08","guid":{"rendered":"https:\/\/goias.gov.br\/policiacivil\/?p=44557"},"modified":"2016-07-05T08:52:58","modified_gmt":"2016-07-05T11:52:58","slug":"genarc-de-anapolis-apreende-veiculo-comprado-com-dinheiro-do-trafico","status":"publish","type":"post","link":"https:\/\/goias.gov.br\/policiacivil\/genarc-de-anapolis-apreende-veiculo-comprado-com-dinheiro-do-trafico\/","title":{"rendered":"Genarc de An\u00e1polis apreende ve\u00edculo comprado com dinheiro do tr\u00e1fico"},"content":{"rendered":"<p style=\"text-align: justify;\"><a href=\" https:\/\/goias.gov.br\/policiacivil\/wp-content\/uploads\/sites\/71\/sites\/71\/2016\/07\/range.jpg\"><img fetchpriority=\"high\" decoding=\"async\" class=\"alignleft wp-image-44558 \" src=\" https:\/\/goias.gov.br\/policiacivil\/wp-content\/uploads\/sites\/71\/sites\/71\/2016\/07\/range-350x263.jpg\" alt=\"range\" width=\"263\" height=\"213\" \/><\/a>A Pol\u00edcia Civil de An\u00e1polis, por meio do Grupo de Repress\u00e3o a Narc\u00f3ticos (Genarc) localizou e apreendeu, nesta segunda-feira (4), o ve\u00edculo Range Rover, modelo Sport, placa QBT-6678, de propriedade de Marciel Ribeiro de Paula,\u00a0indiciado pelos crimes de tr\u00e1fico, associa\u00e7\u00e3o para o tr\u00e1fico e porte ilegal de arma de fogo de uso restrito. A apreens\u00e3o se deu em cumprimento \u00e0 decis\u00e3o da 3\u00aa Vara Criminal de An\u00e1polis, tendo em vista que h\u00e1 ind\u00edcios que o ve\u00edculo foi adquirido com dinheiro proveniente do tr\u00e1fico de drogas.<\/p>\n","protected":false},"excerpt":{"rendered":"<p>A apreens\u00e3o se deu em cumprimento \u00e0 decis\u00e3o da 3\u00aa Vara Criminal de An\u00e1polis.<\/p>\n","protected":false},"author":23,"featured_media":44558,"comment_status":"closed","ping_status":"closed","sticky":false,"template":"","format":"standard","meta":{"footnotes":""},"categories":[3190,537],"tags":[31,30],"class_list":["post-44557","post","type-post","status-publish","format-standard","has-post-thumbnail","hentry","category-3a-regional","category-ultimo-segundo","tag-anapolis","tag-genarc"],"rttpg_featured_image_url":{"full":["https:\/\/goias.gov.br\/policiacivil\/wp-content\/uploads\/sites\/71\/2016\/07\/range.jpg",620,465,false],"landscape":["https:\/\/goias.gov.br\/policiacivil\/wp-content\/uploads\/sites\/71\/2016\/07\/range.jpg",620,465,false],"portraits":["https:\/\/goias.gov.br\/policiacivil\/wp-content\/uploads\/sites\/71\/2016\/07\/range.jpg",620,465,false],"thumbnail":["https:\/\/goias.gov.br\/policiacivil\/wp-content\/uploads\/sites\/71\/2016\/07\/range-150x150.jpg",150,150,true],"medium":["https:\/\/goias.gov.br\/policiacivil\/wp-content\/uploads\/sites\/71\/2016\/07\/range-300x225.jpg",300,225,true],"large":["https:\/\/goias.gov.br\/policiacivil\/wp-content\/uploads\/sites\/71\/2016\/07\/range-350x263.jpg",350,263,true],"1536x1536":["https:\/\/goias.gov.br\/policiacivil\/wp-content\/uploads\/sites\/71\/2016\/07\/range.jpg",620,465,false],"2048x2048":["https:\/\/goias.gov.br\/policiacivil\/wp-content\/uploads\/sites\/71\/2016\/07\/range.jpg",620,465,false]},"rttpg_author":{"display_name":"claudiacury","author_link":"https:\/\/goias.gov.br\/policiacivil\/author\/claudiacury\/"},"rttpg_comment":0,"rttpg_category":"<a href=\"https:\/\/goias.gov.br\/policiacivil\/categoria\/drp\/3a-regional\/\" rel=\"category tag\">3\u00aa Regional<\/a> <a href=\"https:\/\/goias.gov.br\/policiacivil\/categoria\/ultimo-segundo\/\" rel=\"category tag\">\u00daltimo Segundo<\/a>","rttpg_excerpt":"A apreens\u00e3o se deu em cumprimento \u00e0 decis\u00e3o da 3\u00aa Vara Criminal de An\u00e1polis.","_links":{"self":[{"href":"https:\/\/goias.gov.br\/policiacivil\/wp-json\/wp\/v2\/posts\/44557","targetHints":{"allow":["GET"]}}],"collection":[{"href":"https:\/\/goias.gov.br\/policiacivil\/wp-json\/wp\/v2\/posts"}],"about":[{"href":"https:\/\/goias.gov.br\/policiacivil\/wp-json\/wp\/v2\/types\/post"}],"author":[{"embeddable":true,"href":"https:\/\/goias.gov.br\/policiacivil\/wp-json\/wp\/v2\/users\/23"}],"replies":[{"embeddable":true,"href":"https:\/\/goias.gov.br\/policiacivil\/wp-json\/wp\/v2\/comments?post=44557"}],"version-history":[{"count":0,"href":"https:\/\/goias.gov.br\/policiacivil\/wp-json\/wp\/v2\/posts\/44557\/revisions"}],"wp:featuredmedia":[{"embeddable":true,"href":"https:\/\/goias.gov.br\/policiacivil\/wp-json\/wp\/v2\/media\/44558"}],"wp:attachment":[{"href":"https:\/\/goias.gov.br\/policiacivil\/wp-json\/wp\/v2\/media?parent=44557"}],"wp:term":[{"taxonomy":"category","embeddable":true,"href":"https:\/\/goias.gov.br\/policiacivil\/wp-json\/wp\/v2\/categories?post=44557"},{"taxonomy":"post_tag","embeddable":true,"href":"https:\/\/goias.gov.br\/policiacivil\/wp-json\/wp\/v2\/tags?post=44557"}],"curies":[{"name":"wp","href":"https:\/\/api.w.org\/{rel}","templated":true}]}}