

{"id":43692,"date":"2016-06-01T11:45:24","date_gmt":"2016-06-01T14:45:24","guid":{"rendered":"https:\/\/goias.gov.br\/policiacivil\/?p=43692"},"modified":"2016-06-01T16:01:21","modified_gmt":"2016-06-01T19:01:21","slug":"dupla-suspeita-de-matar-idoso-por-engano-e-apresentada-em-goiania","status":"publish","type":"post","link":"https:\/\/goias.gov.br\/policiacivil\/dupla-suspeita-de-matar-idoso-por-engano-e-apresentada-em-goiania\/","title":{"rendered":"Dupla suspeita de matar idoso &#8220;por engano&#8221; \u00e9 apresentada em Goi\u00e2nia"},"content":{"rendered":"<p style=\"text-align: justify;\"><a href=\" https:\/\/goias.gov.br\/policiacivil\/wp-content\/uploads\/sites\/71\/sites\/71\/2016\/06\/apresentacao-dih.jpg\"><img fetchpriority=\"high\" decoding=\"async\" class=\"alignleft size-large wp-image-43694\" src=\" https:\/\/goias.gov.br\/policiacivil\/wp-content\/uploads\/sites\/71\/sites\/71\/2016\/06\/apresentacao-dih-350x197.jpg\" alt=\"apresenta\u00e7\u00e3o dih\" width=\"350\" height=\"197\" srcset=\"https:\/\/goias.gov.br\/policiacivil\/wp-content\/uploads\/sites\/71\/2016\/06\/apresentacao-dih-350x197.jpg 350w, https:\/\/goias.gov.br\/policiacivil\/wp-content\/uploads\/sites\/71\/2016\/06\/apresentacao-dih-300x169.jpg 300w, https:\/\/goias.gov.br\/policiacivil\/wp-content\/uploads\/sites\/71\/2016\/06\/apresentacao-dih-390x220.jpg 390w, https:\/\/goias.gov.br\/policiacivil\/wp-content\/uploads\/sites\/71\/2016\/06\/apresentacao-dih-220x124.jpg 220w, https:\/\/goias.gov.br\/policiacivil\/wp-content\/uploads\/sites\/71\/2016\/06\/apresentacao-dih.jpg 620w\" sizes=\"(max-width: 350px) 100vw, 350px\" \/><\/a>Uma dupla suspeita de matar o idoso\u00a0Neudir Soares da Costa, de 69 anos, em agosto de 2015, no Setor Pedro Ludovico, foi apresentada na manh\u00e3 desta quarta-feira (1), na Delegacia Estadual de Investiga\u00e7\u00e3o de Homic\u00eddios (DIH).\u00a0Mois\u00e9s Montenegro Santana e Lucas Arthur Ramos acertaram o idoso\u00a0quando tentaram matar o neto dele,\u00a0Marcos da Costa Lima, de apenas 16 anos.<\/p>\n<p style=\"text-align: justify;\">De acordo com as investiga\u00e7\u00f5es, coordenadas pela delegada\u00a0Ana Cl\u00e1udia Stoffel, Mois\u00e9s\u00a0devia a quantia de R$ 800 para o adolescente, que estaria cobrando o devedor. Mois\u00e9s, ent\u00e3o, entrou em contato com Lucas, que, assim como ele, j\u00e1 possui passagens anteriores na pol\u00edcia por roubo, e marcou um encontro com o menor para, supostamente, quitar a d\u00edvida.<\/p>\n<p style=\"text-align: justify;\">Ao chegar na casa de Marcos, no entanto, a dupla efetuou os disparos. Marcos foi alvejado por 11 disparos, mas n\u00e3o chegou a falecer. Seu av\u00f4, que tamb\u00e9m foi atingido no abdome e bra\u00e7o, n\u00e3o resistiu e veio a \u00f3bito. Os mandados de pris\u00e3o contra Mois\u00e9s e Lucas foram cumpridos no \u00faltimo dia 30 de maio, na Casa de Pris\u00e3o Provis\u00f3ria,onde ambos j\u00e1 estavam presos por outros crimes.<\/p>\n","protected":false},"excerpt":{"rendered":"<p>O idoso foi atingido por dois disparos. O alvo seria o neto, que estaria cobrando de um dos autores a quantia de R$ 800.<\/p>\n","protected":false},"author":23,"featured_media":43694,"comment_status":"closed","ping_status":"closed","sticky":false,"template":"","format":"standard","meta":{"footnotes":""},"categories":[3],"tags":[2640,3933,145,4177],"class_list":["post-43692","post","type-post","status-publish","format-standard","has-post-thumbnail","hentry","category-noticias","tag-ana","tag-claudia","tag-dih","tag-stoffel"],"rttpg_featured_image_url":{"full":["https:\/\/goias.gov.br\/policiacivil\/wp-content\/uploads\/sites\/71\/2016\/06\/apresentacao-dih.jpg",620,349,false],"landscape":["https:\/\/goias.gov.br\/policiacivil\/wp-content\/uploads\/sites\/71\/2016\/06\/apresentacao-dih.jpg",620,349,false],"portraits":["https:\/\/goias.gov.br\/policiacivil\/wp-content\/uploads\/sites\/71\/2016\/06\/apresentacao-dih.jpg",620,349,false],"thumbnail":["https:\/\/goias.gov.br\/policiacivil\/wp-content\/uploads\/sites\/71\/2016\/06\/apresentacao-dih-150x150.jpg",150,150,true],"medium":["https:\/\/goias.gov.br\/policiacivil\/wp-content\/uploads\/sites\/71\/2016\/06\/apresentacao-dih-300x169.jpg",300,169,true],"large":["https:\/\/goias.gov.br\/policiacivil\/wp-content\/uploads\/sites\/71\/2016\/06\/apresentacao-dih-350x197.jpg",350,197,true],"1536x1536":["https:\/\/goias.gov.br\/policiacivil\/wp-content\/uploads\/sites\/71\/2016\/06\/apresentacao-dih.jpg",620,349,false],"2048x2048":["https:\/\/goias.gov.br\/policiacivil\/wp-content\/uploads\/sites\/71\/2016\/06\/apresentacao-dih.jpg",620,349,false]},"rttpg_author":{"display_name":"claudiacury","author_link":"https:\/\/goias.gov.br\/policiacivil\/author\/claudiacury\/"},"rttpg_comment":0,"rttpg_category":"<a href=\"https:\/\/goias.gov.br\/policiacivil\/categoria\/noticias\/\" rel=\"category tag\">Not\u00edcias<\/a>","rttpg_excerpt":"O idoso foi atingido por dois disparos. O alvo seria o neto, que estaria cobrando de um dos autores a quantia de R$ 800.","_links":{"self":[{"href":"https:\/\/goias.gov.br\/policiacivil\/wp-json\/wp\/v2\/posts\/43692","targetHints":{"allow":["GET"]}}],"collection":[{"href":"https:\/\/goias.gov.br\/policiacivil\/wp-json\/wp\/v2\/posts"}],"about":[{"href":"https:\/\/goias.gov.br\/policiacivil\/wp-json\/wp\/v2\/types\/post"}],"author":[{"embeddable":true,"href":"https:\/\/goias.gov.br\/policiacivil\/wp-json\/wp\/v2\/users\/23"}],"replies":[{"embeddable":true,"href":"https:\/\/goias.gov.br\/policiacivil\/wp-json\/wp\/v2\/comments?post=43692"}],"version-history":[{"count":0,"href":"https:\/\/goias.gov.br\/policiacivil\/wp-json\/wp\/v2\/posts\/43692\/revisions"}],"wp:featuredmedia":[{"embeddable":true,"href":"https:\/\/goias.gov.br\/policiacivil\/wp-json\/wp\/v2\/media\/43694"}],"wp:attachment":[{"href":"https:\/\/goias.gov.br\/policiacivil\/wp-json\/wp\/v2\/media?parent=43692"}],"wp:term":[{"taxonomy":"category","embeddable":true,"href":"https:\/\/goias.gov.br\/policiacivil\/wp-json\/wp\/v2\/categories?post=43692"},{"taxonomy":"post_tag","embeddable":true,"href":"https:\/\/goias.gov.br\/policiacivil\/wp-json\/wp\/v2\/tags?post=43692"}],"curies":[{"name":"wp","href":"https:\/\/api.w.org\/{rel}","templated":true}]}}