

{"id":43559,"date":"2016-05-22T16:04:36","date_gmt":"2016-05-22T19:04:36","guid":{"rendered":"https:\/\/goias.gov.br\/policiacivil\/?p=43559"},"modified":"2016-05-22T16:04:36","modified_gmt":"2016-05-22T19:04:36","slug":"saude-na-justica","status":"publish","type":"post","link":"https:\/\/goias.gov.br\/policiacivil\/saude-na-justica\/","title":{"rendered":"Sa\u00fade na Justi\u00e7a"},"content":{"rendered":"<figure id=\"attachment_43560\" aria-describedby=\"caption-attachment-43560\" style=\"width: 350px\" class=\"wp-caption alignleft\"><a href=\" https:\/\/goias.gov.br\/policiacivil\/wp-content\/uploads\/sites\/71\/sites\/71\/2016\/05\/jesseir.jpg\"><img fetchpriority=\"high\" decoding=\"async\" class=\"wp-image-43560 size-large\" src=\" https:\/\/goias.gov.br\/policiacivil\/wp-content\/uploads\/sites\/71\/sites\/71\/2016\/05\/jesseir-350x233.jpg\" alt=\"jesseir\" width=\"350\" height=\"233\" srcset=\"https:\/\/goias.gov.br\/policiacivil\/wp-content\/uploads\/sites\/71\/2016\/05\/jesseir-350x233.jpg 350w, https:\/\/goias.gov.br\/policiacivil\/wp-content\/uploads\/sites\/71\/2016\/05\/jesseir-300x200.jpg 300w, https:\/\/goias.gov.br\/policiacivil\/wp-content\/uploads\/sites\/71\/2016\/05\/jesseir-220x147.jpg 220w, https:\/\/goias.gov.br\/policiacivil\/wp-content\/uploads\/sites\/71\/2016\/05\/jesseir.jpg 620w\" sizes=\"(max-width: 350px) 100vw, 350px\" \/><\/a><figcaption id=\"caption-attachment-43560\" class=\"wp-caption-text\">Jesseir Coelho de Alc\u00e2ntara, juiz de Direito e professor<\/figcaption><\/figure>\n<p style=\"text-align: justify;\">Ultimamente o Judici\u00e1rio goiano vem sendo acionado quando o assunto \u00e9 sa\u00fade. Eis algumas decis\u00f5es: TJGO confirma liminar que mandou Sa\u00fade realizar cirurgia em mulher; Justi\u00e7a manda Sa\u00fade de Aparecida de Goi\u00e2nia internar idosa em UTI ; Plano de sa\u00fade \u00e9 condenado a indenizar por se negar a custear produto hospitalar; Realizada primeira reuni\u00e3o do Comit\u00ea de Aten\u00e7\u00e3o Integral \u00e0 Sa\u00fade no \u00e2mbito do Judici\u00e1rio .<\/p>\n<p style=\"text-align: justify;\">O que se constata \u00e9 que a quest\u00e3o da sa\u00fade p\u00fablica \u00e9 cada vez mais deficiente e as pessoas t\u00eam batido \u00e0s portas da Justi\u00e7a para solu\u00e7\u00e3o de seus problemas nessa \u00e1rea. O poder p\u00fablico tem deixado a desejar e o Judici\u00e1rio tem resolvido situa\u00e7\u00f5es emergenciais. At\u00e9 porque sa\u00fade n\u00e3o pode esperar. Est\u00e1 existindo uma judicializa\u00e7\u00e3o da sa\u00fade, muito embora a Constitui\u00e7\u00e3o Federal estabele\u00e7a, no artigo 6\u00ba que a sa\u00fade \u00e9 um direito social a ser disponibilizado pelo Estado. J\u00e1 o artigo 196 diz que a sa\u00fade \u00e9 direito de todos e dever do Estado, garantindo mediante pol\u00edticas sociais e econ\u00f4micas. Como o Estado n\u00e3o tem cumprido seu papel, os ju\u00edzes est\u00e3o se tornando \u201cm\u00e9dicos\u201d para dar solu\u00e7\u00e3o \u00e0 omiss\u00e3o. O Judici\u00e1rio passa a ser visto como um elemento perturbador, criando pontos de tens\u00e3o com os gestores p\u00fablicos. In\u00fameras pessoas t\u00eam buscado o aux\u00edlio do Judici\u00e1rio na tentativa de obter um pronunciamento que lhes possibilite alcan\u00e7ar uma a\u00e7\u00e3o afirmativa, seja atrav\u00e9s do fornecimento de medicamentos, tratamentos ou mesmo de cirurgias que permitam a manuten\u00e7\u00e3o ou restaura\u00e7\u00e3o de seu estado de sa\u00fade. Recentemente vimos que centenas de pacientes recorreram \u00e0 Justi\u00e7a para garantir acesso \u00e0 subst\u00e2ncia fosfoetalonamina no combate ao c\u00e2ncer.<\/p>\n<p style=\"text-align: justify;\">A judicializa\u00e7\u00e3o do direito \u00e0 sa\u00fade encontra-se condicionada a uma pondera\u00e7\u00e3o da separa\u00e7\u00e3o dos poderes e, claro, da necessidade da pr\u00f3pria administra\u00e7\u00e3o atualizar constantemente as pol\u00edticas de sa\u00fade. A judicializa\u00e7\u00e3o, que pode ser conceituada como o ato de transferir para o Poder Judici\u00e1rio decis\u00f5es acerca do reconhecimento e concretiza\u00e7\u00e3o de um direito que, \u00e0 rigor, deveria ser tomado pelos demais Poderes da Rep\u00fablica (Executivo e Legislativo), vem apresentando amplo crescimento, uma vez que o sistema p\u00fablico de sa\u00fade tem se mostrado ineficiente, seja em termos quantitativos seja em termos qualitativos, na condu\u00e7\u00e3o de uma pol\u00edtica p\u00fablica de qualidade. O Judici\u00e1rio est\u00e1 sendo chamado a ser respons\u00e1vel por um problema que n\u00e3o \u00e9 seu e pagando a conta pela in\u00e9rcia de outrem.<\/p>\n<p style=\"text-align: justify;\">\u00c9 claro que o cidad\u00e3o pode e deve buscar seus direitos judicialmente, garantido at\u00e9 constitucionalmente, mas quando a situa\u00e7\u00e3o se torna recorrente n\u00e3o h\u00e1 d\u00favidas de que existe uma falha\u00a0estatal. Afinal, Justi\u00e7a existe para dirimir conflitos, n\u00e3o para resolv\u00ea-los fora de sua al\u00e7ada. Caso contr\u00e1rio, a Justi\u00e7a se torna injusti\u00e7ada.<\/p>\n","protected":false},"excerpt":{"rendered":"<p>Afinal, Justi\u00e7a existe para dirimir conflitos, n\u00e3o para resolv\u00ea-los fora de sua al\u00e7ada. Caso contr\u00e1rio, a Justi\u00e7a se torna injusti\u00e7ada.<\/p>\n","protected":false},"author":23,"featured_media":43560,"comment_status":"closed","ping_status":"closed","sticky":false,"template":"","format":"standard","meta":{"footnotes":""},"categories":[29],"tags":[1140,3342,1139],"class_list":["post-43559","post","type-post","status-publish","format-standard","has-post-thumbnail","hentry","category-artigos","tag-alcantara","tag-coelho","tag-jesseir"],"rttpg_featured_image_url":{"full":["https:\/\/goias.gov.br\/policiacivil\/wp-content\/uploads\/sites\/71\/2016\/05\/jesseir.jpg",620,413,false],"landscape":["https:\/\/goias.gov.br\/policiacivil\/wp-content\/uploads\/sites\/71\/2016\/05\/jesseir.jpg",620,413,false],"portraits":["https:\/\/goias.gov.br\/policiacivil\/wp-content\/uploads\/sites\/71\/2016\/05\/jesseir.jpg",620,413,false],"thumbnail":["https:\/\/goias.gov.br\/policiacivil\/wp-content\/uploads\/sites\/71\/2016\/05\/jesseir-150x150.jpg",150,150,true],"medium":["https:\/\/goias.gov.br\/policiacivil\/wp-content\/uploads\/sites\/71\/2016\/05\/jesseir-300x200.jpg",300,200,true],"large":["https:\/\/goias.gov.br\/policiacivil\/wp-content\/uploads\/sites\/71\/2016\/05\/jesseir-350x233.jpg",350,233,true],"1536x1536":["https:\/\/goias.gov.br\/policiacivil\/wp-content\/uploads\/sites\/71\/2016\/05\/jesseir.jpg",620,413,false],"2048x2048":["https:\/\/goias.gov.br\/policiacivil\/wp-content\/uploads\/sites\/71\/2016\/05\/jesseir.jpg",620,413,false]},"rttpg_author":{"display_name":"claudiacury","author_link":"https:\/\/goias.gov.br\/policiacivil\/author\/claudiacury\/"},"rttpg_comment":0,"rttpg_category":"<a href=\"https:\/\/goias.gov.br\/policiacivil\/categoria\/artigos\/\" rel=\"category tag\">Artigos<\/a>","rttpg_excerpt":"Afinal, Justi\u00e7a existe para dirimir conflitos, n\u00e3o para resolv\u00ea-los fora de sua al\u00e7ada. Caso contr\u00e1rio, a Justi\u00e7a se torna injusti\u00e7ada.","_links":{"self":[{"href":"https:\/\/goias.gov.br\/policiacivil\/wp-json\/wp\/v2\/posts\/43559","targetHints":{"allow":["GET"]}}],"collection":[{"href":"https:\/\/goias.gov.br\/policiacivil\/wp-json\/wp\/v2\/posts"}],"about":[{"href":"https:\/\/goias.gov.br\/policiacivil\/wp-json\/wp\/v2\/types\/post"}],"author":[{"embeddable":true,"href":"https:\/\/goias.gov.br\/policiacivil\/wp-json\/wp\/v2\/users\/23"}],"replies":[{"embeddable":true,"href":"https:\/\/goias.gov.br\/policiacivil\/wp-json\/wp\/v2\/comments?post=43559"}],"version-history":[{"count":0,"href":"https:\/\/goias.gov.br\/policiacivil\/wp-json\/wp\/v2\/posts\/43559\/revisions"}],"wp:featuredmedia":[{"embeddable":true,"href":"https:\/\/goias.gov.br\/policiacivil\/wp-json\/wp\/v2\/media\/43560"}],"wp:attachment":[{"href":"https:\/\/goias.gov.br\/policiacivil\/wp-json\/wp\/v2\/media?parent=43559"}],"wp:term":[{"taxonomy":"category","embeddable":true,"href":"https:\/\/goias.gov.br\/policiacivil\/wp-json\/wp\/v2\/categories?post=43559"},{"taxonomy":"post_tag","embeddable":true,"href":"https:\/\/goias.gov.br\/policiacivil\/wp-json\/wp\/v2\/tags?post=43559"}],"curies":[{"name":"wp","href":"https:\/\/api.w.org\/{rel}","templated":true}]}}