

{"id":43043,"date":"2016-05-05T11:32:57","date_gmt":"2016-05-05T14:32:57","guid":{"rendered":"https:\/\/goias.gov.br\/policiacivil\/?p=43043"},"modified":"2016-05-05T11:55:21","modified_gmt":"2016-05-05T14:55:21","slug":"genarc-de-catalao-prende-traficante-em-davinopolis","status":"publish","type":"post","link":"https:\/\/goias.gov.br\/policiacivil\/genarc-de-catalao-prende-traficante-em-davinopolis\/","title":{"rendered":"Genarc de Catal\u00e3o prende traficante em Davin\u00f3polis"},"content":{"rendered":"<p style=\"text-align: justify;\"><a href=\" https:\/\/goias.gov.br\/policiacivil\/wp-content\/uploads\/sites\/71\/sites\/71\/2016\/05\/genarc-catalao.jpg\"><img fetchpriority=\"high\" decoding=\"async\" class=\"alignleft wp-image-43044\" src=\" https:\/\/goias.gov.br\/policiacivil\/wp-content\/uploads\/sites\/71\/sites\/71\/2016\/05\/genarc-catalao-339x300.jpg\" alt=\"genarc catal\u00e3o\" width=\"271\" height=\"240\" srcset=\"https:\/\/goias.gov.br\/policiacivil\/wp-content\/uploads\/sites\/71\/2016\/05\/genarc-catalao-339x300.jpg 339w, https:\/\/goias.gov.br\/policiacivil\/wp-content\/uploads\/sites\/71\/2016\/05\/genarc-catalao-300x265.jpg 300w, https:\/\/goias.gov.br\/policiacivil\/wp-content\/uploads\/sites\/71\/2016\/05\/genarc-catalao-220x194.jpg 220w, https:\/\/goias.gov.br\/policiacivil\/wp-content\/uploads\/sites\/71\/2016\/05\/genarc-catalao-475x420.jpg 475w, https:\/\/goias.gov.br\/policiacivil\/wp-content\/uploads\/sites\/71\/2016\/05\/genarc-catalao.jpg 620w\" sizes=\"(max-width: 271px) 100vw, 271px\" \/><\/a>O Grupo Especial de Repress\u00e3o a Narc\u00f3ticos (Genarc) de Catal\u00e3o deflagrou, na manh\u00e3 desta quinta-feira (5) opera\u00e7\u00e3o policial denominada &#8220;Cidade Segura&#8221;, em Davin\u00f3polis. Segundo o delegado coordenador, Fernando Souza Maciel, foram cumpridos tr\u00eas mandados de busca e apreens\u00e3o domiciliar naquela localidade. Participaram da opera\u00e7\u00e3o policiais do Genarc e dos 1\u00ba e 2\u00ba distritos policiais de Catal\u00e3o.<\/p>\n<p style=\"text-align: justify;\">Em uma das casas, foram localizadas pequenas por\u00e7\u00f5es de maconha para consumo. O morador foi encaminhado para a delegacia, onde foi lavrado Termo Circunstanciado de Ocorr\u00eancia. Na resid\u00eancia de outro investigado, Rodrigo Estevam Santos Boaron, foram encontradas diversas por\u00e7\u00f5es de maconha e crack prontas para a venda, insumos para a prepara\u00e7\u00e3o de drogas, balan\u00e7a de precis\u00e3o e r\u00e9plica de uma pistola, al\u00e9m de uma caderneta com as anota\u00e7\u00f5es de vendas de entorpecentes.<\/p>\n","protected":false},"excerpt":{"rendered":"<p>Participaram da opera\u00e7\u00e3o policiais do Genarc e dos 1\u00ba e 2\u00ba distritos policiais de Catal\u00e3o.<\/p>\n","protected":false},"author":23,"featured_media":43044,"comment_status":"closed","ping_status":"closed","sticky":false,"template":"","format":"standard","meta":{"footnotes":""},"categories":[3196,537],"tags":[99,4232,30],"class_list":["post-43043","post","type-post","status-publish","format-standard","has-post-thumbnail","hentry","category-9a-regional","category-ultimo-segundo","tag-catalao","tag-davinopolis","tag-genarc"],"rttpg_featured_image_url":{"full":["https:\/\/goias.gov.br\/policiacivil\/wp-content\/uploads\/sites\/71\/2016\/05\/genarc-catalao.jpg",620,548,false],"landscape":["https:\/\/goias.gov.br\/policiacivil\/wp-content\/uploads\/sites\/71\/2016\/05\/genarc-catalao.jpg",620,548,false],"portraits":["https:\/\/goias.gov.br\/policiacivil\/wp-content\/uploads\/sites\/71\/2016\/05\/genarc-catalao.jpg",620,548,false],"thumbnail":["https:\/\/goias.gov.br\/policiacivil\/wp-content\/uploads\/sites\/71\/2016\/05\/genarc-catalao-150x150.jpg",150,150,true],"medium":["https:\/\/goias.gov.br\/policiacivil\/wp-content\/uploads\/sites\/71\/2016\/05\/genarc-catalao-300x265.jpg",300,265,true],"large":["https:\/\/goias.gov.br\/policiacivil\/wp-content\/uploads\/sites\/71\/2016\/05\/genarc-catalao-339x300.jpg",339,300,true],"1536x1536":["https:\/\/goias.gov.br\/policiacivil\/wp-content\/uploads\/sites\/71\/2016\/05\/genarc-catalao.jpg",620,548,false],"2048x2048":["https:\/\/goias.gov.br\/policiacivil\/wp-content\/uploads\/sites\/71\/2016\/05\/genarc-catalao.jpg",620,548,false]},"rttpg_author":{"display_name":"claudiacury","author_link":"https:\/\/goias.gov.br\/policiacivil\/author\/claudiacury\/"},"rttpg_comment":0,"rttpg_category":"<a href=\"https:\/\/goias.gov.br\/policiacivil\/categoria\/drp\/9a-regional\/\" rel=\"category tag\">9\u00aa Regional<\/a> <a href=\"https:\/\/goias.gov.br\/policiacivil\/categoria\/ultimo-segundo\/\" rel=\"category tag\">\u00daltimo Segundo<\/a>","rttpg_excerpt":"Participaram da opera\u00e7\u00e3o policiais do Genarc e dos 1\u00ba e 2\u00ba distritos policiais de Catal\u00e3o.","_links":{"self":[{"href":"https:\/\/goias.gov.br\/policiacivil\/wp-json\/wp\/v2\/posts\/43043","targetHints":{"allow":["GET"]}}],"collection":[{"href":"https:\/\/goias.gov.br\/policiacivil\/wp-json\/wp\/v2\/posts"}],"about":[{"href":"https:\/\/goias.gov.br\/policiacivil\/wp-json\/wp\/v2\/types\/post"}],"author":[{"embeddable":true,"href":"https:\/\/goias.gov.br\/policiacivil\/wp-json\/wp\/v2\/users\/23"}],"replies":[{"embeddable":true,"href":"https:\/\/goias.gov.br\/policiacivil\/wp-json\/wp\/v2\/comments?post=43043"}],"version-history":[{"count":0,"href":"https:\/\/goias.gov.br\/policiacivil\/wp-json\/wp\/v2\/posts\/43043\/revisions"}],"wp:featuredmedia":[{"embeddable":true,"href":"https:\/\/goias.gov.br\/policiacivil\/wp-json\/wp\/v2\/media\/43044"}],"wp:attachment":[{"href":"https:\/\/goias.gov.br\/policiacivil\/wp-json\/wp\/v2\/media?parent=43043"}],"wp:term":[{"taxonomy":"category","embeddable":true,"href":"https:\/\/goias.gov.br\/policiacivil\/wp-json\/wp\/v2\/categories?post=43043"},{"taxonomy":"post_tag","embeddable":true,"href":"https:\/\/goias.gov.br\/policiacivil\/wp-json\/wp\/v2\/tags?post=43043"}],"curies":[{"name":"wp","href":"https:\/\/api.w.org\/{rel}","templated":true}]}}