

{"id":41004,"date":"2016-02-06T22:21:32","date_gmt":"2016-02-07T00:21:32","guid":{"rendered":"https:\/\/goias.gov.br\/policiacivil\/?p=41004"},"modified":"2016-02-06T22:22:21","modified_gmt":"2016-02-07T00:22:21","slug":"abortos-em-casos-de-microcefalia","status":"publish","type":"post","link":"https:\/\/goias.gov.br\/policiacivil\/abortos-em-casos-de-microcefalia\/","title":{"rendered":"Abortos em casos de microcefalia"},"content":{"rendered":"<figure id=\"attachment_41005\" aria-describedby=\"caption-attachment-41005\" style=\"width: 350px\" class=\"wp-caption alignleft\"><a href=\" https:\/\/goias.gov.br\/policiacivil\/wp-content\/uploads\/sites\/71\/sites\/71\/2016\/02\/jesseir.jpg\"><img fetchpriority=\"high\" decoding=\"async\" class=\"size-large wp-image-41005\" alt=\"jesseir\" src=\" https:\/\/goias.gov.br\/policiacivil\/wp-content\/uploads\/sites\/71\/sites\/71\/2016\/02\/jesseir-350x233.jpg\" width=\"350\" height=\"233\" srcset=\"https:\/\/goias.gov.br\/policiacivil\/wp-content\/uploads\/sites\/71\/2016\/02\/jesseir-350x233.jpg 350w, https:\/\/goias.gov.br\/policiacivil\/wp-content\/uploads\/sites\/71\/2016\/02\/jesseir-300x200.jpg 300w, https:\/\/goias.gov.br\/policiacivil\/wp-content\/uploads\/sites\/71\/2016\/02\/jesseir-220x147.jpg 220w, https:\/\/goias.gov.br\/policiacivil\/wp-content\/uploads\/sites\/71\/2016\/02\/jesseir.jpg 620w\" sizes=\"(max-width: 350px) 100vw, 350px\" \/><\/a><figcaption id=\"caption-attachment-41005\" class=\"wp-caption-text\">Jesseir Coelho de Alc\u00e2ntara, juiz de Direito e professor<\/figcaption><\/figure>\n<p style=\"text-align: justify;\">A microcefalia \u00e9 uma doen\u00e7a em que a cabe\u00e7a e o c\u00e9rebro das crian\u00e7as s\u00e3o menores que o normal para a sua idade, o que prejudica o seu desenvolvimento mental, porque os ossos da cabe\u00e7a, que ao nascimento est\u00e3o separados, se unem muito cedo, impedindo que o c\u00e9rebro cres\u00e7a e desenvolva suas capacidades normalmente. As consequ\u00eancias da epidemia de microcefalia, que atinge pelo menos 20 Estados brasileiros, al\u00e9m do Distrito Federal, v\u00e3o al\u00e9m do cotidiano de gestantes, hospitais e cl\u00ednicas de sa\u00fade, e podem chegar tamb\u00e9m ao Poder Judici\u00e1rio.<\/p>\n<p style=\"text-align: justify;\">No C\u00f3digo Penal s\u00e3o previstas duas formas legais de aborto sem puni\u00e7\u00e3o para o m\u00e9dico: em casos de risco de vida para a m\u00e3e ou em gesta\u00e7\u00f5es resultantes de estupro. Em 2012, o STF (\u00f3rg\u00e3o m\u00e1ximo do Judici\u00e1rio no Brasil) admitiu uma terceira hip\u00f3tese: a interrup\u00e7\u00e3o de gesta\u00e7\u00f5es de fetos anenc\u00e9falos (condi\u00e7\u00e3o em que o feto nasce sem c\u00e9rebro).<br \/>\nAssim como existe a possibilidade de autoriza\u00e7\u00e3o para abortos em casos de anencefalia, a meu ver, a interrup\u00e7\u00e3o da gravidez em casos de microcefalia com previs\u00e3o m\u00e9dica de morte do beb\u00ea poder\u00e1 ser &#8220;v\u00e1lida&#8221; e precisar\u00e1 ser avaliada &#8220;caso a caso&#8221;. Se houver pedido oportuno por alguma gestante no caso de gravidez com microcefalia e zika com comprova\u00e7\u00e3o m\u00e9dica de que esse beb\u00ea n\u00e3o vai nascer com vida, analogicamente a autoriza\u00e7\u00e3o judicial poder\u00e1 ser concedida. No meu pensar n\u00e3o h\u00e1 ferimento ao preceito constitucional do direito \u00e0 vida porque ela inexiste.<\/p>\n<p style=\"text-align: justify;\">Como magistrado j\u00e1 autorizei abortos em dois casos de S\u00edndrome de Edward e um de Body-Stalk. Para as decis\u00f5es proferidas, levei em considera\u00e7\u00e3o a comprova\u00e7\u00e3o por laudos m\u00e9dicos, que atestaram a impossibilidade de sobreviv\u00eancia da crian\u00e7a, al\u00e9m da manifesta\u00e7\u00e3o do Minist\u00e9rio P\u00fablico, como fiscal da lei. \u00c9 importante n\u00e3o banalizar. Se h\u00e1 um feto mongoloide, se falta dedo na m\u00e3o ou um p\u00e9, ou qualquer anomalia que n\u00e3o comprometa sua vida, n\u00e3o \u00e9 motivo de autoriza\u00e7\u00e3o para aborto. N\u00e3o concordo com autoriza\u00e7\u00f5es nesse vi\u00e9s. O deferimento s\u00f3 pode ser dado em situa\u00e7\u00f5es em que n\u00e3o h\u00e1 condi\u00e7\u00f5es de vida. Somente em circunst\u00e2ncias extremadas de n\u00e3o sobrevida.<\/p>\n<p style=\"text-align: justify;\">Nas redes sociais, em blogs e p\u00e1ginas religiosas, cr\u00edticos do aborto afirmam que a interrup\u00e7\u00e3o de gesta\u00e7\u00f5es por conta da microcefalia seria uma forma de &#8220;eugenia&#8221;. O termo se refere a t\u00e9cnicas que visam &#8220;melhorar qualidades f\u00edsicas e morais de gera\u00e7\u00f5es futuras&#8221;. Por a\u00ed se v\u00ea que o tema \u00e9 bastante complexo.<\/p>\n<p style=\"text-align: justify;\">A discuss\u00e3o que certamente chegar\u00e1 em breve ao STF, no entanto, n\u00e3o se restringe ao aborto em caso de risco ao beb\u00ea de morte determinado por m\u00e9dicos. H\u00e1 um grupo que prepara uma a\u00e7\u00e3o em que argumenta que a mulher n\u00e3o deve ser punida por uma falha das autoridades em controlar o mosquito transmissor da doen\u00e7a, Aedes Aegypti, o mesmo da dengue.<\/p>\n<p style=\"text-align: justify;\">\u00c9 evidente que o assunto \u00e9 pol\u00eamico e merece uma discuss\u00e3o muito s\u00e9ria e profunda. Melhor seria a prolifera\u00e7\u00e3o do combate ao mosquito transmissor do mal ao inv\u00e9s da ocorr\u00eancia crescente de autoriza\u00e7\u00f5es judiciais para os abortos em raz\u00e3o da doen\u00e7a.<\/p>\n","protected":false},"excerpt":{"rendered":"<p>A microcefalia \u00e9 uma doen\u00e7a em que a cabe\u00e7a e o c\u00e9rebro das crian\u00e7as s\u00e3o menores que o normal para a sua idade, o que prejudica o seu desenvolvimento mental, porque os ossos da cabe\u00e7a, que ao nascimento est\u00e3o separados, se unem muito cedo, impedindo que o c\u00e9rebro cres\u00e7a e desenvolva suas capacidades normalmente. As [&hellip;]<\/p>\n","protected":false},"author":23,"featured_media":41005,"comment_status":"closed","ping_status":"closed","sticky":false,"template":"","format":"standard","meta":{"footnotes":""},"categories":[29],"tags":[],"class_list":["post-41004","post","type-post","status-publish","format-standard","has-post-thumbnail","hentry","category-artigos"],"rttpg_featured_image_url":{"full":["https:\/\/goias.gov.br\/policiacivil\/wp-content\/uploads\/sites\/71\/2016\/02\/jesseir.jpg",620,413,false],"landscape":["https:\/\/goias.gov.br\/policiacivil\/wp-content\/uploads\/sites\/71\/2016\/02\/jesseir.jpg",620,413,false],"portraits":["https:\/\/goias.gov.br\/policiacivil\/wp-content\/uploads\/sites\/71\/2016\/02\/jesseir.jpg",620,413,false],"thumbnail":["https:\/\/goias.gov.br\/policiacivil\/wp-content\/uploads\/sites\/71\/2016\/02\/jesseir-150x150.jpg",150,150,true],"medium":["https:\/\/goias.gov.br\/policiacivil\/wp-content\/uploads\/sites\/71\/2016\/02\/jesseir-300x200.jpg",300,200,true],"large":["https:\/\/goias.gov.br\/policiacivil\/wp-content\/uploads\/sites\/71\/2016\/02\/jesseir-350x233.jpg",350,233,true],"1536x1536":["https:\/\/goias.gov.br\/policiacivil\/wp-content\/uploads\/sites\/71\/2016\/02\/jesseir.jpg",620,413,false],"2048x2048":["https:\/\/goias.gov.br\/policiacivil\/wp-content\/uploads\/sites\/71\/2016\/02\/jesseir.jpg",620,413,false]},"rttpg_author":{"display_name":"claudiacury","author_link":"https:\/\/goias.gov.br\/policiacivil\/author\/claudiacury\/"},"rttpg_comment":0,"rttpg_category":"<a href=\"https:\/\/goias.gov.br\/policiacivil\/categoria\/artigos\/\" rel=\"category tag\">Artigos<\/a>","rttpg_excerpt":"A microcefalia \u00e9 uma doen\u00e7a em que a cabe\u00e7a e o c\u00e9rebro das crian\u00e7as s\u00e3o menores que o normal para a sua idade, o que prejudica o seu desenvolvimento mental, porque os ossos da cabe\u00e7a, que ao nascimento est\u00e3o separados, se unem muito cedo, impedindo que o c\u00e9rebro cres\u00e7a e desenvolva suas capacidades normalmente. As&hellip;","_links":{"self":[{"href":"https:\/\/goias.gov.br\/policiacivil\/wp-json\/wp\/v2\/posts\/41004","targetHints":{"allow":["GET"]}}],"collection":[{"href":"https:\/\/goias.gov.br\/policiacivil\/wp-json\/wp\/v2\/posts"}],"about":[{"href":"https:\/\/goias.gov.br\/policiacivil\/wp-json\/wp\/v2\/types\/post"}],"author":[{"embeddable":true,"href":"https:\/\/goias.gov.br\/policiacivil\/wp-json\/wp\/v2\/users\/23"}],"replies":[{"embeddable":true,"href":"https:\/\/goias.gov.br\/policiacivil\/wp-json\/wp\/v2\/comments?post=41004"}],"version-history":[{"count":0,"href":"https:\/\/goias.gov.br\/policiacivil\/wp-json\/wp\/v2\/posts\/41004\/revisions"}],"wp:featuredmedia":[{"embeddable":true,"href":"https:\/\/goias.gov.br\/policiacivil\/wp-json\/wp\/v2\/media\/41005"}],"wp:attachment":[{"href":"https:\/\/goias.gov.br\/policiacivil\/wp-json\/wp\/v2\/media?parent=41004"}],"wp:term":[{"taxonomy":"category","embeddable":true,"href":"https:\/\/goias.gov.br\/policiacivil\/wp-json\/wp\/v2\/categories?post=41004"},{"taxonomy":"post_tag","embeddable":true,"href":"https:\/\/goias.gov.br\/policiacivil\/wp-json\/wp\/v2\/tags?post=41004"}],"curies":[{"name":"wp","href":"https:\/\/api.w.org\/{rel}","templated":true}]}}