

{"id":40311,"date":"2015-12-21T10:45:44","date_gmt":"2015-12-21T12:45:44","guid":{"rendered":"https:\/\/goias.gov.br\/policiacivil\/?p=40311"},"modified":"2015-12-21T10:46:15","modified_gmt":"2015-12-21T12:46:15","slug":"defensoria-publica-necessidade-urgente","status":"publish","type":"post","link":"https:\/\/goias.gov.br\/policiacivil\/defensoria-publica-necessidade-urgente\/","title":{"rendered":"Defensoria P\u00fablica: necessidade urgente"},"content":{"rendered":"<figure id=\"attachment_40312\" aria-describedby=\"caption-attachment-40312\" style=\"width: 195px\" class=\"wp-caption alignleft\"><a href=\" https:\/\/goias.gov.br\/policiacivil\/wp-content\/uploads\/sites\/71\/sites\/71\/2015\/12\/jesseir-21.jpg\"><img decoding=\"async\" class=\" wp-image-40312 \" alt=\"Jesseir Coelho de Alc\u00e2ntara, juiz de Direito e professor. \" src=\" https:\/\/goias.gov.br\/policiacivil\/wp-content\/uploads\/sites\/71\/sites\/71\/2015\/12\/jesseir-21-244x300.jpg\" width=\"195\" height=\"240\" srcset=\"https:\/\/goias.gov.br\/policiacivil\/wp-content\/uploads\/sites\/71\/2015\/12\/jesseir-21-244x300.jpg 244w, https:\/\/goias.gov.br\/policiacivil\/wp-content\/uploads\/sites\/71\/2015\/12\/jesseir-21-163x200.jpg 163w, https:\/\/goias.gov.br\/policiacivil\/wp-content\/uploads\/sites\/71\/2015\/12\/jesseir-21-324x400.jpg 324w, https:\/\/goias.gov.br\/policiacivil\/wp-content\/uploads\/sites\/71\/2015\/12\/jesseir-21-342x420.jpg 342w, https:\/\/goias.gov.br\/policiacivil\/wp-content\/uploads\/sites\/71\/2015\/12\/jesseir-21.jpg 620w\" sizes=\"(max-width: 195px) 100vw, 195px\" \/><\/a><figcaption id=\"caption-attachment-40312\" class=\"wp-caption-text\">Jesseir Coelho de Alc\u00e2ntara, juiz de Direito e professor.<\/figcaption><\/figure>\n<p style=\"text-align: justify;\">\u00c0 Defensoria P\u00fablica incumbe, em regra, prestar assist\u00eancia jur\u00eddica integral e gratuita \u00e0s pessoas que n\u00e3o podem pagar pelos servi\u00e7os de um advogado, sendo a defesa dos financeiramente hipossuficientes sua fun\u00e7\u00e3o t\u00edpica. O Defensor \u00e9 um agente pol\u00edtico de transforma\u00e7\u00e3o social. N\u00e3o integra a advocacia, p\u00fablica ou privada, e tem independ\u00eancia funcional no exerc\u00edcio de sua fun\u00e7\u00e3o.<\/p>\n<p style=\"text-align: justify;\">O Brasil \u00e9 o \u00fanico que deu tratamento constitucional ao direito de acesso dos insuficientes de recursos \u00e0 Justi\u00e7a, e a Defensoria P\u00fablica, com sua miss\u00e3o constitucional de garantir os princ\u00edpios constitucionais de acesso \u00e0 justi\u00e7a e igualdade entre as partes, e o direito \u00e0 efetiva\u00e7\u00e3o de direitos e liberdades fundamentais, &#8220;o direito de ter direitos,&#8221; desponta no cen\u00e1rio nacional e internacional como uma das mais relevantes institui\u00e7\u00f5es p\u00fablicas, essencialmente comprometida com a democracia, a igualdade e a constru\u00e7\u00e3o de uma sociedade mais justa e solid\u00e1ria.<\/p>\n<p style=\"text-align: justify;\">A nossa Constitui\u00e7\u00e3o Federal expressamente consagrou a Defensoria P\u00fablica como institui\u00e7\u00e3o indispens\u00e1vel \u00e0 fun\u00e7\u00e3o jurisdicional do Estado, incumbindo-lhe a orienta\u00e7\u00e3o jur\u00eddica e a defesa, em todos os graus, dos necessitados, na forma do art. 5\u00ba, LXXIV. Destarte, pode-se afirmar, sem medo de errar, que a Defensoria P\u00fablica \u00e9 o \u00fanico ve\u00edculo de acesso do pobre ao Poder Judici\u00e1rio.<\/p>\n<p style=\"text-align: justify;\">A falta de defensores p\u00fablicos inviabiliza o acesso de milhares de pessoas \u00e0 Justi\u00e7a. No Estado de Goi\u00e1s, a situa\u00e7\u00e3o da Defensoria P\u00fablica \u00e9 alarmante, pois apesar de dois concursos serem realizados a passos de tartaruga, o quadro \u00e9 insuficiente para atender a demanda. Os defensores que atuam atualmente fazem um esfor\u00e7o herc\u00faleo e desumano para atender a contento e se desdobram para darem conta do trabalho \u00e1rduo e massacrante. A constata\u00e7\u00e3o disso se verifica tamb\u00e9m na atua\u00e7\u00e3o das sess\u00f5es do Tribunal do J\u00fari da Comarca de Goi\u00e2nia em que ainda existe a necessidade de se nomear defensor dativo para alguns atos. \u00c9 um paliativo para o bom andamento dos trabalhos contando com a prestimosa ajuda de alguns advogados s\u00e9rios e comprometidos ante a in\u00e9rcia do poder p\u00fablico. O que se pleiteia \u00e9 a institui\u00e7\u00e3o de profissionais em n\u00famero minimamente suficiente para cumprir as obriga\u00e7\u00f5es constitucionais.O descaso do Estado com a institui\u00e7\u00e3o prejudica e muito o acesso das pessoas carentes \u00e0 justi\u00e7a. E pela Carta Magna todos s\u00e3o iguais perante a lei. Uma Defensoria P\u00fablica forte certamente representa maior efetiva\u00e7\u00e3o de direitos, principalmente \u00e0 popula\u00e7\u00e3o carente.<\/p>\n<p style=\"text-align: justify;\">Cabe destacar ainda que somente uma institui\u00e7\u00e3o devidamente aparelhada e com n\u00famero suficiente de defensores p\u00fablicos bem remunerados, compat\u00edvel com a dos demais \u00f3rg\u00e3os de modo que haja um real equil\u00edbrio de for\u00e7as entre o Estado-Acusador e o Estado-Defensor, isso \u00e2mbito criminal e sem considerar as outras \u00e1reas de atua\u00e7\u00e3o.<\/p>\n<p style=\"text-align: justify;\">A Defensoria P\u00fablica n\u00e3o pode ser criada capenga e s\u00f3 no papel. Urge que \u00e9 uma necessidade da sociedade, para ontem.<\/p>\n","protected":false},"excerpt":{"rendered":"<p>\u00c0 Defensoria P\u00fablica incumbe, em regra, prestar assist\u00eancia jur\u00eddica integral e gratuita \u00e0s pessoas que n\u00e3o podem pagar pelos servi\u00e7os de um advogado, sendo a defesa dos financeiramente hipossuficientes sua fun\u00e7\u00e3o t\u00edpica. O Defensor \u00e9 um agente pol\u00edtico de transforma\u00e7\u00e3o social. N\u00e3o integra a advocacia, p\u00fablica ou privada, e tem independ\u00eancia funcional no exerc\u00edcio de [&hellip;]<\/p>\n","protected":false},"author":23,"featured_media":40312,"comment_status":"closed","ping_status":"closed","sticky":false,"template":"","format":"standard","meta":{"footnotes":""},"categories":[29],"tags":[1831,4054,1139],"class_list":["post-40311","post","type-post","status-publish","format-standard","has-post-thumbnail","hentry","category-artigos","tag-artigo","tag-defensoria","tag-jesseir"],"rttpg_featured_image_url":{"full":["https:\/\/goias.gov.br\/policiacivil\/wp-content\/uploads\/sites\/71\/2015\/12\/jesseir-21.jpg",620,762,false],"landscape":["https:\/\/goias.gov.br\/policiacivil\/wp-content\/uploads\/sites\/71\/2015\/12\/jesseir-21.jpg",620,762,false],"portraits":["https:\/\/goias.gov.br\/policiacivil\/wp-content\/uploads\/sites\/71\/2015\/12\/jesseir-21.jpg",620,762,false],"thumbnail":["https:\/\/goias.gov.br\/policiacivil\/wp-content\/uploads\/sites\/71\/2015\/12\/jesseir-21-150x150.jpg",150,150,true],"medium":["https:\/\/goias.gov.br\/policiacivil\/wp-content\/uploads\/sites\/71\/2015\/12\/jesseir-21-244x300.jpg",244,300,true],"large":["https:\/\/goias.gov.br\/policiacivil\/wp-content\/uploads\/sites\/71\/2015\/12\/jesseir-21-244x300.jpg",244,300,true],"1536x1536":["https:\/\/goias.gov.br\/policiacivil\/wp-content\/uploads\/sites\/71\/2015\/12\/jesseir-21.jpg",620,762,false],"2048x2048":["https:\/\/goias.gov.br\/policiacivil\/wp-content\/uploads\/sites\/71\/2015\/12\/jesseir-21.jpg",620,762,false]},"rttpg_author":{"display_name":"claudiacury","author_link":"https:\/\/goias.gov.br\/policiacivil\/author\/claudiacury\/"},"rttpg_comment":0,"rttpg_category":"<a href=\"https:\/\/goias.gov.br\/policiacivil\/categoria\/artigos\/\" rel=\"category tag\">Artigos<\/a>","rttpg_excerpt":"\u00c0 Defensoria P\u00fablica incumbe, em regra, prestar assist\u00eancia jur\u00eddica integral e gratuita \u00e0s pessoas que n\u00e3o podem pagar pelos servi\u00e7os de um advogado, sendo a defesa dos financeiramente hipossuficientes sua fun\u00e7\u00e3o t\u00edpica. O Defensor \u00e9 um agente pol\u00edtico de transforma\u00e7\u00e3o social. N\u00e3o integra a advocacia, p\u00fablica ou privada, e tem independ\u00eancia funcional no exerc\u00edcio de&hellip;","_links":{"self":[{"href":"https:\/\/goias.gov.br\/policiacivil\/wp-json\/wp\/v2\/posts\/40311","targetHints":{"allow":["GET"]}}],"collection":[{"href":"https:\/\/goias.gov.br\/policiacivil\/wp-json\/wp\/v2\/posts"}],"about":[{"href":"https:\/\/goias.gov.br\/policiacivil\/wp-json\/wp\/v2\/types\/post"}],"author":[{"embeddable":true,"href":"https:\/\/goias.gov.br\/policiacivil\/wp-json\/wp\/v2\/users\/23"}],"replies":[{"embeddable":true,"href":"https:\/\/goias.gov.br\/policiacivil\/wp-json\/wp\/v2\/comments?post=40311"}],"version-history":[{"count":0,"href":"https:\/\/goias.gov.br\/policiacivil\/wp-json\/wp\/v2\/posts\/40311\/revisions"}],"wp:featuredmedia":[{"embeddable":true,"href":"https:\/\/goias.gov.br\/policiacivil\/wp-json\/wp\/v2\/media\/40312"}],"wp:attachment":[{"href":"https:\/\/goias.gov.br\/policiacivil\/wp-json\/wp\/v2\/media?parent=40311"}],"wp:term":[{"taxonomy":"category","embeddable":true,"href":"https:\/\/goias.gov.br\/policiacivil\/wp-json\/wp\/v2\/categories?post=40311"},{"taxonomy":"post_tag","embeddable":true,"href":"https:\/\/goias.gov.br\/policiacivil\/wp-json\/wp\/v2\/tags?post=40311"}],"curies":[{"name":"wp","href":"https:\/\/api.w.org\/{rel}","templated":true}]}}