

{"id":39705,"date":"2015-11-20T11:23:04","date_gmt":"2015-11-20T13:23:04","guid":{"rendered":"https:\/\/goias.gov.br\/policiacivil\/?p=39705"},"modified":"2015-11-20T11:23:16","modified_gmt":"2015-11-20T13:23:16","slug":"equipe-da-dih-e-elogiada-por-atuacao-eficiente","status":"publish","type":"post","link":"https:\/\/goias.gov.br\/policiacivil\/equipe-da-dih-e-elogiada-por-atuacao-eficiente\/","title":{"rendered":"Equipe da DIH \u00e9 elogiada por atua\u00e7\u00e3o e comprometimento"},"content":{"rendered":"<p><strong>De:<\/strong> Kelly Roberta<br \/>\n<strong>Email:<\/strong> krrcamargo@uol.com.br<br \/>\n<strong>Elogiado:<\/strong> Pol\u00edcia Civil do Estado de Goias<\/p>\n<p><strong>Elogio:<\/strong><br \/>\nVenho tamb\u00e9m textualizar, j\u00e1 que \u00e9 imposs\u00edvel materializar, os meus sinceros sentimentos de agradecimento e gratid\u00e3o diante da situa\u00e7\u00e3o do roubo mediante sequestro rel\u00e2mpago de minha m\u00e3e e dos meus filhos.\u00a0Foi imensamente doloroso e angustiante saber que meus filhos, bem como minha m\u00e3e, passaram por uma situa\u00e7\u00e3o t\u00e3o delicada e pavorosa. Contudo, tivemos a nossa sensa\u00e7\u00e3o de seguran\u00e7a resgatada pelo belo trabalho dessa equipe que se mostrou t\u00e3o disposta em resolver nossa causa.<br \/>\nResgatar o carro foi, sem sombra de d\u00favidas, de suma import\u00e2ncia para darmos continuidade \u00e0 nossa rotina sem grandes preju\u00edzos, mas o melhor de tudo, com certeza, foi ter essa sensa\u00e7\u00e3o resgatada.<br \/>\nAgrade\u00e7o ainda o excelente trabalho p\u00f3s resgate e apreens\u00e3o dos bandidos. Nos sentimos muito satisfeitos com o tratamento e aten\u00e7\u00e3o a n\u00f3s dispensados.<br \/>\nE n\u00e3o posso deixar de agradecer tamb\u00e9m pelo carinho e apoio que podemos perceber nitidamente pelo qual toda equipe tem pelo meu irm\u00e3o, \u00e9 muito bom saber que ele adquiriu mais uma fam\u00edlia, que lhe acolheu t\u00e3o bem.<\/p>\n<p>Renato Rick &#8211; DIH<br \/>\nDr. Paulo Ludovico &#8211; DIH<br \/>\nAdriano Sabbag &#8211; DIH<br \/>\nJhefferson Soares &#8211; DIH<br \/>\nRheilha Luiza &#8211; DIH<br \/>\nThiago Rodrigues &#8211; PMGO<br \/>\nRicardo &#8211; GOI<br \/>\nDr. Germano &#8211; DOT<br \/>\nBruno Garajau &#8211; 1DP<br \/>\nRoberto Povoa &#8211; DIH<br \/>\nEpitacio &#8211; DIH<br \/>\nWilton Juninho &#8211; DIH<br \/>\nRejanio &#8211; DIH<br \/>\nDr. Ricardo Chueire &#8211; 6DRP<br \/>\nNader &#8211; GOI<br \/>\nLuzia Lucia &#8211; DIH<br \/>\nAlexandre &#8211; DIH<br \/>\nLucio &#8211; 2DRP<br \/>\nEdivan &#8211; GOI<br \/>\nAline &#8211; DIH<br \/>\nDra. Carla &#8211; DIH<br \/>\nPl\u00ednio &#8211; DIH<br \/>\nCaio Jub\u00e9 &#8211; DIH<br \/>\nHenrique Daris &#8211; DIH<br \/>\nDiego &#8211; DIH<br \/>\nZ\u00e9 Carlos &#8211; DIH<br \/>\nDiorges &#8211; DIH<br \/>\nDr. Thiago Martimiano &#8211; DIH<br \/>\nLeandro &#8211; GOI<br \/>\nDra. Myrian Vidal &#8211; DIH<br \/>\nDr. Breynner &#8211; DRACO<br \/>\nMarcio Adriano &#8211; DIH<br \/>\nYara &#8211; DIH<br \/>\nSuzana &#8211; DIH<br \/>\nAndr\u00e9ia &#8211; DIH<\/p>\n<p>Que essa fam\u00edlia seja imensamente aben\u00e7oada e protegida para que possa dar a outras fam\u00edlias a mesma prote\u00e7\u00e3o e aten\u00e7\u00e3o que se fazem t\u00e3o necess\u00e1rias em momentos de desespero.<\/p>\n","protected":false},"excerpt":{"rendered":"<p>De: Kelly Roberta Email: krrcamargo@uol.com.br Elogiado: Pol\u00edcia Civil do Estado de Goias Elogio: Venho tamb\u00e9m textualizar, j\u00e1 que \u00e9 imposs\u00edvel materializar, os meus sinceros sentimentos de agradecimento e gratid\u00e3o diante da situa\u00e7\u00e3o do roubo mediante sequestro rel\u00e2mpago de minha m\u00e3e e dos meus filhos.\u00a0Foi imensamente doloroso e angustiante saber que meus filhos, bem como minha [&hellip;]<\/p>\n","protected":false},"author":23,"featured_media":0,"comment_status":"closed","ping_status":"closed","sticky":false,"template":"","format":"standard","meta":{"footnotes":""},"categories":[42],"tags":[],"class_list":["post-39705","post","type-post","status-publish","format-standard","hentry","category-elogios"],"rttpg_featured_image_url":null,"rttpg_author":{"display_name":"claudiacury","author_link":"https:\/\/goias.gov.br\/policiacivil\/author\/claudiacury\/"},"rttpg_comment":0,"rttpg_category":"<a href=\"https:\/\/goias.gov.br\/policiacivil\/categoria\/elogios\/\" rel=\"category tag\">Elogios<\/a>","rttpg_excerpt":"De: Kelly Roberta Email: krrcamargo@uol.com.br Elogiado: Pol\u00edcia Civil do Estado de Goias Elogio: Venho tamb\u00e9m textualizar, j\u00e1 que \u00e9 imposs\u00edvel materializar, os meus sinceros sentimentos de agradecimento e gratid\u00e3o diante da situa\u00e7\u00e3o do roubo mediante sequestro rel\u00e2mpago de minha m\u00e3e e dos meus filhos.\u00a0Foi imensamente doloroso e angustiante saber que meus filhos, bem como minha&hellip;","_links":{"self":[{"href":"https:\/\/goias.gov.br\/policiacivil\/wp-json\/wp\/v2\/posts\/39705","targetHints":{"allow":["GET"]}}],"collection":[{"href":"https:\/\/goias.gov.br\/policiacivil\/wp-json\/wp\/v2\/posts"}],"about":[{"href":"https:\/\/goias.gov.br\/policiacivil\/wp-json\/wp\/v2\/types\/post"}],"author":[{"embeddable":true,"href":"https:\/\/goias.gov.br\/policiacivil\/wp-json\/wp\/v2\/users\/23"}],"replies":[{"embeddable":true,"href":"https:\/\/goias.gov.br\/policiacivil\/wp-json\/wp\/v2\/comments?post=39705"}],"version-history":[{"count":0,"href":"https:\/\/goias.gov.br\/policiacivil\/wp-json\/wp\/v2\/posts\/39705\/revisions"}],"wp:attachment":[{"href":"https:\/\/goias.gov.br\/policiacivil\/wp-json\/wp\/v2\/media?parent=39705"}],"wp:term":[{"taxonomy":"category","embeddable":true,"href":"https:\/\/goias.gov.br\/policiacivil\/wp-json\/wp\/v2\/categories?post=39705"},{"taxonomy":"post_tag","embeddable":true,"href":"https:\/\/goias.gov.br\/policiacivil\/wp-json\/wp\/v2\/tags?post=39705"}],"curies":[{"name":"wp","href":"https:\/\/api.w.org\/{rel}","templated":true}]}}