

{"id":39241,"date":"2015-10-29T09:57:14","date_gmt":"2015-10-29T11:57:14","guid":{"rendered":"https:\/\/goias.gov.br\/policiacivil\/?p=39241"},"modified":"2015-10-29T09:57:14","modified_gmt":"2015-10-29T11:57:14","slug":"caop-de-anapolis-prende-foragido-acusado-de-homicidio-brutal","status":"publish","type":"post","link":"https:\/\/goias.gov.br\/policiacivil\/caop-de-anapolis-prende-foragido-acusado-de-homicidio-brutal\/","title":{"rendered":"CAOP de An\u00e1polis prende foragido acusado de homic\u00eddio brutal"},"content":{"rendered":"<figure id=\"attachment_39242\" aria-describedby=\"caption-attachment-39242\" style=\"width: 350px\" class=\"wp-caption alignleft\"><a href=\" https:\/\/goias.gov.br\/policiacivil\/wp-content\/uploads\/sites\/71\/sites\/71\/2015\/10\/marcilon.jpg\"><img fetchpriority=\"high\" decoding=\"async\" class=\"size-large wp-image-39242\" alt=\"marcilon\" src=\" https:\/\/goias.gov.br\/policiacivil\/wp-content\/uploads\/sites\/71\/sites\/71\/2015\/10\/marcilon-350x196.jpg\" width=\"350\" height=\"196\" srcset=\"https:\/\/goias.gov.br\/policiacivil\/wp-content\/uploads\/sites\/71\/2015\/10\/marcilon-350x196.jpg 350w, https:\/\/goias.gov.br\/policiacivil\/wp-content\/uploads\/sites\/71\/2015\/10\/marcilon-300x168.jpg 300w, https:\/\/goias.gov.br\/policiacivil\/wp-content\/uploads\/sites\/71\/2015\/10\/marcilon-390x220.jpg 390w, https:\/\/goias.gov.br\/policiacivil\/wp-content\/uploads\/sites\/71\/2015\/10\/marcilon-220x123.jpg 220w, https:\/\/goias.gov.br\/policiacivil\/wp-content\/uploads\/sites\/71\/2015\/10\/marcilon.jpg 620w\" sizes=\"(max-width: 350px) 100vw, 350px\" \/><\/a><figcaption id=\"caption-attachment-39242\" class=\"wp-caption-text\">Marcilon Cardoso de Almeida<\/figcaption><\/figure>\n<p style=\"text-align: justify;\">Policiais Civis do Grupo de Capturas e Apoio Operacional (CAOP) da cidade de An\u00e1polis, sob comando do delegado regional \u00c1lvaro Cassio dos Santos, prenderam, no dia 27 de outubro de 2015, o foragido Marcilon Cardoso de Almeida, de 32 anos, contra quem pesa Mandado de Pris\u00e3o Preventiva, expedido em 02 de setembro de 2015 pelo Poder Judici\u00e1rio de An\u00e1polis, pela pr\u00e1tica do crime de homic\u00eddio.<\/p>\n<p style=\"text-align: justify;\">Segundo o processo, Marcilon, que tamb\u00e9m tem passagens na pol\u00edcia por roubo e furto, e um comparsa s\u00e3o suspeitos de ter ceifado a vida da v\u00edtima M.R.S, fato ocorrido em novembro de 2103, no Setor Jandaia, em An\u00e1polis. Para consumar o homic\u00eddio os autores teriam atacado a v\u00edtima com golpes de tijolo na cabe\u00e7a e facadas nas costas. O preso foi levado para o Centro de Inser\u00e7\u00e3o Social de An\u00e1polis.<\/p>\n","protected":false},"excerpt":{"rendered":"<p>Para consumar o homic\u00eddio os autores teriam atacado a v\u00edtima com golpes de tijolo na cabe\u00e7a e facadas nas costas. <\/p>\n","protected":false},"author":23,"featured_media":39242,"comment_status":"closed","ping_status":"closed","sticky":false,"template":"","format":"standard","meta":{"footnotes":""},"categories":[3190,537],"tags":[801,31,447,661,736,23],"class_list":["post-39241","post","type-post","status-publish","format-standard","has-post-thumbnail","hentry","category-3a-regional","category-ultimo-segundo","tag-alvaro","tag-anapolis","tag-caop","tag-cassio","tag-foragido","tag-homicidio"],"rttpg_featured_image_url":{"full":["https:\/\/goias.gov.br\/policiacivil\/wp-content\/uploads\/sites\/71\/2015\/10\/marcilon.jpg",620,348,false],"landscape":["https:\/\/goias.gov.br\/policiacivil\/wp-content\/uploads\/sites\/71\/2015\/10\/marcilon.jpg",620,348,false],"portraits":["https:\/\/goias.gov.br\/policiacivil\/wp-content\/uploads\/sites\/71\/2015\/10\/marcilon.jpg",620,348,false],"thumbnail":["https:\/\/goias.gov.br\/policiacivil\/wp-content\/uploads\/sites\/71\/2015\/10\/marcilon-150x150.jpg",150,150,true],"medium":["https:\/\/goias.gov.br\/policiacivil\/wp-content\/uploads\/sites\/71\/2015\/10\/marcilon-300x168.jpg",300,168,true],"large":["https:\/\/goias.gov.br\/policiacivil\/wp-content\/uploads\/sites\/71\/2015\/10\/marcilon-350x196.jpg",350,196,true],"1536x1536":["https:\/\/goias.gov.br\/policiacivil\/wp-content\/uploads\/sites\/71\/2015\/10\/marcilon.jpg",620,348,false],"2048x2048":["https:\/\/goias.gov.br\/policiacivil\/wp-content\/uploads\/sites\/71\/2015\/10\/marcilon.jpg",620,348,false]},"rttpg_author":{"display_name":"claudiacury","author_link":"https:\/\/goias.gov.br\/policiacivil\/author\/claudiacury\/"},"rttpg_comment":0,"rttpg_category":"<a href=\"https:\/\/goias.gov.br\/policiacivil\/categoria\/drp\/3a-regional\/\" rel=\"category tag\">3\u00aa Regional<\/a> <a href=\"https:\/\/goias.gov.br\/policiacivil\/categoria\/ultimo-segundo\/\" rel=\"category tag\">\u00daltimo Segundo<\/a>","rttpg_excerpt":"Para consumar o homic\u00eddio os autores teriam atacado a v\u00edtima com golpes de tijolo na cabe\u00e7a e facadas nas costas.","_links":{"self":[{"href":"https:\/\/goias.gov.br\/policiacivil\/wp-json\/wp\/v2\/posts\/39241","targetHints":{"allow":["GET"]}}],"collection":[{"href":"https:\/\/goias.gov.br\/policiacivil\/wp-json\/wp\/v2\/posts"}],"about":[{"href":"https:\/\/goias.gov.br\/policiacivil\/wp-json\/wp\/v2\/types\/post"}],"author":[{"embeddable":true,"href":"https:\/\/goias.gov.br\/policiacivil\/wp-json\/wp\/v2\/users\/23"}],"replies":[{"embeddable":true,"href":"https:\/\/goias.gov.br\/policiacivil\/wp-json\/wp\/v2\/comments?post=39241"}],"version-history":[{"count":0,"href":"https:\/\/goias.gov.br\/policiacivil\/wp-json\/wp\/v2\/posts\/39241\/revisions"}],"wp:featuredmedia":[{"embeddable":true,"href":"https:\/\/goias.gov.br\/policiacivil\/wp-json\/wp\/v2\/media\/39242"}],"wp:attachment":[{"href":"https:\/\/goias.gov.br\/policiacivil\/wp-json\/wp\/v2\/media?parent=39241"}],"wp:term":[{"taxonomy":"category","embeddable":true,"href":"https:\/\/goias.gov.br\/policiacivil\/wp-json\/wp\/v2\/categories?post=39241"},{"taxonomy":"post_tag","embeddable":true,"href":"https:\/\/goias.gov.br\/policiacivil\/wp-json\/wp\/v2\/tags?post=39241"}],"curies":[{"name":"wp","href":"https:\/\/api.w.org\/{rel}","templated":true}]}}