

{"id":37797,"date":"2015-08-27T09:17:38","date_gmt":"2015-08-27T12:17:38","guid":{"rendered":"https:\/\/goias.gov.br\/policiacivil\/?p=37797"},"modified":"2015-08-27T09:44:26","modified_gmt":"2015-08-27T12:44:26","slug":"gih-prende-suspeito-de-homicidio-qualificado-em-luziania","status":"publish","type":"post","link":"https:\/\/goias.gov.br\/policiacivil\/gih-prende-suspeito-de-homicidio-qualificado-em-luziania\/","title":{"rendered":"GIH prende suspeito de homic\u00eddio qualificado em Luzi\u00e2nia"},"content":{"rendered":"<figure id=\"attachment_37798\" aria-describedby=\"caption-attachment-37798\" style=\"width: 286px\" class=\"wp-caption alignleft\"><a href=\" https:\/\/goias.gov.br\/policiacivil\/wp-content\/uploads\/sites\/71\/sites\/71\/2015\/08\/edimilson-jose.jpg\"><img fetchpriority=\"high\" decoding=\"async\" class=\"size-full wp-image-37798 \" alt=\"edimilson jos\u00e9\" src=\" https:\/\/goias.gov.br\/policiacivil\/wp-content\/uploads\/sites\/71\/sites\/71\/2015\/08\/edimilson-jose.jpg\" width=\"286\" height=\"321\" srcset=\"https:\/\/goias.gov.br\/policiacivil\/wp-content\/uploads\/sites\/71\/2015\/08\/edimilson-jose.jpg 286w, https:\/\/goias.gov.br\/policiacivil\/wp-content\/uploads\/sites\/71\/2015\/08\/edimilson-jose-267x300.jpg 267w, https:\/\/goias.gov.br\/policiacivil\/wp-content\/uploads\/sites\/71\/2015\/08\/edimilson-jose-178x200.jpg 178w\" sizes=\"(max-width: 286px) 100vw, 286px\" \/><\/a><figcaption id=\"caption-attachment-37798\" class=\"wp-caption-text\">Mois\u00e9s Gon\u00e7alves Barreto<\/figcaption><\/figure>\n<p style=\"text-align: justify;\">Policiais civis do Grupo de Investiga\u00e7\u00e3o de Homic\u00eddios (GIH) de Luzi\u00e2nia, sob o comando do delegado Eduardo Gomes, prenderam, no dia 25 de agosto de 2015, Mois\u00e9s Gon\u00e7alves Barreto, de 38 anos, em cumprimento a um Mandado de Pris\u00e3o Tempor\u00e1ria, no qual ele consta como suspeito pelo homic\u00eddio de Edmilson Jos\u00e9 Dos Santos, de 61 anos, fato\u00a0ocorrido no dia 23 de agosto de 2015, numa ch\u00e1cara pr\u00f3xima ao Distrito Agroindustrial, naquele munic\u00edpio.<\/p>\n<p style=\"text-align: justify;\">De acordo com as investiga\u00e7\u00f5es, Edmilson era caseiro de uma propriedade ao lado da ch\u00e1cara, onde Mois\u00e9s trabalhava. Edmilson teria ido at\u00e9 a casa de Mois\u00e9s, levar uma bebida alco\u00f3lica para ele, ocasi\u00e3o em que ambos discutiram e, por tal raz\u00e3o, Mois\u00e9s desferiu dois golpes de foice contra ele, o primeiro golpe teria acertado a nuca e o segundo o rosto da v\u00edtima. Logo ap\u00f3s o crime, o suspeito se evadiu do local.<\/p>\n","protected":false},"excerpt":{"rendered":"<p>Homem \u00e9 apontado como autor do homic\u00eddio de Edmilson Jos\u00e9 Dos Santos, de 61 anos.<\/p>\n","protected":false},"author":4,"featured_media":37798,"comment_status":"closed","ping_status":"closed","sticky":false,"template":"","format":"standard","meta":{"footnotes":""},"categories":[3192,537],"tags":[1380,1291,3338,23,950],"class_list":["post-37797","post","type-post","status-publish","format-standard","has-post-thumbnail","hentry","category-5a-regional","category-ultimo-segundo","tag-eduardo","tag-gih","tag-gomes","tag-homicidio","tag-luziania"],"rttpg_featured_image_url":{"full":["https:\/\/goias.gov.br\/policiacivil\/wp-content\/uploads\/sites\/71\/2015\/08\/edimilson-jose.jpg",286,321,false],"landscape":["https:\/\/goias.gov.br\/policiacivil\/wp-content\/uploads\/sites\/71\/2015\/08\/edimilson-jose.jpg",286,321,false],"portraits":["https:\/\/goias.gov.br\/policiacivil\/wp-content\/uploads\/sites\/71\/2015\/08\/edimilson-jose.jpg",286,321,false],"thumbnail":["https:\/\/goias.gov.br\/policiacivil\/wp-content\/uploads\/sites\/71\/2015\/08\/edimilson-jose-150x150.jpg",150,150,true],"medium":["https:\/\/goias.gov.br\/policiacivil\/wp-content\/uploads\/sites\/71\/2015\/08\/edimilson-jose-267x300.jpg",267,300,true],"large":["https:\/\/goias.gov.br\/policiacivil\/wp-content\/uploads\/sites\/71\/2015\/08\/edimilson-jose-267x300.jpg",267,300,true],"1536x1536":["https:\/\/goias.gov.br\/policiacivil\/wp-content\/uploads\/sites\/71\/2015\/08\/edimilson-jose.jpg",286,321,false],"2048x2048":["https:\/\/goias.gov.br\/policiacivil\/wp-content\/uploads\/sites\/71\/2015\/08\/edimilson-jose.jpg",286,321,false]},"rttpg_author":{"display_name":"","author_link":"https:\/\/goias.gov.br\/policiacivil\/author\/"},"rttpg_comment":0,"rttpg_category":"<a href=\"https:\/\/goias.gov.br\/policiacivil\/categoria\/drp\/5a-regional\/\" rel=\"category tag\">5\u00aa Regional<\/a> <a href=\"https:\/\/goias.gov.br\/policiacivil\/categoria\/ultimo-segundo\/\" rel=\"category tag\">\u00daltimo Segundo<\/a>","rttpg_excerpt":"Homem \u00e9 apontado como autor do homic\u00eddio de Edmilson Jos\u00e9 Dos Santos, de 61 anos.","_links":{"self":[{"href":"https:\/\/goias.gov.br\/policiacivil\/wp-json\/wp\/v2\/posts\/37797","targetHints":{"allow":["GET"]}}],"collection":[{"href":"https:\/\/goias.gov.br\/policiacivil\/wp-json\/wp\/v2\/posts"}],"about":[{"href":"https:\/\/goias.gov.br\/policiacivil\/wp-json\/wp\/v2\/types\/post"}],"author":[{"embeddable":true,"href":"https:\/\/goias.gov.br\/policiacivil\/wp-json\/wp\/v2\/users\/4"}],"replies":[{"embeddable":true,"href":"https:\/\/goias.gov.br\/policiacivil\/wp-json\/wp\/v2\/comments?post=37797"}],"version-history":[{"count":0,"href":"https:\/\/goias.gov.br\/policiacivil\/wp-json\/wp\/v2\/posts\/37797\/revisions"}],"wp:featuredmedia":[{"embeddable":true,"href":"https:\/\/goias.gov.br\/policiacivil\/wp-json\/wp\/v2\/media\/37798"}],"wp:attachment":[{"href":"https:\/\/goias.gov.br\/policiacivil\/wp-json\/wp\/v2\/media?parent=37797"}],"wp:term":[{"taxonomy":"category","embeddable":true,"href":"https:\/\/goias.gov.br\/policiacivil\/wp-json\/wp\/v2\/categories?post=37797"},{"taxonomy":"post_tag","embeddable":true,"href":"https:\/\/goias.gov.br\/policiacivil\/wp-json\/wp\/v2\/tags?post=37797"}],"curies":[{"name":"wp","href":"https:\/\/api.w.org\/{rel}","templated":true}]}}