

{"id":37336,"date":"2015-08-07T07:06:25","date_gmt":"2015-08-07T10:06:25","guid":{"rendered":"https:\/\/goias.gov.br\/policiacivil\/?p=37336"},"modified":"2015-08-07T07:07:09","modified_gmt":"2015-08-07T10:07:09","slug":"uso-criminoso-de-agrotoxicos","status":"publish","type":"post","link":"https:\/\/goias.gov.br\/policiacivil\/uso-criminoso-de-agrotoxicos\/","title":{"rendered":"Uso criminoso de agrot\u00f3xicos"},"content":{"rendered":"<figure id=\"attachment_37337\" aria-describedby=\"caption-attachment-37337\" style=\"width: 321px\" class=\"wp-caption alignleft\"><a href=\" https:\/\/goias.gov.br\/policiacivil\/wp-content\/uploads\/sites\/71\/sites\/71\/2015\/08\/juiz-jesseir-coelho-1.jpg\"><img fetchpriority=\"high\" decoding=\"async\" class=\" wp-image-37337    \" alt=\"Jesseir Coelho de Alc\u00e2natara\" src=\" https:\/\/goias.gov.br\/policiacivil\/wp-content\/uploads\/sites\/71\/sites\/71\/2015\/08\/juiz-jesseir-coelho-1.jpg\" width=\"321\" height=\"214\" srcset=\"https:\/\/goias.gov.br\/policiacivil\/wp-content\/uploads\/sites\/71\/2015\/08\/juiz-jesseir-coelho-1.jpg 620w, https:\/\/goias.gov.br\/policiacivil\/wp-content\/uploads\/sites\/71\/2015\/08\/juiz-jesseir-coelho-1-300x199.jpg 300w, https:\/\/goias.gov.br\/policiacivil\/wp-content\/uploads\/sites\/71\/2015\/08\/juiz-jesseir-coelho-1-350x233.jpg 350w, https:\/\/goias.gov.br\/policiacivil\/wp-content\/uploads\/sites\/71\/2015\/08\/juiz-jesseir-coelho-1-220x146.jpg 220w\" sizes=\"(max-width: 321px) 100vw, 321px\" \/><\/a><figcaption id=\"caption-attachment-37337\" class=\"wp-caption-text\">Jesseir Coelho de Alc\u00e2natara<\/figcaption><\/figure>\n<p style=\"text-align: justify;\"><em><strong>\u00a0\u00a0\u00a0\u00a0 Uso criminoso de agrot\u00f3xicos \u00a0\u00a0\u00a0\u00a0\u00a0\u00a0\u00a0\u00a0\u00a0\u00a0 <\/strong><\/em><\/p>\n<p style=\"text-align: justify;\"><em><strong>O uso indiscriminado de agrot\u00f3xico merece um alerta especial, haja vista a necessidade da preserva\u00e7\u00e3o ambiental, de alimenta\u00e7\u00e3o saud\u00e1vel e embalagens apropriadas. As propaga\u00e7\u00f5es ocorrem pelo ar, pelo alimento e pela \u00e1gua. A decorr\u00eancia direta \u00e9 o n\u00famero de v\u00edtimas fatais, que chegam a quatro mil por ano, fora os casos ocultos.\u00a0\u00a0\u00a0\u00a0 <\/strong><\/em><\/p>\n<p style=\"text-align: justify;\"><em><strong>O brasileiro ingere um gal\u00e3o de cinco litros de veneno por ano pelo uso criminoso de agrot\u00f3xico, segundo o Instituto Nacional do C\u00e2ncer. Desde 2008, o Brasil ocupa o primeiro lugar no ranking mundial de consumo de agrot\u00f3xicos. O uso dessas subst\u00e2ncias est\u00e1 altamente associado \u00e0 incid\u00eancia de doen\u00e7as como o c\u00e2ncer e outras gen\u00e9ticas. Em Goi\u00e1s, a alta ocorr\u00eancia de g\u00eameos siameses levantam a hip\u00f3tese de contamina\u00e7\u00e3o por defensivos agr\u00edcolas nos meios rurais.\u00a0\u00a0\u00a0\u00a0\u00a0\u00a0\u00a0\u00a0 <\/strong><\/em><\/p>\n<p style=\"text-align: justify;\"><em><strong>O uso de agrot\u00f3xicos proibidos pode causar grandes danos nas planta\u00e7\u00f5es, mas um outro problema tamb\u00e9m tem prejudicado as lavouras. Agricultores que utilizam produtos liberados pelo governo, mas aplicam em lavouras erradas, tamb\u00e9m provocam danos. Segundo a Associa\u00e7\u00e3o das Empresas Nacionais de Defensivos Gen\u00e9ricos, o uso inadequado acontece porque n\u00e3o existem produtos registrados para todas as culturas. Quando o agrot\u00f3xico tem pouca demanda, o processo de registro custa caro demais para as empresas, que acabam desistindo. O produtor precisa recorrer a outros defensivos.<br \/>\n<\/strong><\/em><\/p>\n<p style=\"text-align: justify;\"><em><strong>Falta fiscaliza\u00e7\u00e3o do meio ambiente e conscientiza\u00e7\u00e3o da sociedade. O resultado disso \u00e9 tr\u00e1gico. Al\u00e9m disso, o ato \u00e9 considerado criminoso. Dispondo a Lei n\u00ba 9.605\/98 \u201csobre as san\u00e7\u00f5es penais e administrativas derivadas de condutas e atividades lesivas ao meio ambiente\u201d, surgiu a preocupa\u00e7\u00e3o de saber se aquele diploma revogou completamente a legisla\u00e7\u00e3o anterior que cuida da disciplina penal dos agrot\u00f3xicos.\u00a0 <\/strong><\/em><\/p>\n<p style=\"text-align: justify;\"><em><strong>Vladimir e Gilberto Passos de Freitas (Crimes Contra a Natureza, S\u00e3o Paulo: Editora RT, pp. 188\/189) observam que, \u201cmuito embora a reda\u00e7\u00e3o desse tipo penal se assemelhe \u00e0 do art. 15 da Lei n\u00ba 7.802\/89, nele n\u00e3o h\u00e1 qualquer men\u00e7\u00e3o expressa a agrot\u00f3xicos, seus componentes e afins. Ora, a conclus\u00e3o a que se chega \u00e9 de que o art. 15 da Lei n\u00ba 7.802\/89 foi preservado. E tanto \u00e9 verdade que a Lei n\u00ba 9.605\/98 n\u00e3o faz qualquer men\u00e7\u00e3o, expl\u00edcita ou impl\u00edcita, ao outro crime da Lei n\u00ba 7.802\/89, ou seja, \u00e0 conduta prevista no art. 16 para aqueles que deixam de promover medidas necess\u00e1rias \u00e0 prote\u00e7\u00e3o da sa\u00fade ou do meio ambiente.<\/strong><\/em><\/p>\n<p style=\"text-align: justify;\"><em><strong>\u00a0N\u00e3o ser\u00e1 demais lembrar que a Lei n\u00ba 7.802\/89 \u00e9 especial, pois cuida apenas de agrot\u00f3xicos, e, por isso, n\u00e3o pode ser considerada revogada pelo art. 56 da Lei n\u00ba 9.605\/98, regra geral. Continuam, pois, em vigor os dois tipos penais da lei de agrot\u00f3xicos (arts. 15 e 16), tratando o dispositivo ora em exame de outros produtos ou subst\u00e2ncias t\u00f3xicas diversas\u201d. Pena: reclus\u00e3o de dois a quatro anos, al\u00e9m de multa.<\/strong><\/em><\/p>\n<p style=\"text-align: justify;\"><em><strong>Uso indiscriminado de agrot\u00f3xicos provoca impactos e esses produtos afetam o meio ambiente, a sa\u00fade humana e dos bichos. A contamina\u00e7\u00e3o \u00e9 crime e merece puni\u00e7\u00e3o.<\/strong><\/em><\/p>\n<p style=\"text-align: justify;\"><em><strong>\u00a0\u00a0\u00a0\u00a0\u00a0\u00a0\u00a0\u00a0\u00a0\u00a0\u00a0\u00a0\u00a0\u00a0\u00a0\u00a0\u00a0\u00a0\u00a0\u00a0\u00a0\u00a0\u00a0 Jesseir Coelho de Alc\u00e2ntara \u00e9 Juiz de Direito e professor<\/strong><\/em><\/p>\n<p style=\"text-align: justify;\"><em><strong>\u00a0<\/strong><\/em><\/p>\n","protected":false},"excerpt":{"rendered":"<p>  Jesseir Coelho de Alc\u00e2ntara \u00e9 Juiz de Direito<\/p>\n","protected":false},"author":4,"featured_media":37337,"comment_status":"closed","ping_status":"closed","sticky":false,"template":"","format":"standard","meta":{"footnotes":""},"categories":[29],"tags":[3860,3862,3861,1139],"class_list":["post-37336","post","type-post","status-publish","format-standard","has-post-thumbnail","hentry","category-artigos","tag-agrotoxicos","tag-ambiental","tag-cancer","tag-jesseir"],"rttpg_featured_image_url":{"full":["https:\/\/goias.gov.br\/policiacivil\/wp-content\/uploads\/sites\/71\/2015\/08\/juiz-jesseir-coelho-1.jpg",620,412,false],"landscape":["https:\/\/goias.gov.br\/policiacivil\/wp-content\/uploads\/sites\/71\/2015\/08\/juiz-jesseir-coelho-1.jpg",620,412,false],"portraits":["https:\/\/goias.gov.br\/policiacivil\/wp-content\/uploads\/sites\/71\/2015\/08\/juiz-jesseir-coelho-1.jpg",620,412,false],"thumbnail":["https:\/\/goias.gov.br\/policiacivil\/wp-content\/uploads\/sites\/71\/2015\/08\/juiz-jesseir-coelho-1-150x150.jpg",150,150,true],"medium":["https:\/\/goias.gov.br\/policiacivil\/wp-content\/uploads\/sites\/71\/2015\/08\/juiz-jesseir-coelho-1-300x199.jpg",300,199,true],"large":["https:\/\/goias.gov.br\/policiacivil\/wp-content\/uploads\/sites\/71\/2015\/08\/juiz-jesseir-coelho-1-350x233.jpg",350,233,true],"1536x1536":["https:\/\/goias.gov.br\/policiacivil\/wp-content\/uploads\/sites\/71\/2015\/08\/juiz-jesseir-coelho-1.jpg",620,412,false],"2048x2048":["https:\/\/goias.gov.br\/policiacivil\/wp-content\/uploads\/sites\/71\/2015\/08\/juiz-jesseir-coelho-1.jpg",620,412,false]},"rttpg_author":{"display_name":"","author_link":"https:\/\/goias.gov.br\/policiacivil\/author\/"},"rttpg_comment":0,"rttpg_category":"<a href=\"https:\/\/goias.gov.br\/policiacivil\/categoria\/artigos\/\" rel=\"category tag\">Artigos<\/a>","rttpg_excerpt":"Jesseir Coelho de Alc\u00e2ntara \u00e9 Juiz de Direito","_links":{"self":[{"href":"https:\/\/goias.gov.br\/policiacivil\/wp-json\/wp\/v2\/posts\/37336","targetHints":{"allow":["GET"]}}],"collection":[{"href":"https:\/\/goias.gov.br\/policiacivil\/wp-json\/wp\/v2\/posts"}],"about":[{"href":"https:\/\/goias.gov.br\/policiacivil\/wp-json\/wp\/v2\/types\/post"}],"author":[{"embeddable":true,"href":"https:\/\/goias.gov.br\/policiacivil\/wp-json\/wp\/v2\/users\/4"}],"replies":[{"embeddable":true,"href":"https:\/\/goias.gov.br\/policiacivil\/wp-json\/wp\/v2\/comments?post=37336"}],"version-history":[{"count":0,"href":"https:\/\/goias.gov.br\/policiacivil\/wp-json\/wp\/v2\/posts\/37336\/revisions"}],"wp:featuredmedia":[{"embeddable":true,"href":"https:\/\/goias.gov.br\/policiacivil\/wp-json\/wp\/v2\/media\/37337"}],"wp:attachment":[{"href":"https:\/\/goias.gov.br\/policiacivil\/wp-json\/wp\/v2\/media?parent=37336"}],"wp:term":[{"taxonomy":"category","embeddable":true,"href":"https:\/\/goias.gov.br\/policiacivil\/wp-json\/wp\/v2\/categories?post=37336"},{"taxonomy":"post_tag","embeddable":true,"href":"https:\/\/goias.gov.br\/policiacivil\/wp-json\/wp\/v2\/tags?post=37336"}],"curies":[{"name":"wp","href":"https:\/\/api.w.org\/{rel}","templated":true}]}}