

{"id":37097,"date":"2015-07-22T14:37:54","date_gmt":"2015-07-22T17:37:54","guid":{"rendered":"https:\/\/goias.gov.br\/policiacivil\/?p=37097"},"modified":"2015-07-22T14:38:38","modified_gmt":"2015-07-22T17:38:38","slug":"presidios-escolas-de-crime","status":"publish","type":"post","link":"https:\/\/goias.gov.br\/policiacivil\/presidios-escolas-de-crime\/","title":{"rendered":"Pres\u00eddios: Escolas de crime"},"content":{"rendered":"<figure id=\"attachment_37098\" aria-describedby=\"caption-attachment-37098\" style=\"width: 318px\" class=\"wp-caption alignleft\"><a href=\" https:\/\/goias.gov.br\/policiacivil\/wp-content\/uploads\/sites\/71\/sites\/71\/2015\/07\/jesseir-2.jpg\"><img fetchpriority=\"high\" decoding=\"async\" class=\" wp-image-37098   \" alt=\"Jesseir Coelho de Alc\u00e2ntara\" src=\" https:\/\/goias.gov.br\/policiacivil\/wp-content\/uploads\/sites\/71\/sites\/71\/2015\/07\/jesseir-2.jpg\" width=\"318\" height=\"390\" srcset=\"https:\/\/goias.gov.br\/policiacivil\/wp-content\/uploads\/sites\/71\/2015\/07\/jesseir-2.jpg 620w, https:\/\/goias.gov.br\/policiacivil\/wp-content\/uploads\/sites\/71\/2015\/07\/jesseir-2-244x300.jpg 244w, https:\/\/goias.gov.br\/policiacivil\/wp-content\/uploads\/sites\/71\/2015\/07\/jesseir-2-163x200.jpg 163w, https:\/\/goias.gov.br\/policiacivil\/wp-content\/uploads\/sites\/71\/2015\/07\/jesseir-2-342x420.jpg 342w\" sizes=\"(max-width: 318px) 100vw, 318px\" \/><\/a><figcaption id=\"caption-attachment-37098\" class=\"wp-caption-text\">Jesseir Coelho de Alc\u00e2ntara<\/figcaption><\/figure>\n<p>Pres\u00eddios: Escolas de crime<\/p>\n<p style=\"text-align: justify;\">A afirma\u00e7\u00e3o acima \u00e9 do Ministro da Justi\u00e7a, Jos\u00e9 Eduardo Cardozo, quando falou sobre a maioridade penal no Brasil. Ele apontou que boa parte da viol\u00eancia \u00e9 comandada de dentro das penitenci\u00e1rias. A trag\u00e9dia \u00e9 total. Diz: \u201cSabemos que, hoje, nosso sistema prisional gera unidades que s\u00e3o verdadeiras escolas de crime.<\/p>\n<p style=\"text-align: justify;\">Dentro delas, atuam organiza\u00e7\u00f5es criminosas que comandam a viol\u00eancia fora\u201d. Ele j\u00e1 afirmara anteriormente que prefere a morte a uma longa pena no sistema prisional brasileiro, porque as condi\u00e7\u00f5es nos pres\u00eddios nacionais s\u00e3o medievais.<\/p>\n<p style=\"text-align: justify;\">\u00a0O Ministro da Secretaria de Direitos Humanos da Presid\u00eancia da Rep\u00fablica, Pepe Vargas, foi taxativo na mesma esteira: \u201cSabemos que, no sistema prisional de adultos, as fac\u00e7\u00f5es criminais est\u00e3o organizadas. N\u00e3o resta op\u00e7\u00e3o ao jovem a n\u00e3o ser aliar a essas fac\u00e7\u00f5es\u201d. Ora, se os l\u00edderes da Na\u00e7\u00e3o dizem isso, o que esperar do sistema carcer\u00e1rio?<\/p>\n<p style=\"text-align: justify;\">Pesquisa de VEJA comprova que os bandidos no Brasil saem da cadeia muito mais perigosos do que quando entraram: o estelionat\u00e1rio vira traficante; o contrabandista, sequestrador; e o ladr\u00e3o, assassino&#8230;Se cadeia resolvesse, o Brasil seria exemplar. Do jeito que as cadeias brasileiras est\u00e3o \u2013 lotadas, sem controle do poder p\u00fablico e entregues ao dom\u00ednio do crime organizado \u2013, n\u00e3o resta d\u00favida, dali ningu\u00e9m sai melhor, s\u00f3 pior. Pres\u00eddio \u00e9 um ambiente crimin\u00f3geno e h\u00e1 uma morte a cada dois dias.<\/p>\n<p style=\"text-align: justify;\">\u00c9 o caos penitenci\u00e1rio. As cadeias brasileiras s\u00e3o medievais e pocilgas asquerosas que matam, a vida l\u00e1 \u00e9 um inferno, a situa\u00e7\u00e3o \u00e9 um absurdo, mas o risco de morrer fora delas \u00e9 maior. Haja viol\u00eancia!<\/p>\n<p style=\"text-align: justify;\">O problema \u00e9 que aqui o sistema \u00e9 um sumidouro de verbas. Entre pres\u00eddios e unidades socioeducativas, em 2013 foram gastos 4,9 bilh\u00f5es de reais, segundo o \u00faltimo Anu\u00e1rio Brasileiro de Seguran\u00e7a P\u00fablica. A despesa m\u00e9dia com cada preso situa-se entre 2,5 mil e 3 mil reais por m\u00eas (valor aproximado do investimento anual com alunos da rede p\u00fablica).<\/p>\n<p style=\"text-align: justify;\">Com verbas p\u00fablicas saindo pelo ralo e sendo desperdi\u00e7adas, aquilo que a Lei de Execu\u00e7\u00e3o Penal fala em ressocializa\u00e7\u00e3o do preso torna-se utopia e verdadeira piada. Uma das cr\u00edticas dos especialistas \u00e9 exatamente essa, de que falta uma maior participa\u00e7\u00e3o da Uni\u00e3o na elabora\u00e7\u00e3o de programas conjuntos. O assunto \u00e9 deixado fora da pauta eleitoral ou, quando muito, abordado superficialmente. Por isso tamb\u00e9m que nossos pres\u00eddios s\u00e3o escolas de criminalidade.<\/p>\n<p style=\"text-align: justify;\">Pres\u00eddios com crescente delitos em seu interior e, como consequ\u00eancia, universidades criminais. Criminosos delinquentes perambulando soltos pelas nossas ruas e avenidas e invadindo nossas casas em triste doutorado crimin\u00f3geno. Da\u00ed adv\u00e9m a indaga\u00e7\u00e3o e resposta: qual a melhor escola do crime? Sem d\u00favida, a impunidade.<\/p>\n<p>\u00a0\u00a0\u00a0\u00a0\u00a0\u00a0\u00a0\u00a0\u00a0\u00a0\u00a0\u00a0\u00a0\u00a0\u00a0\u00a0\u00a0\u00a0\u00a0\u00a0\u00a0\u00a0\u00a0 \u00a0 \u00a0 \u00a0 \u00a0 \u00a0 \u00a0 \u00a0 \u00a0 \u00a0 \u00a0 \u00a0 \u00a0 \u00a0 \u00a0 \u00a0 \u00a0 \u00a0 \u00a0\u00a0 Jesseir Coelho de Alc\u00e2ntara \u00e9 Juiz de Direito e Professor<\/p>\n<p>&nbsp;<\/p>\n<p>&nbsp;<\/p>\n","protected":false},"excerpt":{"rendered":"<p>     Jesseir Coelho de Alc\u00e2ntara \u00e9 Juiz de Direito<\/p>\n","protected":false},"author":4,"featured_media":37098,"comment_status":"closed","ping_status":"closed","sticky":false,"template":"","format":"standard","meta":{"footnotes":""},"categories":[29],"tags":[193,978,1139,1330],"class_list":["post-37097","post","type-post","status-publish","format-standard","has-post-thumbnail","hentry","category-artigos","tag-crime","tag-escola","tag-jesseir","tag-maioridade"],"rttpg_featured_image_url":{"full":["https:\/\/goias.gov.br\/policiacivil\/wp-content\/uploads\/sites\/71\/2015\/07\/jesseir-2.jpg",620,762,false],"landscape":["https:\/\/goias.gov.br\/policiacivil\/wp-content\/uploads\/sites\/71\/2015\/07\/jesseir-2.jpg",620,762,false],"portraits":["https:\/\/goias.gov.br\/policiacivil\/wp-content\/uploads\/sites\/71\/2015\/07\/jesseir-2.jpg",620,762,false],"thumbnail":["https:\/\/goias.gov.br\/policiacivil\/wp-content\/uploads\/sites\/71\/2015\/07\/jesseir-2-150x150.jpg",150,150,true],"medium":["https:\/\/goias.gov.br\/policiacivil\/wp-content\/uploads\/sites\/71\/2015\/07\/jesseir-2-244x300.jpg",244,300,true],"large":["https:\/\/goias.gov.br\/policiacivil\/wp-content\/uploads\/sites\/71\/2015\/07\/jesseir-2-244x300.jpg",244,300,true],"1536x1536":["https:\/\/goias.gov.br\/policiacivil\/wp-content\/uploads\/sites\/71\/2015\/07\/jesseir-2.jpg",620,762,false],"2048x2048":["https:\/\/goias.gov.br\/policiacivil\/wp-content\/uploads\/sites\/71\/2015\/07\/jesseir-2.jpg",620,762,false]},"rttpg_author":{"display_name":"","author_link":"https:\/\/goias.gov.br\/policiacivil\/author\/"},"rttpg_comment":0,"rttpg_category":"<a href=\"https:\/\/goias.gov.br\/policiacivil\/categoria\/artigos\/\" rel=\"category tag\">Artigos<\/a>","rttpg_excerpt":"Jesseir Coelho de Alc\u00e2ntara \u00e9 Juiz de Direito","_links":{"self":[{"href":"https:\/\/goias.gov.br\/policiacivil\/wp-json\/wp\/v2\/posts\/37097","targetHints":{"allow":["GET"]}}],"collection":[{"href":"https:\/\/goias.gov.br\/policiacivil\/wp-json\/wp\/v2\/posts"}],"about":[{"href":"https:\/\/goias.gov.br\/policiacivil\/wp-json\/wp\/v2\/types\/post"}],"author":[{"embeddable":true,"href":"https:\/\/goias.gov.br\/policiacivil\/wp-json\/wp\/v2\/users\/4"}],"replies":[{"embeddable":true,"href":"https:\/\/goias.gov.br\/policiacivil\/wp-json\/wp\/v2\/comments?post=37097"}],"version-history":[{"count":0,"href":"https:\/\/goias.gov.br\/policiacivil\/wp-json\/wp\/v2\/posts\/37097\/revisions"}],"wp:featuredmedia":[{"embeddable":true,"href":"https:\/\/goias.gov.br\/policiacivil\/wp-json\/wp\/v2\/media\/37098"}],"wp:attachment":[{"href":"https:\/\/goias.gov.br\/policiacivil\/wp-json\/wp\/v2\/media?parent=37097"}],"wp:term":[{"taxonomy":"category","embeddable":true,"href":"https:\/\/goias.gov.br\/policiacivil\/wp-json\/wp\/v2\/categories?post=37097"},{"taxonomy":"post_tag","embeddable":true,"href":"https:\/\/goias.gov.br\/policiacivil\/wp-json\/wp\/v2\/tags?post=37097"}],"curies":[{"name":"wp","href":"https:\/\/api.w.org\/{rel}","templated":true}]}}