

{"id":36415,"date":"2015-06-18T13:57:52","date_gmt":"2015-06-18T16:57:52","guid":{"rendered":"https:\/\/goias.gov.br\/policiacivil\/?p=36415"},"modified":"2015-06-18T13:57:52","modified_gmt":"2015-06-18T16:57:52","slug":"300-anos-de-condenacao-vale-nada","status":"publish","type":"post","link":"https:\/\/goias.gov.br\/policiacivil\/300-anos-de-condenacao-vale-nada\/","title":{"rendered":"300 anos de condena\u00e7\u00e3o: Vale nada"},"content":{"rendered":"<figure id=\"attachment_36416\" aria-describedby=\"caption-attachment-36416\" style=\"width: 320px\" class=\"wp-caption alignleft\"><a href=\" https:\/\/goias.gov.br\/policiacivil\/wp-content\/uploads\/sites\/71\/sites\/71\/2015\/06\/jesseir-3.jpg\"><img fetchpriority=\"high\" decoding=\"async\" class=\" wp-image-36416 \" alt=\"Jesseir Coelho de Alc\u00e2ntara\" src=\" https:\/\/goias.gov.br\/policiacivil\/wp-content\/uploads\/sites\/71\/sites\/71\/2015\/06\/jesseir-3.jpg\" width=\"320\" height=\"320\" srcset=\"https:\/\/goias.gov.br\/policiacivil\/wp-content\/uploads\/sites\/71\/2015\/06\/jesseir-3.jpg 400w, https:\/\/goias.gov.br\/policiacivil\/wp-content\/uploads\/sites\/71\/2015\/06\/jesseir-3-300x300.jpg 300w, https:\/\/goias.gov.br\/policiacivil\/wp-content\/uploads\/sites\/71\/2015\/06\/jesseir-3-150x150.jpg 150w, https:\/\/goias.gov.br\/policiacivil\/wp-content\/uploads\/sites\/71\/2015\/06\/jesseir-3-200x200.jpg 200w\" sizes=\"(max-width: 320px) 100vw, 320px\" \/><\/a><figcaption id=\"caption-attachment-36416\" class=\"wp-caption-text\">Jesseir Coelho de Alc\u00e2ntara<\/figcaption><\/figure>\n<p>300 anos de condena\u00e7\u00e3o: Vale nada<\/p>\n<p style=\"text-align: justify;\">Quando no processo penal acontecer de um acusado ser condenado por v\u00e1rios crimes cometidos e somadas todas as penas aplicadas no chamado concurso material e seu total chegar a 300 anos de condena\u00e7\u00e3o, no Brasil equivale a dizer que n\u00e3o vale nada. O artigo 75 do C\u00f3digo Penal estipula que o tempo m\u00e1ximo de cumprimento de pena privativa de liberdade no Brasil \u00e9 mesmo de 30 anos.<\/p>\n<p style=\"text-align: justify;\">Significa que, encarcerado, o sujeito que cumpre pena n\u00e3o pode ultrapassar esse limite. Para isso, as penas s\u00e3o unificadas, ou seja, as penas definitivas, por um ou mais crimes, s\u00e3o todas \u201cencolhidas\u201d at\u00e9 se chegar a esse limite no momento da execu\u00e7\u00e3o da pena. Em s\u00edntese: Havendo mais de uma pena elas ser\u00e3o somadas, sem, contudo, ultrapassar o limite de 30 anos, e o que exceder este marco \u00e9 desprezado de modo a evitar a possibilidade de pris\u00e3o perp\u00e9tua, constitucionalmente vedada.<\/p>\n<p style=\"text-align: justify;\">\u00c9 evidente que a somat\u00f3ria de 300 anos de condena\u00e7\u00e3o, por exemplo, serve somente para se chegar ao patamar de 30 anos (limite m\u00e1ximo) na quest\u00e3o da progress\u00e3o do regime de cumprimento da pena.\u00a0 O artigo 112 da Lei de Execu\u00e7\u00e3o Penal aponta 1\/6 da pena como regra geral para a progress\u00e3o, enquanto a Lei de Crimes Hediondos, alterada pela Lei 11.464\/2007, disp\u00f5e em 2\/5 e 3\/5. Assim, em 300 anos de condena\u00e7\u00e3o, como marco inicial, a progress\u00e3o dar-se-ia em mais de 30 anos, seja 1\/6, 2\/5 ou 3\/5, por\u00e9m como n\u00e3o pode perpassar o limite, em tese significa que o condenado n\u00e3o teria progress\u00e3o.<\/p>\n<p style=\"text-align: justify;\">E por que 30 anos? \u00c9 meio que um pensamento m\u00e1gico. Poderia ser mais ou menos, mas o legislador precisava determinar um n\u00famero, e escolheu por bem 30 anos, pois na d\u00e9cada de 40, quando o C\u00f3digo Penal entrou em vig\u00eancia, a expectativa de vida era de menos de 43 anos. Hoje ela \u00e9 o dobro. H\u00e1 uma tend\u00eancia no Congresso Nacional para aumentar para 40 anos.<\/p>\n<p style=\"text-align: justify;\">Da\u00ed adv\u00e9m o questionamento: para que, ent\u00e3o, condenar mais vezes um agente pelos outros delitos por ele cometidos quando o limite m\u00e1ximo j\u00e1 foi alcan\u00e7ado pela lei? O que vai resolver ou adiantar? Muitos entendem que perdeu o objeto para o Estado o direito de punir. Outros, por sua vez, pregam que as v\u00edtimas e seus familiares precisam de uma resposta do Estado na puni\u00e7\u00e3o dos culpados e que as condena\u00e7\u00f5es podem servir de base para uma responsabilidade c\u00edvel.<\/p>\n<p style=\"text-align: justify;\">De acordo com o doutrinador Frederico Marques, o direito de punir \u00e9 \u201co direito que tem o Estado de aplicar a pena cominada no preceito secund\u00e1rio da norma penal incriminadora, contra quem praticou a a\u00e7\u00e3o ou omiss\u00e3o descrita no preceito prim\u00e1rio causando um dano ou les\u00e3o jur\u00eddica, de maneira reprov\u00e1vel\u201d (Elementos de Direito Processual Penal, vol. I, p. 3).<\/p>\n<p style=\"text-align: justify;\">Conclui-se que, 300, 500 ou 1.000 anos de condena\u00e7\u00e3o a um acusado, n\u00e3o vale nada. Ali\u00e1s, vale somente 30 anos. Brasil, meu Brasil brasileiro&#8230;<\/p>\n<p style=\"text-align: justify;\">\n<p style=\"text-align: justify;\">Jesseir Coelho de Alc\u00e2ntara \u00e9 Juiz de Direito e Professor<\/p>\n","protected":false},"excerpt":{"rendered":"<p>Jesseir Coelho de Alc\u00e2ntara \u00e9 Juiz de Direito <\/p>\n","protected":false},"author":4,"featured_media":36416,"comment_status":"closed","ping_status":"closed","sticky":false,"template":"","format":"standard","meta":{"footnotes":""},"categories":[29],"tags":[1355,1139,3800,3799],"class_list":["post-36415","post","type-post","status-publish","format-standard","has-post-thumbnail","hentry","category-artigos","tag-condenacao","tag-jesseir","tag-liberdade","tag-penas"],"rttpg_featured_image_url":{"full":["https:\/\/goias.gov.br\/policiacivil\/wp-content\/uploads\/sites\/71\/2015\/06\/jesseir-3.jpg",400,400,false],"landscape":["https:\/\/goias.gov.br\/policiacivil\/wp-content\/uploads\/sites\/71\/2015\/06\/jesseir-3.jpg",400,400,false],"portraits":["https:\/\/goias.gov.br\/policiacivil\/wp-content\/uploads\/sites\/71\/2015\/06\/jesseir-3.jpg",400,400,false],"thumbnail":["https:\/\/goias.gov.br\/policiacivil\/wp-content\/uploads\/sites\/71\/2015\/06\/jesseir-3-150x150.jpg",150,150,true],"medium":["https:\/\/goias.gov.br\/policiacivil\/wp-content\/uploads\/sites\/71\/2015\/06\/jesseir-3-300x300.jpg",300,300,true],"large":["https:\/\/goias.gov.br\/policiacivil\/wp-content\/uploads\/sites\/71\/2015\/06\/jesseir-3-300x300.jpg",300,300,true],"1536x1536":["https:\/\/goias.gov.br\/policiacivil\/wp-content\/uploads\/sites\/71\/2015\/06\/jesseir-3.jpg",400,400,false],"2048x2048":["https:\/\/goias.gov.br\/policiacivil\/wp-content\/uploads\/sites\/71\/2015\/06\/jesseir-3.jpg",400,400,false]},"rttpg_author":{"display_name":"","author_link":"https:\/\/goias.gov.br\/policiacivil\/author\/"},"rttpg_comment":0,"rttpg_category":"<a href=\"https:\/\/goias.gov.br\/policiacivil\/categoria\/artigos\/\" rel=\"category tag\">Artigos<\/a>","rttpg_excerpt":"Jesseir Coelho de Alc\u00e2ntara \u00e9 Juiz de Direito","_links":{"self":[{"href":"https:\/\/goias.gov.br\/policiacivil\/wp-json\/wp\/v2\/posts\/36415","targetHints":{"allow":["GET"]}}],"collection":[{"href":"https:\/\/goias.gov.br\/policiacivil\/wp-json\/wp\/v2\/posts"}],"about":[{"href":"https:\/\/goias.gov.br\/policiacivil\/wp-json\/wp\/v2\/types\/post"}],"author":[{"embeddable":true,"href":"https:\/\/goias.gov.br\/policiacivil\/wp-json\/wp\/v2\/users\/4"}],"replies":[{"embeddable":true,"href":"https:\/\/goias.gov.br\/policiacivil\/wp-json\/wp\/v2\/comments?post=36415"}],"version-history":[{"count":0,"href":"https:\/\/goias.gov.br\/policiacivil\/wp-json\/wp\/v2\/posts\/36415\/revisions"}],"wp:featuredmedia":[{"embeddable":true,"href":"https:\/\/goias.gov.br\/policiacivil\/wp-json\/wp\/v2\/media\/36416"}],"wp:attachment":[{"href":"https:\/\/goias.gov.br\/policiacivil\/wp-json\/wp\/v2\/media?parent=36415"}],"wp:term":[{"taxonomy":"category","embeddable":true,"href":"https:\/\/goias.gov.br\/policiacivil\/wp-json\/wp\/v2\/categories?post=36415"},{"taxonomy":"post_tag","embeddable":true,"href":"https:\/\/goias.gov.br\/policiacivil\/wp-json\/wp\/v2\/tags?post=36415"}],"curies":[{"name":"wp","href":"https:\/\/api.w.org\/{rel}","templated":true}]}}