

{"id":35776,"date":"2015-05-18T09:03:43","date_gmt":"2015-05-18T12:03:43","guid":{"rendered":"https:\/\/goias.gov.br\/policiacivil\/?p=35776"},"modified":"2015-05-18T13:56:13","modified_gmt":"2015-05-18T16:56:13","slug":"policia-investiga-morte-de-recem-nascida-dentro-de-casa-em-goiatuba","status":"publish","type":"post","link":"https:\/\/goias.gov.br\/policiacivil\/policia-investiga-morte-de-recem-nascida-dentro-de-casa-em-goiatuba\/","title":{"rendered":"Pol\u00edcia Civil investiga morte de rec\u00e9m-nascida dentro de casa em Goiatuba"},"content":{"rendered":"<figure id=\"attachment_35777\" aria-describedby=\"caption-attachment-35777\" style=\"width: 347px\" class=\"wp-caption alignright\"><a href=\" https:\/\/goias.gov.br\/policiacivil\/wp-content\/uploads\/sites\/71\/sites\/71\/2015\/05\/delegado-gustavo.jpg\"><img fetchpriority=\"high\" decoding=\"async\" class=\"wp-image-35777 \" alt=\"delegado gustavo\" src=\" https:\/\/goias.gov.br\/policiacivil\/wp-content\/uploads\/sites\/71\/sites\/71\/2015\/05\/delegado-gustavo.jpg\" width=\"347\" height=\"252\" srcset=\"https:\/\/goias.gov.br\/policiacivil\/wp-content\/uploads\/sites\/71\/2015\/05\/delegado-gustavo.jpg 620w, https:\/\/goias.gov.br\/policiacivil\/wp-content\/uploads\/sites\/71\/2015\/05\/delegado-gustavo-300x218.jpg 300w, https:\/\/goias.gov.br\/policiacivil\/wp-content\/uploads\/sites\/71\/2015\/05\/delegado-gustavo-350x254.jpg 350w, https:\/\/goias.gov.br\/policiacivil\/wp-content\/uploads\/sites\/71\/2015\/05\/delegado-gustavo-220x160.jpg 220w, https:\/\/goias.gov.br\/policiacivil\/wp-content\/uploads\/sites\/71\/2015\/05\/delegado-gustavo-324x235.jpg 324w, https:\/\/goias.gov.br\/policiacivil\/wp-content\/uploads\/sites\/71\/2015\/05\/delegado-gustavo-579x420.jpg 579w\" sizes=\"(max-width: 347px) 100vw, 347px\" \/><\/a><figcaption id=\"caption-attachment-35777\" class=\"wp-caption-text\">Delegado Gustavo Pereira<\/figcaption><\/figure>\n<p style=\"text-align: justify;\">A Pol\u00edcia Civil investiga a morte de uma rec\u00e9m-nascida, com 17 dias de vida, na casa dos pais, em Goiatuba, no sul goiano. Em depoimento na delegacia, a m\u00e3e revelou que dormiu enquanto amamentava e, ao acordar, a filha j\u00e1 estava morta.<\/p>\n<p style=\"text-align: justify;\">O pai da menina chegou a acionar o Corpo de Bombeiros, mas quando a equipe chegou a crian\u00e7a j\u00e1 estava morta, na quarta-feira (12). \u201cNossa guarni\u00e7\u00e3o, assim que chegou ao local, se deparou com a crian\u00e7a nos bra\u00e7os da tia, na porta da resid\u00eancia, verificamos os sinais vitais e n\u00e3o constatamos os mesmos e encaminhados a mesma ao hospital\u201d, disse o bombeiro Vin\u00edcius Grat\u00e3o Dalu.<\/p>\n<p style=\"text-align: justify;\">No hospital, os m\u00e9dicos notificaram o \u00f3bito e acionaram a pol\u00edcia, como \u00e9 de praxe. Diretora da unidade de sa\u00fade, Solange Guimar\u00e3es informou que apenas o Instituto M\u00e9dico Legal vai apontar a causa da morte.<\/p>\n<p style=\"text-align: justify;\">Respons\u00e1vel pelo caso, o delegado Gustavo Ferreira suspeita que a beb\u00ea se engasgou com o leite ou foi asfixiada pelo peso do corpo da m\u00e3e, que estava na mesma cama que a menina. \u201cA Pol\u00edcia Civil de Goiatuba instalou o inqu\u00e9rito policial para apurar o eventual crime de homic\u00eddio culposo pela neglig\u00eancia da m\u00e3e em n\u00e3o ter o dever de cuidado para com o filho\u201d, afirma.<\/p>\n<p style=\"text-align: justify;\">Ferreira vai colher depoimentos ao longo desta semana. \u201cVamos inquirir m\u00e3e, pai, av\u00f3 materna, que morava no local, a enfermeira que recebeu o caso para a gente poder finalizar esse inqu\u00e9rito\u201d, disse o delegado.<\/p>\n<p style=\"text-align: justify;\">Caso a m\u00e3e seja condenada por homic\u00eddio culposo, quando n\u00e3o h\u00e1 a inten\u00e7\u00e3o de matar, ela pode ser condenada a tr\u00eas anos de pris\u00e3o. No entanto, segundo o delegado, neste caso pode ser aplicado o perd\u00e3o judicial, pois as consequ\u00eancias da perda da filha podem anular a puni\u00e7\u00e3o da m\u00e3e.<\/p>\n<p style=\"text-align: justify;\"><span style=\"color: #ff0000;\">Texto: G1<\/span><br \/>\n<span style=\"color: #ff0000;\">Foto: Reprodu\u00e7\u00e3o\/TV Anhanguera<\/span><\/p>\n","protected":false},"excerpt":{"rendered":"<p>O delegado Gustavo Ferreira suspeita que a beb\u00ea se engasgou com o leite ou foi asfixiada pelo peso do corpo da m\u00e3e.<\/p>\n","protected":false},"author":4,"featured_media":35777,"comment_status":"closed","ping_status":"closed","sticky":false,"template":"","format":"standard","meta":{"footnotes":""},"categories":[3193,537],"tags":[3630,1741,102,2482,3710],"class_list":["post-35776","post","type-post","status-publish","format-standard","has-post-thumbnail","hentry","category-6a-regional","category-ultimo-segundo","tag-asfixia","tag-bebe","tag-goiatuba","tag-gustavo","tag-pereira"],"rttpg_featured_image_url":{"full":["https:\/\/goias.gov.br\/policiacivil\/wp-content\/uploads\/sites\/71\/2015\/05\/delegado-gustavo.jpg",620,450,false],"landscape":["https:\/\/goias.gov.br\/policiacivil\/wp-content\/uploads\/sites\/71\/2015\/05\/delegado-gustavo.jpg",620,450,false],"portraits":["https:\/\/goias.gov.br\/policiacivil\/wp-content\/uploads\/sites\/71\/2015\/05\/delegado-gustavo.jpg",620,450,false],"thumbnail":["https:\/\/goias.gov.br\/policiacivil\/wp-content\/uploads\/sites\/71\/2015\/05\/delegado-gustavo-150x150.jpg",150,150,true],"medium":["https:\/\/goias.gov.br\/policiacivil\/wp-content\/uploads\/sites\/71\/2015\/05\/delegado-gustavo-300x218.jpg",300,218,true],"large":["https:\/\/goias.gov.br\/policiacivil\/wp-content\/uploads\/sites\/71\/2015\/05\/delegado-gustavo-350x254.jpg",350,254,true],"1536x1536":["https:\/\/goias.gov.br\/policiacivil\/wp-content\/uploads\/sites\/71\/2015\/05\/delegado-gustavo.jpg",620,450,false],"2048x2048":["https:\/\/goias.gov.br\/policiacivil\/wp-content\/uploads\/sites\/71\/2015\/05\/delegado-gustavo.jpg",620,450,false]},"rttpg_author":{"display_name":"","author_link":"https:\/\/goias.gov.br\/policiacivil\/author\/"},"rttpg_comment":0,"rttpg_category":"<a href=\"https:\/\/goias.gov.br\/policiacivil\/categoria\/drp\/6a-regional\/\" rel=\"category tag\">6\u00aa Regional<\/a> <a href=\"https:\/\/goias.gov.br\/policiacivil\/categoria\/ultimo-segundo\/\" rel=\"category tag\">\u00daltimo Segundo<\/a>","rttpg_excerpt":"O delegado Gustavo Ferreira suspeita que a beb\u00ea se engasgou com o leite ou foi asfixiada pelo peso do corpo da m\u00e3e.","_links":{"self":[{"href":"https:\/\/goias.gov.br\/policiacivil\/wp-json\/wp\/v2\/posts\/35776","targetHints":{"allow":["GET"]}}],"collection":[{"href":"https:\/\/goias.gov.br\/policiacivil\/wp-json\/wp\/v2\/posts"}],"about":[{"href":"https:\/\/goias.gov.br\/policiacivil\/wp-json\/wp\/v2\/types\/post"}],"author":[{"embeddable":true,"href":"https:\/\/goias.gov.br\/policiacivil\/wp-json\/wp\/v2\/users\/4"}],"replies":[{"embeddable":true,"href":"https:\/\/goias.gov.br\/policiacivil\/wp-json\/wp\/v2\/comments?post=35776"}],"version-history":[{"count":0,"href":"https:\/\/goias.gov.br\/policiacivil\/wp-json\/wp\/v2\/posts\/35776\/revisions"}],"wp:featuredmedia":[{"embeddable":true,"href":"https:\/\/goias.gov.br\/policiacivil\/wp-json\/wp\/v2\/media\/35777"}],"wp:attachment":[{"href":"https:\/\/goias.gov.br\/policiacivil\/wp-json\/wp\/v2\/media?parent=35776"}],"wp:term":[{"taxonomy":"category","embeddable":true,"href":"https:\/\/goias.gov.br\/policiacivil\/wp-json\/wp\/v2\/categories?post=35776"},{"taxonomy":"post_tag","embeddable":true,"href":"https:\/\/goias.gov.br\/policiacivil\/wp-json\/wp\/v2\/tags?post=35776"}],"curies":[{"name":"wp","href":"https:\/\/api.w.org\/{rel}","templated":true}]}}