

{"id":34615,"date":"2015-04-14T07:45:53","date_gmt":"2015-04-14T10:45:53","guid":{"rendered":"https:\/\/goias.gov.br\/policiacivil\/?p=34615"},"modified":"2015-04-17T09:25:01","modified_gmt":"2015-04-17T12:25:01","slug":"policia-civil-apreende-jovem-que-abusava-de-cinco-irmaos-menores-em-piracanjuba-pior-com-a-condescendencia-dos-pais","status":"publish","type":"post","link":"https:\/\/goias.gov.br\/policiacivil\/policia-civil-apreende-jovem-que-abusava-de-cinco-irmaos-menores-em-piracanjuba-pior-com-a-condescendencia-dos-pais\/","title":{"rendered":"Pol\u00edcia Civil apreende jovem que abusava dos cinco irm\u00e3os menores em Piracanjuba"},"content":{"rendered":"<figure id=\"attachment_34616\" aria-describedby=\"caption-attachment-34616\" style=\"width: 397px\" class=\"wp-caption alignleft\"><a href=\" https:\/\/goias.gov.br\/policiacivil\/wp-content\/uploads\/sites\/71\/sites\/71\/2015\/04\/piracanjuba.jpg\"><img fetchpriority=\"high\" decoding=\"async\" class=\" wp-image-34616  \" alt=\"Pais do menor apreendido tamb\u00e9m foram autuados pelo favorecimento ao crime\" src=\" https:\/\/goias.gov.br\/policiacivil\/wp-content\/uploads\/sites\/71\/sites\/71\/2015\/04\/piracanjuba.jpg\" width=\"397\" height=\"262\" srcset=\"https:\/\/goias.gov.br\/policiacivil\/wp-content\/uploads\/sites\/71\/2015\/04\/piracanjuba.jpg 620w, https:\/\/goias.gov.br\/policiacivil\/wp-content\/uploads\/sites\/71\/2015\/04\/piracanjuba-300x198.jpg 300w, https:\/\/goias.gov.br\/policiacivil\/wp-content\/uploads\/sites\/71\/2015\/04\/piracanjuba-350x231.jpg 350w, https:\/\/goias.gov.br\/policiacivil\/wp-content\/uploads\/sites\/71\/2015\/04\/piracanjuba-220x145.jpg 220w\" sizes=\"(max-width: 397px) 100vw, 397px\" \/><\/a><figcaption id=\"caption-attachment-34616\" class=\"wp-caption-text\">Pais do autor tamb\u00e9m foram autuados pelo favorecimento ao crime<\/figcaption><\/figure>\n<p><strong><em>Irm\u00e3o mais velho confessou<\/em><\/strong><br \/>\n<strong><em> autoria dos estupros para<\/em><\/strong><br \/>\n<strong><em> delegado e n\u00e3o teria<\/em><\/strong><br \/>\n<strong><em> expressado remorso<\/em><\/strong><\/p>\n<p style=\"text-align: justify;\">Um lavrador de 60 anos e uma dom\u00e9stica de 33 anos foram presos em flagrante e o filho mais velho dela, de 17 anos, com passagem por ato infracional an\u00e1logo a tr\u00e1fico de drogas, protagonizaram uma hist\u00f3ria de viol\u00eancia extrema e de omiss\u00e3o na guarda dos filhos menores, com idades entre 5 anos e 12 anos. Durante mais de 10 anos, os filhos da mulher teriam sido abusados sexualmente e torturados em uma rela\u00e7\u00e3o incestuosa praticada pelo adolescente com o conhecimento de ambos, fatos que teriam ocorrido na casa da fam\u00edlia em Piracanjuba, a 87 quil\u00f4metros de Goi\u00e2nia.<\/p>\n<p style=\"text-align: justify;\">Ontem \u00e0 tarde a m\u00e3e do suspeito e das cinco v\u00edtimas conversou com a reportagem. Ela afirma que n\u00e3o sabia dos abusos e que os filhos nunca reclamaram de nada. Ela relata que s\u00f3 foi informada dos atos h\u00e1 cerca de 15 dias, quando a Pol\u00edcia Civil (PC) j\u00e1 investigava o caso e solicitou exames em todas as crian\u00e7as. Mesmo assim ela disse n\u00e3o ter comunicado o fato \u00e0 pol\u00edcia porque uma mulher a teria orientado a esperar. O delegado que cuida do caso, Vicente de Paulo Silva e Oliveira, entende que houve omiss\u00e3o e que ela n\u00e3o avisou por ser conivente com o crime. A mulher citada pela m\u00e3e n\u00e3o existiria.<\/p>\n<figure id=\"attachment_34635\" aria-describedby=\"caption-attachment-34635\" style=\"width: 257px\" class=\"wp-caption alignright\"><a href=\" https:\/\/goias.gov.br\/policiacivil\/wp-content\/uploads\/sites\/71\/sites\/71\/2015\/04\/delegado-vicente.jpg\"><img decoding=\"async\" class=\" wp-image-34635 \" alt=\"delegado vicente\" src=\" https:\/\/goias.gov.br\/policiacivil\/wp-content\/uploads\/sites\/71\/sites\/71\/2015\/04\/delegado-vicente.jpg\" width=\"257\" height=\"293\" srcset=\"https:\/\/goias.gov.br\/policiacivil\/wp-content\/uploads\/sites\/71\/2015\/04\/delegado-vicente.jpg 620w, https:\/\/goias.gov.br\/policiacivil\/wp-content\/uploads\/sites\/71\/2015\/04\/delegado-vicente-175x200.jpg 175w, https:\/\/goias.gov.br\/policiacivil\/wp-content\/uploads\/sites\/71\/2015\/04\/delegado-vicente-263x300.jpg 263w, https:\/\/goias.gov.br\/policiacivil\/wp-content\/uploads\/sites\/71\/2015\/04\/delegado-vicente-60x68.jpg 60w\" sizes=\"(max-width: 257px) 100vw, 257px\" \/><\/a><figcaption id=\"caption-attachment-34635\" class=\"wp-caption-text\">Delegado Vicente de Paulo<\/figcaption><\/figure>\n<p style=\"text-align: justify;\">Depois de negar saber dos abusos praticados pelo filho, a m\u00e3e disse que um vizinho conhecido pelo apelido de \u201cBaiano\u201d tamb\u00e9m teria abusado de seus filhos. Esse fato ser\u00e1 investigado pela pol\u00edcia. Mas o delegado diz n\u00e3o ter d\u00favida do crime ocorrido dentro da resid\u00eancia em um bairro humilde, formado por casas cedidas pela prefeitura.<\/p>\n<p style=\"text-align: justify;\">O adolescente foi autuado em flagrante por ato infracional an\u00e1logo ao crime de estupro de vulner\u00e1vel em concurso material. Os pais foram autuados em flagrante por estupro de vulner\u00e1vel na modalidade omissiva impr\u00f3pria, podendo ser condenados a mais de 30 anos de reclus\u00e3o. O casal e o adolescente foram autuados em flagrante na sexta-feira depois de 15 dias de investiga\u00e7\u00f5es da Pol\u00edcia Civil.<\/p>\n<p style=\"text-align: justify;\">\u00a0\u00a0\u00a0\u00a0\u00a0\u00a0\u00a0\u00a0\u00a0\u00a0\u00a0\u00a0\u00a0\u00a0\u00a0\u00a0\u00a0\u00a0\u00a0\u00a0\u00a0\u00a0\u00a0\u00a0\u00a0\u00a0\u00a0\u00a0\u00a0\u00a0\u00a0\u00a0\u00a0\u00a0\u00a0\u00a0\u00a0\u00a0\u00a0\u00a0\u00a0\u00a0\u00a0\u00a0\u00a0\u00a0\u00a0\u00a0\u00a0\u00a0\u00a0\u00a0\u00a0\u00a0\u00a0\u00a0\u00a0\u00a0\u00a0\u00a0 Abusos<\/p>\n<p style=\"text-align: justify;\">As crian\u00e7as de 5, 7, 10 e 12 anos, al\u00e9m de uma adolescente de 14 anos eram v\u00edtimas de abusos sexuais e torturas diariamente, assim que chegavam da escola no fim da tarde. Os pais sa\u00edam de casa para que os crimes acontecessem, conforme informa\u00e7\u00f5es da Pol\u00edcia Civil. O primeiro caso teria acontecido em 2004, quando o autor tinha apenas 4 anos. \u201cAs torturas e abusos continuaram at\u00e9 que a primeira v\u00edtima cresceu e as outras foram nascendo. Eram penetra\u00e7\u00f5es anais, fela\u00e7\u00e3o e outras formas de abuso sexual\u201d, contou o delegado.<\/p>\n<p style=\"text-align: justify;\">Das v\u00edtimas, apenas uma das crian\u00e7as \u00e9 menina e era estuprada sempre no quarto dos pais. Ela tem 5 anos. \u201cEles fingiam que nada ocorria, mesmo depois de avisados por um m\u00e9dico legista, nada fizeram para impedir.\u201d<\/p>\n<p style=\"text-align: justify;\">O delegado ouviu autor e v\u00edtimas por mais de dez horas na madrugada de s\u00e1bado e o irm\u00e3o mais velho confessou os estupros. Oliveira disse ter percebido que o adolescente n\u00e3o expressou arrependimento ou remorso. As crian\u00e7as est\u00e3o abrigadas em uma casa de apoio \u00e0 espera da orienta\u00e7\u00e3o judicial.<\/p>\n<p>\u00a0\u00a0\u00a0\u00a0\u00a0\u00a0\u00a0\u00a0\u00a0\u00a0\u00a0\u00a0\u00a0\u00a0\u00a0\u00a0\u00a0\u00a0\u00a0\u00a0\u00a0\u00a0\u00a0\u00a0\u00a0\u00a0\u00a0\u00a0\u00a0\u00a0\u00a0\u00a0\u00a0\u00a0\u00a0\u00a0\u00a0\u00a0\u00a0 \u201cNenhum nunca me contou nada\u201d<\/p>\n<p style=\"text-align: justify;\">A m\u00e3e do autor e das cinco v\u00edtimas do abuso conversou com a reportagem do POPULAR. Usando um vestido estampado e de chinelos, ela se sentou, com as m\u00e3os algemadas e falou pouco. Demonstrou preocupa\u00e7\u00e3o ao falar do marido e do filho, que tamb\u00e9m est\u00e3o presos. S\u00f3 mencionou os filhos que foram v\u00edtimas dos abusos depois de questionada.<\/p>\n<p style=\"text-align: justify;\">Voc\u00ea sabia que o seu filho mais velho praticava esses atos contra os demais?<br \/>\nN\u00e3o. Nunca soube. Nenhum deles nunca me contou nada.<\/p>\n<p style=\"text-align: justify;\">Voc\u00ea nunca desconfiou que eles pudessem estar sendo abusados ou amea\u00e7ados?<br \/>\nNunca imaginei.<\/p>\n<p style=\"text-align: justify;\">Quando soube, o que fez?<br \/>\nN\u00e3o fiz nada. Uma mulher me disse para n\u00e3o fazer nada. Procurei um advogado, mas ele disse que n\u00e3o trabalhavam com essa \u00e1rea.<\/p>\n<p style=\"text-align: justify;\">Qual \u00e9 a sua maior preocupa\u00e7\u00e3o agora?<br \/>\nMeu marido, que est\u00e1 preso e n\u00e3o tem nada a ver com essa hist\u00f3ria.<\/p>\n<p style=\"text-align: justify;\">Ent\u00e3o, quem tem responsabilidade nessa hist\u00f3ria?<br \/>\n(Sil\u00eancio)<\/p>\n<p style=\"text-align: justify;\">Qual \u00e9 a sua segunda maior preocupa\u00e7\u00e3o?<br \/>\nMeu filho, que est\u00e1 preso. Temo por ele. Tenho medo que judiem dele aqui na cadeia.<\/p>\n<p style=\"text-align: justify;\">E seus outros filhos? Qual \u00e9 a sua preocupa\u00e7\u00e3o em rela\u00e7\u00e3o a eles?<br \/>\nTamb\u00e9m me preocupo com eles. Fiquei sabendo que est\u00e3o bem.<\/p>\n<p style=\"text-align: justify;\">Fonte: G1 \/ GO<br \/>\nFoto: Ricardo Rafael<\/p>\n","protected":false},"excerpt":{"rendered":"<p>Irm\u00e3o mais velho confessou autoria dos estupros para delegado e n\u00e3o teria expressado remorso Um lavrador de 60 anos e uma dom\u00e9stica de 33 anos foram presos em flagrante e o filho mais velho dela, de 17 anos, com passagem por ato infracional an\u00e1logo a tr\u00e1fico de drogas, protagonizaram uma hist\u00f3ria de viol\u00eancia extrema e [&hellip;]<\/p>\n","protected":false},"author":4,"featured_media":34616,"comment_status":"closed","ping_status":"closed","sticky":false,"template":"","format":"standard","meta":{"footnotes":""},"categories":[3193,3],"tags":[275,3706,734,520],"class_list":["post-34615","post","type-post","status-publish","format-standard","has-post-thumbnail","hentry","category-6a-regional","category-noticias","tag-estupro","tag-lavrador","tag-piracanjuba","tag-vicente"],"rttpg_featured_image_url":{"full":["https:\/\/goias.gov.br\/policiacivil\/wp-content\/uploads\/sites\/71\/2015\/04\/piracanjuba.jpg",620,409,false],"landscape":["https:\/\/goias.gov.br\/policiacivil\/wp-content\/uploads\/sites\/71\/2015\/04\/piracanjuba.jpg",620,409,false],"portraits":["https:\/\/goias.gov.br\/policiacivil\/wp-content\/uploads\/sites\/71\/2015\/04\/piracanjuba.jpg",620,409,false],"thumbnail":["https:\/\/goias.gov.br\/policiacivil\/wp-content\/uploads\/sites\/71\/2015\/04\/piracanjuba-150x150.jpg",150,150,true],"medium":["https:\/\/goias.gov.br\/policiacivil\/wp-content\/uploads\/sites\/71\/2015\/04\/piracanjuba-300x198.jpg",300,198,true],"large":["https:\/\/goias.gov.br\/policiacivil\/wp-content\/uploads\/sites\/71\/2015\/04\/piracanjuba-350x231.jpg",350,231,true],"1536x1536":["https:\/\/goias.gov.br\/policiacivil\/wp-content\/uploads\/sites\/71\/2015\/04\/piracanjuba.jpg",620,409,false],"2048x2048":["https:\/\/goias.gov.br\/policiacivil\/wp-content\/uploads\/sites\/71\/2015\/04\/piracanjuba.jpg",620,409,false]},"rttpg_author":{"display_name":"","author_link":"https:\/\/goias.gov.br\/policiacivil\/author\/"},"rttpg_comment":0,"rttpg_category":"<a href=\"https:\/\/goias.gov.br\/policiacivil\/categoria\/drp\/6a-regional\/\" rel=\"category tag\">6\u00aa Regional<\/a> <a href=\"https:\/\/goias.gov.br\/policiacivil\/categoria\/noticias\/\" rel=\"category tag\">Not\u00edcias<\/a>","rttpg_excerpt":"Irm\u00e3o mais velho confessou autoria dos estupros para delegado e n\u00e3o teria expressado remorso Um lavrador de 60 anos e uma dom\u00e9stica de 33 anos foram presos em flagrante e o filho mais velho dela, de 17 anos, com passagem por ato infracional an\u00e1logo a tr\u00e1fico de drogas, protagonizaram uma hist\u00f3ria de viol\u00eancia extrema e&hellip;","_links":{"self":[{"href":"https:\/\/goias.gov.br\/policiacivil\/wp-json\/wp\/v2\/posts\/34615","targetHints":{"allow":["GET"]}}],"collection":[{"href":"https:\/\/goias.gov.br\/policiacivil\/wp-json\/wp\/v2\/posts"}],"about":[{"href":"https:\/\/goias.gov.br\/policiacivil\/wp-json\/wp\/v2\/types\/post"}],"author":[{"embeddable":true,"href":"https:\/\/goias.gov.br\/policiacivil\/wp-json\/wp\/v2\/users\/4"}],"replies":[{"embeddable":true,"href":"https:\/\/goias.gov.br\/policiacivil\/wp-json\/wp\/v2\/comments?post=34615"}],"version-history":[{"count":0,"href":"https:\/\/goias.gov.br\/policiacivil\/wp-json\/wp\/v2\/posts\/34615\/revisions"}],"wp:featuredmedia":[{"embeddable":true,"href":"https:\/\/goias.gov.br\/policiacivil\/wp-json\/wp\/v2\/media\/34616"}],"wp:attachment":[{"href":"https:\/\/goias.gov.br\/policiacivil\/wp-json\/wp\/v2\/media?parent=34615"}],"wp:term":[{"taxonomy":"category","embeddable":true,"href":"https:\/\/goias.gov.br\/policiacivil\/wp-json\/wp\/v2\/categories?post=34615"},{"taxonomy":"post_tag","embeddable":true,"href":"https:\/\/goias.gov.br\/policiacivil\/wp-json\/wp\/v2\/tags?post=34615"}],"curies":[{"name":"wp","href":"https:\/\/api.w.org\/{rel}","templated":true}]}}